{"id":42986,"date":"2023-04-28T17:14:33","date_gmt":"2023-04-28T23:14:33","guid":{"rendered":"https:\/\/informativoelvalledeaguascalientes.online\/?p=42986"},"modified":"2023-04-28T17:14:33","modified_gmt":"2023-04-28T23:14:33","slug":"contaba-con-una-orden-de-aprehension-y-fue-detenido-sspe-ags","status":"publish","type":"post","link":"https:\/\/informativoelvalledeaguascalientes.online\/?p=42986","title":{"rendered":"CONTABA CON UNA ORDEN DE APREHENSI\u00d3N Y FUE DETENIDO: SSPE AGS."},"content":{"rendered":"<p><strong><a href=\"https:\/\/www.facebook.com\/hashtag\/informativoelvalledeaguascalientes\">#informativoelvalledeaguascalientes<\/a><\/strong><\/p>\n<p><strong><a href=\"https:\/\/www.facebook.com\/hashtag\/novaradioaguascalientes\">#novaradioaguascalientes<\/a><\/strong><\/p>\n<p><strong><a href=\"https:\/\/www.facebook.com\/GobiernodeAguascalientes\">#ElGiganteDeMexico<\/a><\/strong><\/p>\n<p>&nbsp;<\/p>\n<p>Como resultado de las consultas que de manera permanente se efect\u00faan en el C5i a veh\u00edculos o personas, polic\u00edas estatales, en coordinaci\u00f3n con polic\u00edas de Pabell\u00f3n de Arteaga, llevaron a cabo la detenci\u00f3n de un individuo que contaba con orden de aprehensi\u00f3n vigente por el delito de robo calificado, por lo cual ya se encuentra a disposici\u00f3n del Agente del Ministerio P\u00fablico del Fuero Com\u00fan.<\/p>\n<p>La detenci\u00f3n de Gonzalo, de 23 a\u00f1os, se efectu\u00f3 en el cruce que forman la avenida Aquiles Serd\u00e1n y Jos\u00e9 Mar\u00eda Ch\u00e1vez, cuando polic\u00edas realizaban sus recorridos de vigilancia en la zona centro, lugar en el que fue detectado ingiriendo bebidas embriagantes en la v\u00eda p\u00fablica.<\/p>\n","protected":false},"excerpt":{"rendered":"<p>#informativoelvalledeaguascalientes #novaradioaguascalientes #ElGiganteDeMexico &nbsp; Como resultado de las consultas que de manera permanente se efect\u00faan en el C5i a veh\u00edculos o personas, polic\u00edas estatales, en coordinaci\u00f3n con polic\u00edas de Pabell\u00f3n de Arteaga, llevaron a cabo la detenci\u00f3n de un individuo que contaba con orden de aprehensi\u00f3n vigente por el delito de robo calificado, por lo [&hellip;]<\/p>\n","protected":false},"author":1,"featured_media":42987,"comment_status":"closed","ping_status":"open","sticky":false,"template":"","format":"standard","meta":{"advanced_seo_description":"","jetpack_seo_html_title":"","jetpack_seo_noindex":false,"_jetpack_memberships_contains_paid_content":false,"footnotes":"","jetpack_publicize_message":"","jetpack_publicize_feature_enabled":true,"jetpack_social_post_already_shared":true,"jetpack_social_options":{"image_generator_settings":{"template":"highway","default_image_id":0,"font":"","enabled":false},"version":2}},"categories":[21,4],"tags":[22,615,122],"class_list":["post-42986","post","type-post","status-publish","format-standard","has-post-thumbnail","hentry","category-aguascalientes","category-gobierno-del-estado-aguascalientes","tag-aguascalientes","tag-gobierno-del-estado-de-aguascalientes","tag-sspe-aguascalientes"],"jetpack_publicize_connections":[],"jetpack_featured_media_url":"https:\/\/i0.wp.com\/informativoelvalledeaguascalientes.online\/wp-content\/uploads\/2023\/04\/sspe-orden-ap.jpg?fit=1035%2C1015&ssl=1","jetpack-related-posts":[],"jetpack_sharing_enabled":true,"jetpack_likes_enabled":true,"_links":{"self":[{"href":"https:\/\/informativoelvalledeaguascalientes.online\/index.php?rest_route=\/wp\/v2\/posts\/42986","targetHints":{"allow":["GET"]}}],"collection":[{"href":"https:\/\/informativoelvalledeaguascalientes.online\/index.php?rest_route=\/wp\/v2\/posts"}],"about":[{"href":"https:\/\/informativoelvalledeaguascalientes.online\/index.php?rest_route=\/wp\/v2\/types\/post"}],"author":[{"embeddable":true,"href":"https:\/\/informativoelvalledeaguascalientes.online\/index.php?rest_route=\/wp\/v2\/users\/1"}],"replies":[{"embeddable":true,"href":"https:\/\/informativoelvalledeaguascalientes.online\/index.php?rest_route=%2Fwp%2Fv2%2Fcomments&post=42986"}],"version-history":[{"count":1,"href":"https:\/\/informativoelvalledeaguascalientes.online\/index.php?rest_route=\/wp\/v2\/posts\/42986\/revisions"}],"predecessor-version":[{"id":42988,"href":"https:\/\/informativoelvalledeaguascalientes.online\/index.php?rest_route=\/wp\/v2\/posts\/42986\/revisions\/42988"}],"wp:featuredmedia":[{"embeddable":true,"href":"https:\/\/informativoelvalledeaguascalientes.online\/index.php?rest_route=\/wp\/v2\/media\/42987"}],"wp:attachment":[{"href":"https:\/\/informativoelvalledeaguascalientes.online\/index.php?rest_route=%2Fwp%2Fv2%2Fmedia&parent=42986"}],"wp:term":[{"taxonomy":"category","embeddable":true,"href":"https:\/\/informativoelvalledeaguascalientes.online\/index.php?rest_route=%2Fwp%2Fv2%2Fcategories&post=42986"},{"taxonomy":"post_tag","embeddable":true,"href":"https:\/\/informativoelvalledeaguascalientes.online\/index.php?rest_route=%2Fwp%2Fv2%2Ftags&post=42986"}],"curies":[{"name":"wp","href":"https:\/\/api.w.org\/{rel}","templated":true}]}}