{"id":4280,"date":"2020-03-18T19:48:28","date_gmt":"2020-03-19T01:48:28","guid":{"rendered":"https:\/\/informativoelvalledeaguascalientes.online\/?p=4280"},"modified":"2020-03-18T19:48:28","modified_gmt":"2020-03-19T01:48:28","slug":"gobernador-mos-entrega-infraestructura-para-favorecer-el-acceso-a-una-justicia-pronta-y-expedita","status":"publish","type":"post","link":"https:\/\/informativoelvalledeaguascalientes.online\/?p=4280","title":{"rendered":"GOBERNADOR MOS ENTREGA INFRAESTRUCTURA PARA FAVORECER EL ACCESO A UNA JUSTICIA PRONTA Y EXPEDITA\u00a0"},"content":{"rendered":"<ul>\n<li dir=\"ltr\">\n<p dir=\"ltr\">El mandatario estatal entreg\u00f3 la nueva sede del Tribunal de Justicia Administrativa<\/p>\n<\/li>\n<li dir=\"ltr\">\n<p dir=\"ltr\">Este espacio permitir\u00e1 que se asegure el estado de derecho en la entidad<\/p>\n<\/li>\n<\/ul>\n<p>&nbsp;<\/p>\n<p dir=\"ltr\">Respondiendo a la exigencia ciudadana de fortalecer el acceso a una justicia m\u00e1s pronta, expedita, m\u00e1s \u00e1gil y de calidad, el gobernador Mart\u00edn Orozco Sandoval entreg\u00f3 el edificio de la Sala Regional del Centro I del Tribunal Federal de Justicia Administrativa en Aguascalientes.<\/p>\n<p>&nbsp;<\/p>\n<p dir=\"ltr\">El mandatario estatal se\u00f1al\u00f3 que gracias al trabajo en conjunto entre los niveles del gobierno, fue posible construir estas instalaciones dignas para que todos los colaboradores del Tribunal Federal se desempe\u00f1en de la mejor manera, buscando siempre la justicia ciudadana.<\/p>\n<p>&nbsp;<\/p>\n<p dir=\"ltr\">Cabe se\u00f1alar que el proyecto de obra fue ejecutado por la Secretar\u00eda de Obras P\u00fablicas Estatal; se destinaron cerca de 30 millones de pesos entre el Estado y la Federaci\u00f3n, contar\u00e1 con oficinas, \u00e1reas de archivos, comedor, consultorio m\u00e9dico, caseta de vigilancia y estacionamiento interno. Se beneficiar\u00e1 a m\u00e1s de un mill\u00f3n 300 mil personas.<\/p>\n<p>&nbsp;<\/p>\n<p dir=\"ltr\">En su momento, Carlos Chaurand Arzate, en representaci\u00f3n de Rafael Anzures Uribe, Magistrado Presidente del Tribunal Federal de Justicia Administrativa, agradeci\u00f3 al mandatario estatal por el esfuerzo extraordinario para realizar este edificio, asimismo, hizo un llamado a los trabajadores a mantener una actitud honesta y transparente para que mediante su labor diaria se asegure el respeto al estado de derecho en Aguascalientes.<\/p>\n<p>&nbsp;<\/p>\n<p dir=\"ltr\">Finalmente, la secretaria general de Gobierno, Siomar Eline Estrada Cruz, resalt\u00f3 que un espacio de vanguardia como el reci\u00e9n inaugurado permite la impartici\u00f3n de justicia de forma eficiente. Resalt\u00f3 que la entidad cuenta con instituciones aut\u00f3nomas fuertes y que impulsan el desarrollo social y econ\u00f3mico de la ciudad.<\/p>\n","protected":false},"excerpt":{"rendered":"<p>El mandatario estatal entreg\u00f3 la nueva sede del Tribunal de Justicia Administrativa Este espacio permitir\u00e1 que se asegure el estado de derecho en la entidad &nbsp; Respondiendo a la exigencia ciudadana de fortalecer el acceso a una justicia m\u00e1s pronta, expedita, m\u00e1s \u00e1gil y de calidad, el gobernador Mart\u00edn Orozco Sandoval entreg\u00f3 el edificio de [&hellip;]<\/p>\n","protected":false},"author":1,"featured_media":4281,"comment_status":"closed","ping_status":"open","sticky":false,"template":"","format":"standard","meta":{"advanced_seo_description":"","jetpack_seo_html_title":"","jetpack_seo_noindex":false,"_jetpack_memberships_contains_paid_content":false,"footnotes":"","jetpack_publicize_message":"","jetpack_publicize_feature_enabled":true,"jetpack_social_post_already_shared":true,"jetpack_social_options":{"image_generator_settings":{"template":"highway","default_image_id":0,"font":"","enabled":false},"version":2}},"categories":[21,4],"tags":[22,31],"class_list":["post-4280","post","type-post","status-publish","format-standard","has-post-thumbnail","hentry","category-aguascalientes","category-gobierno-del-estado-aguascalientes","tag-aguascalientes","tag-mos"],"jetpack_publicize_connections":[],"jetpack_featured_media_url":"https:\/\/i0.wp.com\/informativoelvalledeaguascalientes.online\/wp-content\/uploads\/2020\/03\/mos_justicia_17032020.jpg?fit=1024%2C683&ssl=1","jetpack-related-posts":[],"jetpack_sharing_enabled":true,"jetpack_likes_enabled":true,"_links":{"self":[{"href":"https:\/\/informativoelvalledeaguascalientes.online\/index.php?rest_route=\/wp\/v2\/posts\/4280","targetHints":{"allow":["GET"]}}],"collection":[{"href":"https:\/\/informativoelvalledeaguascalientes.online\/index.php?rest_route=\/wp\/v2\/posts"}],"about":[{"href":"https:\/\/informativoelvalledeaguascalientes.online\/index.php?rest_route=\/wp\/v2\/types\/post"}],"author":[{"embeddable":true,"href":"https:\/\/informativoelvalledeaguascalientes.online\/index.php?rest_route=\/wp\/v2\/users\/1"}],"replies":[{"embeddable":true,"href":"https:\/\/informativoelvalledeaguascalientes.online\/index.php?rest_route=%2Fwp%2Fv2%2Fcomments&post=4280"}],"version-history":[{"count":1,"href":"https:\/\/informativoelvalledeaguascalientes.online\/index.php?rest_route=\/wp\/v2\/posts\/4280\/revisions"}],"predecessor-version":[{"id":4282,"href":"https:\/\/informativoelvalledeaguascalientes.online\/index.php?rest_route=\/wp\/v2\/posts\/4280\/revisions\/4282"}],"wp:featuredmedia":[{"embeddable":true,"href":"https:\/\/informativoelvalledeaguascalientes.online\/index.php?rest_route=\/wp\/v2\/media\/4281"}],"wp:attachment":[{"href":"https:\/\/informativoelvalledeaguascalientes.online\/index.php?rest_route=%2Fwp%2Fv2%2Fmedia&parent=4280"}],"wp:term":[{"taxonomy":"category","embeddable":true,"href":"https:\/\/informativoelvalledeaguascalientes.online\/index.php?rest_route=%2Fwp%2Fv2%2Fcategories&post=4280"},{"taxonomy":"post_tag","embeddable":true,"href":"https:\/\/informativoelvalledeaguascalientes.online\/index.php?rest_route=%2Fwp%2Fv2%2Ftags&post=4280"}],"curies":[{"name":"wp","href":"https:\/\/api.w.org\/{rel}","templated":true}]}}