{"id":42732,"date":"2023-04-23T00:01:31","date_gmt":"2023-04-23T06:01:31","guid":{"rendered":"https:\/\/informativoelvalledeaguascalientes.online\/?p=42732"},"modified":"2023-04-23T00:01:31","modified_gmt":"2023-04-23T06:01:31","slug":"fnsm2023-en-el-foro-de-las-estrellas-se-abrazaron-lasso-y-sus-fans-a-traves-de-su-musica","status":"publish","type":"post","link":"https:\/\/informativoelvalledeaguascalientes.online\/?p=42732","title":{"rendered":"#FNSM2023 EN EL FORO DE LAS ESTRELLAS SE ABRAZARON LASSO Y SUS FANS A TRAV\u00c9S. DE SU M\u00daSICA"},"content":{"rendered":"<p><strong><a href=\"https:\/\/www.facebook.com\/hashtag\/informativoelvalledeaguascalientes\">#informativoelvalledeaguascalientes<\/a><\/strong><\/p>\n<p><strong><a href=\"https:\/\/www.facebook.com\/hashtag\/novaradioaguascalientes\">#novaradioaguascalientes<\/a><\/strong><\/p>\n<p><strong><a href=\"https:\/\/www.facebook.com\/GobiernodeAguascalientes\">#ElGiganteDeMexico<\/a><\/strong><\/p>\n<p>&nbsp;<\/p>\n<p>Como parte de su gira mundial 2023 \u201cQu\u00e9date solo para siempre\u201d, el cantante venezolano L Lasso incluy\u00f3 a Aguascalientes y fue el Foro de las Estrellas el escenario que eligi\u00f3 para presentarse ante sus fans que lo abrazaron al entonar cada una de las canciones que present\u00f3 en el marco de la Feria Nacional de San Marcos 2023.<\/p>\n<p>El concierto que present\u00f3 a los aguascalentenses fue dividido por estaciones del a\u00f1o, de ah\u00ed que el inicio fue con canciones como \u201cYo-yo\u201d, \u201cVamos a mi ritmo\u201d, para lo que por cierto, previamente tuvo un breve di\u00e1logo con parte de su p\u00fablico, al contar la historia para que naciera la letra de esa canci\u00f3n.<\/p>\n<p>Para la secci\u00f3n denominada \u201cVerano\u201d, interpret\u00f3 \u201cEva\u201d en ac\u00fastico, \u201cPl\u00e1stico\u201d, \u201cJulia\u201d y \u201cHasta ese d\u00eda\u201d. Al llegar al \u201cOto\u00f1o\u201d, la elecci\u00f3n de sus canciones que siguieron siendo coreadas por los asistentes fueron \u201cSouvenir\u201d, \u201cKamikaze\u201d y \u201cCorriendo con tijeras\u201d, previo al final llegaron las canciones que se han convertido en sus principales \u00e9xitos como son \u201cOjos Marrones\u201d, \u201cUn mill\u00f3n como t\u00fa\u201d, \u201cOdio que no te odio\u201d, entre otras.<\/p>\n<p>El artista venezolano se despidi\u00f3 no sin antes agradecer a los aguascalentenses el calor con el que fue recibido y se fue con el \u00e1nimo de continuar con esta gira internacional.<\/p>\n","protected":false},"excerpt":{"rendered":"<p>#informativoelvalledeaguascalientes #novaradioaguascalientes #ElGiganteDeMexico &nbsp; Como parte de su gira mundial 2023 \u201cQu\u00e9date solo para siempre\u201d, el cantante venezolano L Lasso incluy\u00f3 a Aguascalientes y fue el Foro de las Estrellas el escenario que eligi\u00f3 para presentarse ante sus fans que lo abrazaron al entonar cada una de las canciones que present\u00f3 en el marco de [&hellip;]<\/p>\n","protected":false},"author":1,"featured_media":42733,"comment_status":"closed","ping_status":"open","sticky":false,"template":"","format":"standard","meta":{"advanced_seo_description":"","jetpack_seo_html_title":"","jetpack_seo_noindex":false,"_jetpack_memberships_contains_paid_content":false,"footnotes":"","jetpack_publicize_message":"","jetpack_publicize_feature_enabled":true,"jetpack_social_post_already_shared":true,"jetpack_social_options":{"image_generator_settings":{"template":"highway","default_image_id":0,"font":"","enabled":false},"version":2}},"categories":[21,4],"tags":[22,615],"class_list":["post-42732","post","type-post","status-publish","format-standard","has-post-thumbnail","hentry","category-aguascalientes","category-gobierno-del-estado-aguascalientes","tag-aguascalientes","tag-gobierno-del-estado-de-aguascalientes"],"jetpack_publicize_connections":[],"jetpack_featured_media_url":"https:\/\/i0.wp.com\/informativoelvalledeaguascalientes.online\/wp-content\/uploads\/2023\/04\/lasso-foro-2023.jpg?fit=1079%2C731&ssl=1","jetpack-related-posts":[],"jetpack_sharing_enabled":true,"jetpack_likes_enabled":true,"_links":{"self":[{"href":"https:\/\/informativoelvalledeaguascalientes.online\/index.php?rest_route=\/wp\/v2\/posts\/42732","targetHints":{"allow":["GET"]}}],"collection":[{"href":"https:\/\/informativoelvalledeaguascalientes.online\/index.php?rest_route=\/wp\/v2\/posts"}],"about":[{"href":"https:\/\/informativoelvalledeaguascalientes.online\/index.php?rest_route=\/wp\/v2\/types\/post"}],"author":[{"embeddable":true,"href":"https:\/\/informativoelvalledeaguascalientes.online\/index.php?rest_route=\/wp\/v2\/users\/1"}],"replies":[{"embeddable":true,"href":"https:\/\/informativoelvalledeaguascalientes.online\/index.php?rest_route=%2Fwp%2Fv2%2Fcomments&post=42732"}],"version-history":[{"count":1,"href":"https:\/\/informativoelvalledeaguascalientes.online\/index.php?rest_route=\/wp\/v2\/posts\/42732\/revisions"}],"predecessor-version":[{"id":42734,"href":"https:\/\/informativoelvalledeaguascalientes.online\/index.php?rest_route=\/wp\/v2\/posts\/42732\/revisions\/42734"}],"wp:featuredmedia":[{"embeddable":true,"href":"https:\/\/informativoelvalledeaguascalientes.online\/index.php?rest_route=\/wp\/v2\/media\/42733"}],"wp:attachment":[{"href":"https:\/\/informativoelvalledeaguascalientes.online\/index.php?rest_route=%2Fwp%2Fv2%2Fmedia&parent=42732"}],"wp:term":[{"taxonomy":"category","embeddable":true,"href":"https:\/\/informativoelvalledeaguascalientes.online\/index.php?rest_route=%2Fwp%2Fv2%2Fcategories&post=42732"},{"taxonomy":"post_tag","embeddable":true,"href":"https:\/\/informativoelvalledeaguascalientes.online\/index.php?rest_route=%2Fwp%2Fv2%2Ftags&post=42732"}],"curies":[{"name":"wp","href":"https:\/\/api.w.org\/{rel}","templated":true}]}}