{"id":42725,"date":"2023-04-22T23:45:05","date_gmt":"2023-04-23T05:45:05","guid":{"rendered":"https:\/\/informativoelvalledeaguascalientes.online\/?p=42725"},"modified":"2023-04-22T23:45:05","modified_gmt":"2023-04-23T05:45:05","slug":"invita-tere-jimenez-a-las-familias-a-visitar-los-atractivos-que-ofrece-la-isla-san-marcos-como-parte-de-la-fnsm2023","status":"publish","type":"post","link":"https:\/\/informativoelvalledeaguascalientes.online\/?p=42725","title":{"rendered":"INVITA TERE JIM\u00c9NEZ A LAS FAMILIAS A VISITAR LOS ATRACTIVOS QUE OFRECE LA ISLA SAN MARCOS COMO PARTE DE LA #FNSM2023"},"content":{"rendered":"<p><strong><a href=\"https:\/\/www.facebook.com\/hashtag\/informativoelvalledeaguascalientes\">#informativoelvalledeaguascalientes<\/a><\/strong><\/p>\n<p><strong><a href=\"https:\/\/www.facebook.com\/hashtag\/novaradioaguascalientes\">#novaradioaguascalientes<\/a><\/strong><\/p>\n<p><strong><a href=\"https:\/\/www.facebook.com\/GobiernodeAguascalientes\">#ElGiganteDeMexico<\/a><\/strong><\/p>\n<p>&nbsp;<\/p>\n<ul class=\"public-DraftStyleDefault-ul\">\n<li id=\"viewer-foo\" class=\"_3Kjjs _78FBa public-DraftStyleDefault-unorderedListItem public-DraftStyleDefault-depth0 public-DraftStyleDefault-list-ltr fixed-tab-size public-DraftStyleDefault-reset _1FoOD _78FBa\">\n<p class=\"_1j-51 _1FoOD _78FBa undefined\"><strong><em>Encabeza Tere Jim\u00e9nez la inauguraci\u00f3n del estand de la Secretar\u00eda de Seguridad P\u00fablica del Estado, el pabell\u00f3n Hecho en Aguascalientes y las exposiciones Ganadera y Agroalimentaria<\/em><\/strong><\/p>\n<\/li>\n<li id=\"viewer-wvumo101\" class=\"_3Kjjs _78FBa public-DraftStyleDefault-unorderedListItem public-DraftStyleDefault-depth0 public-DraftStyleDefault-list-ltr fixed-tab-size _1FoOD _78FBa\">\n<p class=\"_1j-51 _1FoOD _78FBa undefined\"><strong><em>Invita a las familias a visitar las exposiciones y pabellones que representan un espacio de promoci\u00f3n para los emprendedores<\/em><\/strong><\/p>\n<\/li>\n<li id=\"viewer-20a4r104\" class=\"_3Kjjs _78FBa public-DraftStyleDefault-unorderedListItem public-DraftStyleDefault-depth0 public-DraftStyleDefault-list-ltr fixed-tab-size _1FoOD _78FBa\">\n<p class=\"_1j-51 _1FoOD _78FBa undefined\"><strong><em>En el estand de la SSPE, hizo un llamado a la Polic\u00eda a dar su mayor esfuerzo en el blindaje que se hace en el estado<\/em><\/strong><\/p>\n<\/li>\n<\/ul>\n<div id=\"viewer-iu0t9106\" class=\"mm8Nw _1j-51 _1FoOD _3M0Fe public-DraftStyleDefault-block-depth0 fixed-tab-size public-DraftStyleDefault-text-ltr\"><span class=\"_2PHJq public-DraftStyleDefault-ltr\">\u00a0<\/span><\/div>\n<p id=\"viewer-x3mli108\" class=\"mm8Nw _1j-51 _1FoOD _78FBa public-DraftStyleDefault-block-depth0 fixed-tab-size public-DraftStyleDefault-text-ltr\"><span class=\"_2PHJq public-DraftStyleDefault-ltr\">La gobernadora de Aguascalientes, Tere Jim\u00e9nez, inaugur\u00f3 este fin de semana el estand de la Secretar\u00eda de Seguridad P\u00fablica del Estado (SSPE), as\u00ed como el pabell\u00f3n Hecho en Aguascalientes y las exposiciones Ganadera y Agroalimentaria, que forman parte de las actividades que se realizan en la Feria Nacional de San Marcos (FNSM) 2023.\u00a0<\/span><\/p>\n<div id=\"viewer-572eg110\" class=\"mm8Nw _1j-51 _1FoOD _78FBa public-DraftStyleDefault-block-depth0 fixed-tab-size public-DraftStyleDefault-text-ltr\"><span class=\"_2PHJq public-DraftStyleDefault-ltr\">\u00a0<\/span><\/div>\n<p id=\"viewer-4ebi6111\" class=\"mm8Nw _1j-51 _1FoOD _78FBa public-DraftStyleDefault-block-depth0 fixed-tab-size public-DraftStyleDefault-text-ltr\"><span class=\"_2PHJq public-DraftStyleDefault-ltr\">En el pabell\u00f3n de la SSPE, instalado en el Centro de Convenciones, de la Isla San Marcos, llam\u00f3 a los oficiales a dar su mayor esfuerzo en el blindaje que se hace en el estado, adem\u00e1s, conoci\u00f3 las actividades que se realizan en el estand, entre las que destacan el mini C5, en el cual los m\u00e1s peque\u00f1os descubren la tecnolog\u00eda que se utiliza; tambi\u00e9n visit\u00f3 el \u00e1rea destinada a la Polic\u00eda Cibern\u00e9tica y el\u00a0 simulador virtual de vuelo en helic\u00f3ptero.\u00a0<\/span><\/p>\n<div id=\"viewer-d0oy8113\" class=\"mm8Nw _1j-51 _1FoOD _78FBa public-DraftStyleDefault-block-depth0 fixed-tab-size public-DraftStyleDefault-text-ltr\"><span class=\"_2PHJq public-DraftStyleDefault-ltr\">\u00a0<\/span><\/div>\n<p id=\"viewer-609pt114\" class=\"mm8Nw _1j-51 _1FoOD _78FBa public-DraftStyleDefault-block-depth0 fixed-tab-size public-DraftStyleDefault-text-ltr\"><span class=\"_2PHJq public-DraftStyleDefault-ltr\">Cabe destacar que en el pabell\u00f3n se ofrecen servicios y actividades para los adultos, como la renovaci\u00f3n de licencias de conducir y los lentes Fatal Vision, con los que se puede conocer las reacciones que tiene el cuerpo por el consumo excesivo de alcohol.\u00a0\u00a0<\/span><\/p>\n<div id=\"viewer-41z9b116\" class=\"mm8Nw _1j-51 _1FoOD _78FBa public-DraftStyleDefault-block-depth0 fixed-tab-size public-DraftStyleDefault-text-ltr\"><span class=\"_2PHJq public-DraftStyleDefault-ltr\">\u00a0<\/span><\/div>\n<p id=\"viewer-e8xv6117\" class=\"mm8Nw _1j-51 _1FoOD _78FBa public-DraftStyleDefault-block-depth0 fixed-tab-size public-DraftStyleDefault-text-ltr\"><span class=\"_2PHJq public-DraftStyleDefault-ltr\">Continuando con su recorrido por la Isla San Marcos, Tere Jim\u00e9nez y las autoridades que le acompa\u00f1aron hicieron el corte inaugural del pabell\u00f3n Hecho en Aguascalientes, donde participan m\u00e1s de 102 empresas locales que exhiben sus productos y servicios a los miles de visitantes que acuden a la verbena abrile\u00f1a, y en el cual se pueden encontrar desde dulces, postres, alimentos preparados, hasta\u00a0 bisuter\u00eda, deshilados, ropa y m\u00e1s.\u00a0<\/span><\/p>\n<div id=\"viewer-hrpbq119\" class=\"mm8Nw _1j-51 _1FoOD _78FBa public-DraftStyleDefault-block-depth0 fixed-tab-size public-DraftStyleDefault-text-ltr\"><span class=\"_2PHJq public-DraftStyleDefault-ltr\">\u00a0<\/span><\/div>\n<p id=\"viewer-40db2120\" class=\"mm8Nw _1j-51 _1FoOD _78FBa public-DraftStyleDefault-block-depth0 fixed-tab-size public-DraftStyleDefault-text-ltr\"><span class=\"_2PHJq public-DraftStyleDefault-ltr\">Tambi\u00e9n es posible conocer la Expo Industrial, en la que participan 18 empresas que fabrican varios productos que exportan a diferentes partes del mundo.\u00a0<\/span><\/p>\n<div id=\"viewer-ol70m122\" class=\"mm8Nw _1j-51 _1FoOD _78FBa public-DraftStyleDefault-block-depth0 fixed-tab-size public-DraftStyleDefault-text-ltr\"><span class=\"_2PHJq public-DraftStyleDefault-ltr\">\u00a0<\/span><\/div>\n<p id=\"viewer-4fjab123\" class=\"mm8Nw _1j-51 _1FoOD _78FBa public-DraftStyleDefault-block-depth0 fixed-tab-size public-DraftStyleDefault-text-ltr\"><span class=\"_2PHJq public-DraftStyleDefault-ltr\">Posteriormente, Tere Jim\u00e9nez realiz\u00f3 el corte inaugural de la Expo Ganadera, la m\u00e1s grande e importante de Latinoam\u00e9rica, donde se llevan a cabo siete exposiciones de ganado, dividida en dos etapas; contempla la exhibici\u00f3n de ganado bovino de carne y leche, ovino, caprino y porcino, procedente de Aguascalientes y diversos estados del pa\u00eds; en total participan 200 expositores con casi mil cabezas de ganado.<\/span><\/p>\n<div id=\"viewer-apr4o125\" class=\"mm8Nw _1j-51 _1FoOD _78FBa public-DraftStyleDefault-block-depth0 fixed-tab-size public-DraftStyleDefault-text-ltr\"><span class=\"_2PHJq public-DraftStyleDefault-ltr\">\u00a0<\/span><\/div>\n<p id=\"viewer-5vunp126\" class=\"mm8Nw _1j-51 _1FoOD _78FBa public-DraftStyleDefault-block-depth0 fixed-tab-size public-DraftStyleDefault-text-ltr\"><span class=\"_2PHJq public-DraftStyleDefault-ltr\">La gobernadora de Aguascalientes inaugur\u00f3 la Expo Agroalimentaria, en la cual colaboran m\u00e1s de 120 expositores que ofrecen sus productos elaborados en la capital y los municipios del estado, cabe destacar que algunos ya realizan exportaciones a otros pa\u00edses; las y los visitantes pueden disfrutar y adquirir panes, quesos, c\u00e1rnicos, embutidos, vinos, mezcales, cervezas artesanales y dulces t\u00edpicos, entre otros.\u00a0<\/span><\/p>\n<div id=\"viewer-vqfh1128\" class=\"mm8Nw _1j-51 _1FoOD _78FBa public-DraftStyleDefault-block-depth0 fixed-tab-size public-DraftStyleDefault-text-ltr\"><span class=\"_2PHJq public-DraftStyleDefault-ltr\">\u00a0<\/span><\/div>\n<p id=\"viewer-4zi4a129\" class=\"mm8Nw _1j-51 _1FoOD _78FBa public-DraftStyleDefault-block-depth0 fixed-tab-size public-DraftStyleDefault-text-ltr\"><span class=\"_2PHJq public-DraftStyleDefault-ltr\">Despu\u00e9s, la gobernadora visit\u00f3 la Zona Agr\u00edcola, en donde productores de todos los municipios muestran lo que se cosecha en el estado mediante una exhibici\u00f3n de sus cultivos.<\/span><\/p>\n<div id=\"viewer-oolru131\" class=\"mm8Nw _1j-51 _1FoOD _78FBa public-DraftStyleDefault-block-depth0 fixed-tab-size public-DraftStyleDefault-text-ltr\"><span class=\"_2PHJq public-DraftStyleDefault-ltr\">\u00a0<\/span><\/div>\n<p id=\"viewer-ja4v1132\" class=\"mm8Nw _1j-51 _1FoOD _78FBa public-DraftStyleDefault-block-depth0 fixed-tab-size public-DraftStyleDefault-text-ltr\"><span class=\"_2PHJq public-DraftStyleDefault-ltr\">Adem\u00e1s, recorri\u00f3 la Expo y Mercado Mundial del Caballo, donde se realizan ocho exhibiciones divididas en cuatro etapas, con la participaci\u00f3n de m\u00e1s de 900 ejemplares en competencias, presentaciones de doma y espect\u00e1culos; en este lugar, Tere Jim\u00e9nez realiz\u00f3 el corte del list\u00f3n de la pista ecuestre.\u00a0<\/span><\/p>\n<div id=\"viewer-jk1kg134\" class=\"mm8Nw _1j-51 _1FoOD _78FBa public-DraftStyleDefault-block-depth0 fixed-tab-size public-DraftStyleDefault-text-ltr\"><span class=\"_2PHJq public-DraftStyleDefault-ltr\">\u00a0<\/span><\/div>\n<p id=\"viewer-4duwz135\" class=\"mm8Nw _1j-51 _1FoOD _78FBa public-DraftStyleDefault-block-depth0 fixed-tab-size public-DraftStyleDefault-text-ltr\"><span class=\"_2PHJq public-DraftStyleDefault-ltr\">Finalmente, la gobernadora de Aguascalientes invit\u00f3 a las familias a visitar las exposiciones y pabellones que representan un espacio de promoci\u00f3n para el emprendimiento local y que ofrecen al p\u00fablico una infinidad de productos y servicios de gran calidad, en apoyo al comercio y la econom\u00eda de Aguascalientes.<\/span><\/p>\n<div id=\"viewer-dq29l137\" class=\"mm8Nw _1j-51 _1FoOD _78FBa public-DraftStyleDefault-block-depth0 fixed-tab-size public-DraftStyleDefault-text-ltr\"><span class=\"_2PHJq public-DraftStyleDefault-ltr\">\u00a0<\/span><\/div>\n<p id=\"viewer-aukcd138\" class=\"mm8Nw _1j-51 _1FoOD _78FBa public-DraftStyleDefault-block-depth0 fixed-tab-size public-DraftStyleDefault-text-ltr\"><span class=\"_2PHJq public-DraftStyleDefault-ltr\">Durante el recorrido, estuvieron presentes Aurora Jim\u00e9nez Esquivel, primera voluntaria y presidenta del Sistema DIF Estatal; Jos\u00e9 \u00c1ngel Gonz\u00e1lez Serna, presidente del Patronato de la Feria Nacional de San Marcos; Yosel\u00edn I, reina de la FNSM 2023, acompa\u00f1ada de sus princesas Ximena y Carolina; as\u00ed como diputados locales, y funcionarios estatales, entre otras autoridades.<\/span><\/p>\n<div id=\"viewer-kosfr140\" class=\"mm8Nw _1j-51 _1FoOD _78FBa public-DraftStyleDefault-block-depth0 fixed-tab-size public-DraftStyleDefault-text-ltr\"><span class=\"_2PHJq public-DraftStyleDefault-ltr\">\u00a0<\/span><\/div>\n<div id=\"viewer-vvdzy141\" class=\"mm8Nw _1j-51 _1FoOD _3M0Fe public-DraftStyleDefault-block-depth0 fixed-tab-size public-DraftStyleDefault-text-ltr\"><\/div>\n","protected":false},"excerpt":{"rendered":"<p>#informativoelvalledeaguascalientes #novaradioaguascalientes #ElGiganteDeMexico &nbsp; Encabeza Tere Jim\u00e9nez la inauguraci\u00f3n del estand de la Secretar\u00eda de Seguridad P\u00fablica del Estado, el pabell\u00f3n Hecho en Aguascalientes y las exposiciones Ganadera y Agroalimentaria Invita a las familias a visitar las exposiciones y pabellones que representan un espacio de promoci\u00f3n para los emprendedores En el estand de la SSPE, [&hellip;]<\/p>\n","protected":false},"author":1,"featured_media":42726,"comment_status":"closed","ping_status":"open","sticky":false,"template":"","format":"standard","meta":{"advanced_seo_description":"","jetpack_seo_html_title":"","jetpack_seo_noindex":false,"_jetpack_memberships_contains_paid_content":false,"footnotes":"","jetpack_publicize_message":"","jetpack_publicize_feature_enabled":true,"jetpack_social_post_already_shared":true,"jetpack_social_options":{"image_generator_settings":{"template":"highway","default_image_id":0,"font":"","enabled":false},"version":2}},"categories":[21,4],"tags":[22,615,122,320],"class_list":["post-42725","post","type-post","status-publish","format-standard","has-post-thumbnail","hentry","category-aguascalientes","category-gobierno-del-estado-aguascalientes","tag-aguascalientes","tag-gobierno-del-estado-de-aguascalientes","tag-sspe-aguascalientes","tag-tere-jimenez"],"jetpack_publicize_connections":[],"jetpack_featured_media_url":"https:\/\/i0.wp.com\/informativoelvalledeaguascalientes.online\/wp-content\/uploads\/2023\/04\/gob-edo-sspe-tj.webp?fit=630%2C420&ssl=1","jetpack-related-posts":[],"jetpack_sharing_enabled":true,"jetpack_likes_enabled":true,"_links":{"self":[{"href":"https:\/\/informativoelvalledeaguascalientes.online\/index.php?rest_route=\/wp\/v2\/posts\/42725","targetHints":{"allow":["GET"]}}],"collection":[{"href":"https:\/\/informativoelvalledeaguascalientes.online\/index.php?rest_route=\/wp\/v2\/posts"}],"about":[{"href":"https:\/\/informativoelvalledeaguascalientes.online\/index.php?rest_route=\/wp\/v2\/types\/post"}],"author":[{"embeddable":true,"href":"https:\/\/informativoelvalledeaguascalientes.online\/index.php?rest_route=\/wp\/v2\/users\/1"}],"replies":[{"embeddable":true,"href":"https:\/\/informativoelvalledeaguascalientes.online\/index.php?rest_route=%2Fwp%2Fv2%2Fcomments&post=42725"}],"version-history":[{"count":1,"href":"https:\/\/informativoelvalledeaguascalientes.online\/index.php?rest_route=\/wp\/v2\/posts\/42725\/revisions"}],"predecessor-version":[{"id":42727,"href":"https:\/\/informativoelvalledeaguascalientes.online\/index.php?rest_route=\/wp\/v2\/posts\/42725\/revisions\/42727"}],"wp:featuredmedia":[{"embeddable":true,"href":"https:\/\/informativoelvalledeaguascalientes.online\/index.php?rest_route=\/wp\/v2\/media\/42726"}],"wp:attachment":[{"href":"https:\/\/informativoelvalledeaguascalientes.online\/index.php?rest_route=%2Fwp%2Fv2%2Fmedia&parent=42725"}],"wp:term":[{"taxonomy":"category","embeddable":true,"href":"https:\/\/informativoelvalledeaguascalientes.online\/index.php?rest_route=%2Fwp%2Fv2%2Fcategories&post=42725"},{"taxonomy":"post_tag","embeddable":true,"href":"https:\/\/informativoelvalledeaguascalientes.online\/index.php?rest_route=%2Fwp%2Fv2%2Ftags&post=42725"}],"curies":[{"name":"wp","href":"https:\/\/api.w.org\/{rel}","templated":true}]}}