{"id":4272,"date":"2020-03-17T19:19:11","date_gmt":"2020-03-18T01:19:11","guid":{"rendered":"https:\/\/informativoelvalledeaguascalientes.online\/?p=4272"},"modified":"2020-03-17T19:19:11","modified_gmt":"2020-03-18T01:19:11","slug":"el-gobierno-municipal-de-calvillo-coordina-las-acciones-de-prevencion-para-enfrentar-la-contingencia-sanitaria-del-covid-19","status":"publish","type":"post","link":"https:\/\/informativoelvalledeaguascalientes.online\/?p=4272","title":{"rendered":"El gobierno municipal de Calvillo coordina las acciones de prevenci\u00f3n para enfrentar la contingencia sanitaria del COVID-19"},"content":{"rendered":"<p><strong><em>El gobierno municipal de Calvillo implementar\u00e1 diversas acciones de prevenci\u00f3n en coordinaci\u00f3n con los diversos sectores sociales y productivos del municipio.<\/em><\/strong><\/p>\n<p>El presidente municipal de Calvillo, Ad\u00e1n Valdivia L\u00f3pez, se reuni\u00f3 este martes 17 de marzo con los integrantes del gabinete municipal para coordinar las acciones de informaci\u00f3n y prevenci\u00f3n para enfrentar la contingencia sanitaria derivada de la presencia del COVI019 (Coronavirus) en el pa\u00eds y en el estado.<\/p>\n<p>En coordinaci\u00f3n con el Gobierno del Estado de Aguascalientes, el alcalde Ad\u00e1n Valdivia instruy\u00f3 a los titulares de las dependencias municipales a realizar las siguientes acciones:<\/p>\n<p>&#8211; Reuniones extraordinarias de los comit\u00e9s y consejos municipales para acordar acciones de prevenci\u00f3n.<\/p>\n<p>&#8211; Reuniones con los sectores productivos del municipio para implementar medidas enfocadas a la prevenci\u00f3n.<\/p>\n<p>&#8211; Implementar protocolos de prevenci\u00f3n en los centros de trabajo.<\/p>\n<p>&#8211; Suspender hasta nuevo aviso la actividad de las ligas deportivas de futbol, b\u00e9isbol, futbol femenil, voleibol, softbol y b\u00e1squetbol.<\/p>\n<p>&#8211; Suspender eventos masivos.<\/p>\n<p>&#8211; Recomendar a la ciudadan\u00eda tener cuidados especiales con personas de la tercera edad, mujeres embarazadas y ni\u00f1os por tener mayor susceptibilidad de contagio.<\/p>\n<p>&#8211; Exhortar a la ciudadan\u00eda a consumir productos locales, adquirir comida para llevar y a disminuir su presencia en lugares concurridos.<\/p>\n<p>&#8211; Mantener la prestaci\u00f3n de servicios p\u00fablicos y realizaci\u00f3n de tr\u00e1mites por parte del gobierno municipal en los horarios acostumbrados.<\/p>\n<p>&#8211; Difundir por los canales de comunicaci\u00f3n oficiales la informaci\u00f3n disponible para que la ciudadan\u00eda conozca las acciones de prevenci\u00f3n recomendadas por las autoridades del Sector Salud.<\/p>\n<p>El presidente municipal Ad\u00e1n Valdivia a\u00f1adi\u00f3 que el gobierno municipal estar\u00e1 atento al desarrollo de la contingencia sanitaria derivada de la presencia del COVID-19 (Coronavirus) para implementar las medidas extraordinarias que lleguen a requerirse, de acuerdo a las instrucciones que determinen las autoridades del Sector Salud.<\/p>\n","protected":false},"excerpt":{"rendered":"<p>El gobierno municipal de Calvillo implementar\u00e1 diversas acciones de prevenci\u00f3n en coordinaci\u00f3n con los diversos sectores sociales y productivos del municipio. El presidente municipal de Calvillo, Ad\u00e1n Valdivia L\u00f3pez, se reuni\u00f3 este martes 17 de marzo con los integrantes del gabinete municipal para coordinar las acciones de informaci\u00f3n y prevenci\u00f3n para enfrentar la contingencia sanitaria [&hellip;]<\/p>\n","protected":false},"author":1,"featured_media":4273,"comment_status":"closed","ping_status":"open","sticky":false,"template":"","format":"standard","meta":{"advanced_seo_description":"","jetpack_seo_html_title":"","jetpack_seo_noindex":false,"_jetpack_memberships_contains_paid_content":false,"footnotes":"","jetpack_publicize_message":"","jetpack_publicize_feature_enabled":true,"jetpack_social_post_already_shared":true,"jetpack_social_options":{"image_generator_settings":{"template":"highway","default_image_id":0,"font":"","enabled":false},"version":2}},"categories":[21,13],"tags":[22,29],"class_list":["post-4272","post","type-post","status-publish","format-standard","has-post-thumbnail","hentry","category-aguascalientes","category-calvillo-aguascalientes","tag-aguascalientes","tag-calvillo-aguascalientes"],"jetpack_publicize_connections":[],"jetpack_featured_media_url":"https:\/\/i0.wp.com\/informativoelvalledeaguascalientes.online\/wp-content\/uploads\/2020\/03\/calvillo_ags_17032020.jpg?fit=949%2C631&ssl=1","jetpack-related-posts":[],"jetpack_sharing_enabled":true,"jetpack_likes_enabled":true,"_links":{"self":[{"href":"https:\/\/informativoelvalledeaguascalientes.online\/index.php?rest_route=\/wp\/v2\/posts\/4272","targetHints":{"allow":["GET"]}}],"collection":[{"href":"https:\/\/informativoelvalledeaguascalientes.online\/index.php?rest_route=\/wp\/v2\/posts"}],"about":[{"href":"https:\/\/informativoelvalledeaguascalientes.online\/index.php?rest_route=\/wp\/v2\/types\/post"}],"author":[{"embeddable":true,"href":"https:\/\/informativoelvalledeaguascalientes.online\/index.php?rest_route=\/wp\/v2\/users\/1"}],"replies":[{"embeddable":true,"href":"https:\/\/informativoelvalledeaguascalientes.online\/index.php?rest_route=%2Fwp%2Fv2%2Fcomments&post=4272"}],"version-history":[{"count":1,"href":"https:\/\/informativoelvalledeaguascalientes.online\/index.php?rest_route=\/wp\/v2\/posts\/4272\/revisions"}],"predecessor-version":[{"id":4274,"href":"https:\/\/informativoelvalledeaguascalientes.online\/index.php?rest_route=\/wp\/v2\/posts\/4272\/revisions\/4274"}],"wp:featuredmedia":[{"embeddable":true,"href":"https:\/\/informativoelvalledeaguascalientes.online\/index.php?rest_route=\/wp\/v2\/media\/4273"}],"wp:attachment":[{"href":"https:\/\/informativoelvalledeaguascalientes.online\/index.php?rest_route=%2Fwp%2Fv2%2Fmedia&parent=4272"}],"wp:term":[{"taxonomy":"category","embeddable":true,"href":"https:\/\/informativoelvalledeaguascalientes.online\/index.php?rest_route=%2Fwp%2Fv2%2Fcategories&post=4272"},{"taxonomy":"post_tag","embeddable":true,"href":"https:\/\/informativoelvalledeaguascalientes.online\/index.php?rest_route=%2Fwp%2Fv2%2Ftags&post=4272"}],"curies":[{"name":"wp","href":"https:\/\/api.w.org\/{rel}","templated":true}]}}