{"id":4256,"date":"2020-03-17T16:47:23","date_gmt":"2020-03-17T22:47:23","guid":{"rendered":"https:\/\/informativoelvalledeaguascalientes.online\/?p=4256"},"modified":"2020-03-17T16:47:23","modified_gmt":"2020-03-17T22:47:23","slug":"toma-accion-nacional-medidas-preventivas-frente-a-covid-19","status":"publish","type":"post","link":"https:\/\/informativoelvalledeaguascalientes.online\/?p=4256","title":{"rendered":"TOMA ACCI\u00d3N NACIONAL MEDIDAS PREVENTIVAS FRENTE A COVID-19"},"content":{"rendered":"<ul>\n<li style=\"font-weight: 400;\"><strong>Se cancelar\u00e1n las Asambleas Municipales, mismas que se llevar\u00edan a cabo el pr\u00f3ximo 22 de marzo.<\/strong><\/li>\n<\/ul>\n<p style=\"font-weight: 400;\"><strong>\u00a0<\/strong><\/p>\n<ul>\n<li style=\"font-weight: 400;\"><strong>Conforme se desarrolle el avance de la pandemia, Acci\u00f3n Nacional evaluar\u00e1 tomar otras medidas adicionales, apeg\u00e1ndonos a los protocolos.<\/strong><\/li>\n<\/ul>\n<p style=\"font-weight: 400;\"><strong>\u00a0<\/strong><\/p>\n<p style=\"font-weight: 400;\"><strong>\u00a0<\/strong><\/p>\n<p style=\"font-weight: 400;\"><strong>\u00a0\u00a0<\/strong>\u00a0\u00a0El Comit\u00e9 Directivo Estatal del PAN, implementar\u00e1 una serie de medidas preventivas para evitar la propagaci\u00f3n del Coronavirus, as\u00ed lo dio a conocer el presidente de Acci\u00f3n Nacional, Gustavo B\u00e1ez Leos.<\/p>\n<p style=\"font-weight: 400;\">\nEl dirigente panista dijo que se cancelar\u00e1n las Asambleas Municipales, mismas que se llevar\u00edan a cabo el pr\u00f3ximo 22 de marzo y se reducir\u00e1n al m\u00ednimo necesario las reuniones, adem\u00e1s de que se suspenden capacitaciones, realizando todas las que sean posibles de manera virtual.<\/p>\n<p style=\"font-weight: 400;\">\n<p style=\"font-weight: 400;\">\u00a0\u00a0\u00a0\u00a0\u00a0Cada oficina del partido contar\u00e1 con geles desinfectantes, que deber\u00e1n untarse en el momento de llegada y realizar\u00e1 limpieza constante de los espacios comunes.<\/p>\n<p style=\"font-weight: 400;\">\n<p style=\"font-weight: 400;\">\u00a0\u00a0\u00a0De igual modo se le pedir\u00e1 a todo el personal, as\u00ed como a la militancia que tenga alg\u00fan s\u00edntoma, malestar como dolor corporal, resfriado, temperatura de 38 grados, dolor en articulaciones, que no se presente en las oficinas del partido y que acuda de inmediato al servicio m\u00e9dico para su valoraci\u00f3n.<\/p>\n<p style=\"font-weight: 400;\">\nPor su parte, el dirigente estatal del PAN suspender\u00e1 de manera temporal sus giras, como una manera responsable de colaborar en la contenci\u00f3n del virus.<\/p>\n<p style=\"font-weight: 400;\">\n<p style=\"font-weight: 400;\">\u00a0\u00a0\u00a0Finalmente, a trav\u00e9s de nuestras oficinas y redes sociales difundiremos la informaci\u00f3n que proporcione la Organizaci\u00f3n Mundial de la Salud sobre los cuidados que se deben tener para evitar contagios.<\/p>\n<p style=\"font-weight: 400;\">\n<p style=\"font-weight: 400;\">\u00a0\u00a0\u00a0Conforme se desarrolle el avance de la pandemia, Acci\u00f3n Nacional evaluar\u00e1 tomar otras medidas adicionales, apeg\u00e1ndonos a los protocolos y recomendaciones de las autoridades sanitarias estatales, nacionales e internacionales.<\/p>\n","protected":false},"excerpt":{"rendered":"<p>Se cancelar\u00e1n las Asambleas Municipales, mismas que se llevar\u00edan a cabo el pr\u00f3ximo 22 de marzo. \u00a0 Conforme se desarrolle el avance de la pandemia, Acci\u00f3n Nacional evaluar\u00e1 tomar otras medidas adicionales, apeg\u00e1ndonos a los protocolos. \u00a0 \u00a0 \u00a0\u00a0\u00a0\u00a0El Comit\u00e9 Directivo Estatal del PAN, implementar\u00e1 una serie de medidas preventivas para evitar la propagaci\u00f3n del [&hellip;]<\/p>\n","protected":false},"author":1,"featured_media":4257,"comment_status":"closed","ping_status":"open","sticky":false,"template":"","format":"standard","meta":{"advanced_seo_description":"","jetpack_seo_html_title":"","jetpack_seo_noindex":false,"_jetpack_memberships_contains_paid_content":false,"footnotes":"","jetpack_publicize_message":"","jetpack_publicize_feature_enabled":true,"jetpack_social_post_already_shared":true,"jetpack_social_options":{"image_generator_settings":{"template":"highway","default_image_id":0,"font":"","enabled":false},"version":2}},"categories":[21,19,7,6],"tags":[22,43],"class_list":["post-4256","post","type-post","status-publish","format-standard","has-post-thumbnail","hentry","category-aguascalientes","category-informacion-general","category-pan-aguascalientes","category-partidos-politicos","tag-aguascalientes","tag-pan-aguascalientes-cde"],"jetpack_publicize_connections":[],"jetpack_featured_media_url":"https:\/\/i0.wp.com\/informativoelvalledeaguascalientes.online\/wp-content\/uploads\/2020\/03\/pan_ags_cde_17032020.jpg?fit=947%2C631&ssl=1","jetpack-related-posts":[],"jetpack_sharing_enabled":true,"jetpack_likes_enabled":true,"_links":{"self":[{"href":"https:\/\/informativoelvalledeaguascalientes.online\/index.php?rest_route=\/wp\/v2\/posts\/4256","targetHints":{"allow":["GET"]}}],"collection":[{"href":"https:\/\/informativoelvalledeaguascalientes.online\/index.php?rest_route=\/wp\/v2\/posts"}],"about":[{"href":"https:\/\/informativoelvalledeaguascalientes.online\/index.php?rest_route=\/wp\/v2\/types\/post"}],"author":[{"embeddable":true,"href":"https:\/\/informativoelvalledeaguascalientes.online\/index.php?rest_route=\/wp\/v2\/users\/1"}],"replies":[{"embeddable":true,"href":"https:\/\/informativoelvalledeaguascalientes.online\/index.php?rest_route=%2Fwp%2Fv2%2Fcomments&post=4256"}],"version-history":[{"count":1,"href":"https:\/\/informativoelvalledeaguascalientes.online\/index.php?rest_route=\/wp\/v2\/posts\/4256\/revisions"}],"predecessor-version":[{"id":4258,"href":"https:\/\/informativoelvalledeaguascalientes.online\/index.php?rest_route=\/wp\/v2\/posts\/4256\/revisions\/4258"}],"wp:featuredmedia":[{"embeddable":true,"href":"https:\/\/informativoelvalledeaguascalientes.online\/index.php?rest_route=\/wp\/v2\/media\/4257"}],"wp:attachment":[{"href":"https:\/\/informativoelvalledeaguascalientes.online\/index.php?rest_route=%2Fwp%2Fv2%2Fmedia&parent=4256"}],"wp:term":[{"taxonomy":"category","embeddable":true,"href":"https:\/\/informativoelvalledeaguascalientes.online\/index.php?rest_route=%2Fwp%2Fv2%2Fcategories&post=4256"},{"taxonomy":"post_tag","embeddable":true,"href":"https:\/\/informativoelvalledeaguascalientes.online\/index.php?rest_route=%2Fwp%2Fv2%2Ftags&post=4256"}],"curies":[{"name":"wp","href":"https:\/\/api.w.org\/{rel}","templated":true}]}}