{"id":42350,"date":"2023-04-16T19:03:09","date_gmt":"2023-04-17T01:03:09","guid":{"rendered":"https:\/\/informativoelvalledeaguascalientes.online\/?p=42350"},"modified":"2023-04-16T19:03:09","modified_gmt":"2023-04-17T01:03:09","slug":"uaa-convoca-a-ser-parte-del-libro-memorias-de-mi-universidad","status":"publish","type":"post","link":"https:\/\/informativoelvalledeaguascalientes.online\/?p=42350","title":{"rendered":"UAA convoca a ser parte del libro \u201cMemorias de mi Universidad\u201d"},"content":{"rendered":"<p><strong><a href=\"https:\/\/www.facebook.com\/hashtag\/informativoelvalledeaguascalientes\">#informativoelvalledeaguascalientes<\/a><\/strong><\/p>\n<p><strong><a href=\"https:\/\/www.facebook.com\/hashtag\/novaradioaguascalientes\">#novaradioaguascalientes<\/a><\/strong><\/p>\n<p>&nbsp;<\/p>\n<p><strong>\u00a0<\/strong><\/p>\n<p>La Universidad Aut\u00f3noma de Aguascalientes mantiene abierta la convocatoria para que su Comunidad Universitaria sea parte de la publicaci\u00f3n \u201cMemorias de mi Universidad\u201d misma que se realizar\u00e1 en el marco del 50 aniversario de la Instituci\u00f3n.<\/p>\n<p>&nbsp;<\/p>\n<p>Este libro, impulsado por el Departamento de Archivo General Hist\u00f3rico, contendr\u00e1 textos acerca de las experiencias, an\u00e9cdotas o memorias de alumnos, ex alumnos, personal docente y administrativo (activos o jubilados) en su paso por la m\u00e1xima casa de estudios del estado.<\/p>\n<p>&nbsp;<\/p>\n<p>El 19 de junio de 2023 se cerrar\u00e1 la recepci\u00f3n de los textos que deber\u00e1n ser acompa\u00f1ados de una fotograf\u00eda y enviados al correo <a href=\"mailto:memorias.universidad@edu.uaa.mx\">memorias.universidad@edu.uaa.mx<\/a>. Los escritos ser\u00e1n sometidos a dictamen para conformar la publicaci\u00f3n del libro a cargo del Departamento Editorial de la Direcci\u00f3n General de Difusi\u00f3n y Vinculaci\u00f3n. Para mayores detalles de la convocatoria, los interesados pueden referirse a las redes sociales de la instituci\u00f3n o bien, mediante el correo electr\u00f3nico previamente mencionado.<\/p>\n<p>&nbsp;<\/p>\n","protected":false},"excerpt":{"rendered":"<p>#informativoelvalledeaguascalientes #novaradioaguascalientes &nbsp; \u00a0 La Universidad Aut\u00f3noma de Aguascalientes mantiene abierta la convocatoria para que su Comunidad Universitaria sea parte de la publicaci\u00f3n \u201cMemorias de mi Universidad\u201d misma que se realizar\u00e1 en el marco del 50 aniversario de la Instituci\u00f3n. &nbsp; Este libro, impulsado por el Departamento de Archivo General Hist\u00f3rico, contendr\u00e1 textos acerca de [&hellip;]<\/p>\n","protected":false},"author":1,"featured_media":42351,"comment_status":"closed","ping_status":"open","sticky":false,"template":"","format":"standard","meta":{"_monsterinsights_skip_tracking":false,"advanced_seo_description":"","jetpack_seo_html_title":"","jetpack_seo_noindex":false,"jetpack_seo_schema_type":"","_jetpack_newsletter_access":"","_jetpack_dont_email_post_to_subs":false,"_jetpack_newsletter_tier_id":0,"_jetpack_memberships_contains_paywalled_content":false,"_jetpack_feature_clip_id":0,"_jetpack_memberships_contains_paid_content":false,"footnotes":"","jetpack_publicize_message":"","jetpack_publicize_feature_enabled":true,"jetpack_social_post_already_shared":true,"jetpack_social_options":{"image_generator_settings":{"template":"highway","default_image_id":0,"font":"","enabled":false},"version":2},"jetpack_post_was_ever_published":false},"categories":[21,629],"tags":[22,142],"class_list":["post-42350","post","type-post","status-publish","format-standard","has-post-thumbnail","hentry","category-aguascalientes","category-universidad-autonoma-de-aguascalientes","tag-aguascalientes","tag-uaa"],"jetpack_publicize_connections":[],"jetpack_featured_media_url":"https:\/\/i0.wp.com\/informativoelvalledeaguascalientes.online\/wp-content\/uploads\/2023\/04\/FOTONOTA.jpeg?fit=746%2C484&ssl=1","jetpack-related-posts":[],"jetpack_sharing_enabled":true,"jetpack_likes_enabled":true,"_links":{"self":[{"href":"https:\/\/informativoelvalledeaguascalientes.online\/index.php?rest_route=\/wp\/v2\/posts\/42350","targetHints":{"allow":["GET"]}}],"collection":[{"href":"https:\/\/informativoelvalledeaguascalientes.online\/index.php?rest_route=\/wp\/v2\/posts"}],"about":[{"href":"https:\/\/informativoelvalledeaguascalientes.online\/index.php?rest_route=\/wp\/v2\/types\/post"}],"author":[{"embeddable":true,"href":"https:\/\/informativoelvalledeaguascalientes.online\/index.php?rest_route=\/wp\/v2\/users\/1"}],"replies":[{"embeddable":true,"href":"https:\/\/informativoelvalledeaguascalientes.online\/index.php?rest_route=%2Fwp%2Fv2%2Fcomments&post=42350"}],"version-history":[{"count":1,"href":"https:\/\/informativoelvalledeaguascalientes.online\/index.php?rest_route=\/wp\/v2\/posts\/42350\/revisions"}],"predecessor-version":[{"id":42352,"href":"https:\/\/informativoelvalledeaguascalientes.online\/index.php?rest_route=\/wp\/v2\/posts\/42350\/revisions\/42352"}],"wp:featuredmedia":[{"embeddable":true,"href":"https:\/\/informativoelvalledeaguascalientes.online\/index.php?rest_route=\/wp\/v2\/media\/42351"}],"wp:attachment":[{"href":"https:\/\/informativoelvalledeaguascalientes.online\/index.php?rest_route=%2Fwp%2Fv2%2Fmedia&parent=42350"}],"wp:term":[{"taxonomy":"category","embeddable":true,"href":"https:\/\/informativoelvalledeaguascalientes.online\/index.php?rest_route=%2Fwp%2Fv2%2Fcategories&post=42350"},{"taxonomy":"post_tag","embeddable":true,"href":"https:\/\/informativoelvalledeaguascalientes.online\/index.php?rest_route=%2Fwp%2Fv2%2Ftags&post=42350"}],"curies":[{"name":"wp","href":"https:\/\/api.w.org\/{rel}","templated":true}]}}