{"id":42060,"date":"2023-04-09T22:25:47","date_gmt":"2023-04-10T04:25:47","guid":{"rendered":"https:\/\/informativoelvalledeaguascalientes.online\/?p=42060"},"modified":"2023-04-09T22:25:47","modified_gmt":"2023-04-10T04:25:47","slug":"gigante-001-el-camion-electrico-que-mueve-a-aguascalientes","status":"publish","type":"post","link":"https:\/\/informativoelvalledeaguascalientes.online\/?p=42060","title":{"rendered":"GIGANTE 001, EL CAMI\u00d3N EL\u00c9CTRICO QUE MUEVE A AGUASCALIENTES"},"content":{"rendered":"<p><strong><a href=\"https:\/\/www.facebook.com\/hashtag\/informativoelvalledeaguascalientes\">#informativoelvalledeaguascalientes<\/a><\/strong><\/p>\n<p><strong><a href=\"https:\/\/www.facebook.com\/hashtag\/novaradioaguascalientes\">#novaradioaguascalientes<\/a><\/strong><\/p>\n<p><strong><a href=\"https:\/\/www.facebook.com\/GobiernodeAguascalientes\">#ElGiganteDeMexico<\/a><\/strong><\/p>\n<div class=\"\" data-mesh-id=\"comp-l7sjppchinlineContent\" data-testid=\"inline-content\">\n<div data-mesh-id=\"comp-l7sjppchinlineContent-gridContainer\" data-testid=\"mesh-container-content\">\n<section id=\"comp-l7sh9ub0\" class=\"comp-l7sh9ub0 Lw0u6i wixui-column-strip\">\n<div id=\"bgLayers_comp-l7sh9ub0\" class=\"MW5IWV\" data-hook=\"bgLayers\">\n<div class=\"LWbAav Kv1aVt\" data-testid=\"colorUnderlay\"><\/div>\n<\/div>\n<\/section>\n<section id=\"comp-l7sh9ubq\" class=\"comp-l7sh9ubq Lw0u6i wixui-column-strip\">\n<div class=\"So7Ias\" data-testid=\"columns\">\n<div id=\"comp-l7sh9ubr2\" class=\"comp-l7sh9ubr2 YzqVVZ wixui-column-strip__column\">\n<div class=\"\" data-mesh-id=\"comp-l7sh9ubr2inlineContent\" data-testid=\"inline-content\">\n<div data-mesh-id=\"comp-l7sh9ubr2inlineContent-gridContainer\" data-testid=\"mesh-container-content\">\n<div id=\"comp-l7yvxqo2\" class=\"MazNVa comp-l7yvxqo2 wixui-image\">\n<div class=\"j7pOnl\" data-testid=\"linkElement\"><\/div>\n<\/div>\n<div id=\"comp-l7sh9ubx\" class=\"TWFxr5\">\n<div class=\"comp-l7sh9ubx\">\n<div class=\"s1IW4bz comp-l7sh9ubx\" data-hook=\"ricosviewer-wrapper\">\n<div class=\"kvdbP _1O7aH\" dir=\"ltr\" data-id=\"rich-content-viewer\">\n<div class=\"_1hN1O _3EPBy\">\n<p id=\"viewer-foo\" class=\"mm8Nw _1j-51 _1FoOD _78FBa public-DraftStyleDefault-block-depth0 fixed-tab-size public-DraftStyleDefault-text-ltr\"><span class=\"_2PHJq public-DraftStyleDefault-ltr\">Modernizar el transporte p\u00fablico es una tarea en la que la gobernadora Tere Jim\u00e9nez ha puesto especial atenci\u00f3n para que los usuarios tengan un servicio de calidad. En sus esfuerzos por mejorar ese sistema, hoy en Aguascalientes circula el primer cami\u00f3n urbano cien por ciento el\u00e9ctrico, al que se le ha dado el nombre del Gigante 001.<\/span><\/p>\n<div id=\"viewer-xpz4i527\" class=\"mm8Nw _1j-51 _1FoOD _78FBa public-DraftStyleDefault-block-depth0 fixed-tab-size public-DraftStyleDefault-text-ltr\"><span class=\"_2PHJq public-DraftStyleDefault-ltr\">\u00a0<\/span><\/div>\n<p id=\"viewer-ad2on528\" class=\"mm8Nw _1j-51 _1FoOD _78FBa public-DraftStyleDefault-block-depth0 fixed-tab-size public-DraftStyleDefault-text-ltr\"><span class=\"_2PHJq public-DraftStyleDefault-ltr\">Jos\u00e9 Guadalupe Ramos Monta\u00f1ez es uno de los 3 choferes que tienen el privilegio de conducir al Gigante 001; \u00e9l ha tenido la oportunidad de vivir el gran cambio que esto representa, pues anteriormente conduc\u00eda una unidad tradicional, por lo que hoy su experiencia al volante cambi\u00f3.<\/span><\/p>\n<div id=\"viewer-qeobs530\" class=\"mm8Nw _1j-51 _1FoOD _78FBa public-DraftStyleDefault-block-depth0 fixed-tab-size public-DraftStyleDefault-text-ltr\"><span class=\"_2PHJq public-DraftStyleDefault-ltr\">\u00a0<\/span><\/div>\n<p id=\"viewer-13nxa531\" class=\"mm8Nw _1j-51 _1FoOD _78FBa public-DraftStyleDefault-block-depth0 fixed-tab-size public-DraftStyleDefault-text-ltr\"><span class=\"_2PHJq public-DraftStyleDefault-ltr\">\u201cEs mucho m\u00e1s c\u00f3modo y con espacios m\u00e1s grandes; algo muy importante es la seguridad del pasajero y me han dicho que es un cami\u00f3n bonito, que ya se hab\u00edan tardado en darle buenas unidades a los usuarios, hasta le toman fotos\u201d, mencion\u00f3 don Jos\u00e9 Guadalupe.<\/span><\/p>\n<div id=\"viewer-m1keh533\" class=\"mm8Nw _1j-51 _1FoOD _78FBa public-DraftStyleDefault-block-depth0 fixed-tab-size public-DraftStyleDefault-text-ltr\"><span class=\"_2PHJq public-DraftStyleDefault-ltr\">\u00a0<\/span><\/div>\n<p id=\"viewer-iegvk534\" class=\"mm8Nw _1j-51 _1FoOD _78FBa public-DraftStyleDefault-block-depth0 fixed-tab-size public-DraftStyleDefault-text-ltr\"><span class=\"_2PHJq public-DraftStyleDefault-ltr\">El Gigante 001 es amigable con el ambiente, m\u00e1s amplio, c\u00f3modo y muy econ\u00f3mico en el consumo de combustible; los usuarios pueden conectar sus celulares v\u00eda usb, adem\u00e1s de que cuenta con \u00e1reas para mujeres, personas con discapacidad y rampa.\u00a0<\/span><\/p>\n<div id=\"viewer-m458z536\" class=\"mm8Nw _1j-51 _1FoOD _78FBa public-DraftStyleDefault-block-depth0 fixed-tab-size public-DraftStyleDefault-text-ltr\"><span class=\"_2PHJq public-DraftStyleDefault-ltr\">\u00a0<\/span><\/div>\n<p id=\"viewer-yimtu537\" class=\"mm8Nw _1j-51 _1FoOD _78FBa public-DraftStyleDefault-block-depth0 fixed-tab-size public-DraftStyleDefault-text-ltr\"><span class=\"_2PHJq public-DraftStyleDefault-ltr\">Este cami\u00f3n el\u00e9ctrico cubre la ruta 20 Sur y tiene su primera salida a las 6:20 de la ma\u00f1ana; recorre el Primer Anillo de la ciudad, pasando por Alameda, Volcanes, Cl\u00ednica 1, Central Camionera, Las Vi\u00f1as, Santa Anita y concluye en la terminal Barberena.<\/span><\/p>\n<div id=\"viewer-5vw8k539\" class=\"mm8Nw _1j-51 _1FoOD _78FBa public-DraftStyleDefault-block-depth0 fixed-tab-size public-DraftStyleDefault-text-ltr\"><span class=\"_2PHJq public-DraftStyleDefault-ltr\">\u00a0<\/span><\/div>\n<p id=\"viewer-uiz1e540\" class=\"mm8Nw _1j-51 _1FoOD _78FBa public-DraftStyleDefault-block-depth0 fixed-tab-size public-DraftStyleDefault-text-ltr\"><span class=\"_2PHJq public-DraftStyleDefault-ltr\">La \u00faltima vuelta inicia a las 9:30 de la noche y termina a las 10:30 aproximadamente, recorriendo a diario 20 kil\u00f3metros por vuelta, cada una con duraci\u00f3n de 1 hora y 20 minutos.\u00a0<\/span><\/p>\n<div id=\"viewer-4psbm542\" class=\"mm8Nw _1j-51 _1FoOD _78FBa public-DraftStyleDefault-block-depth0 fixed-tab-size public-DraftStyleDefault-text-ltr\"><span class=\"_2PHJq public-DraftStyleDefault-ltr\">\u00a0<\/span><\/div>\n<p id=\"viewer-rhl8j543\" class=\"mm8Nw _1j-51 _1FoOD _78FBa public-DraftStyleDefault-block-depth0 fixed-tab-size public-DraftStyleDefault-text-ltr\"><span class=\"_2PHJq public-DraftStyleDefault-ltr\">\u201cPara m\u00ed es un honor conducir esta unidad; el cami\u00f3n tiene 3 meses que lleg\u00f3 y es bonito irnos modernizando y dar comodidad a la ciudadan\u00eda, pues ellos como usuarios merecen mejores unidades\u201d, finaliz\u00f3 Jos\u00e9 Guadalupe.\u00a0\u00a0<\/span><\/p>\n<\/div>\n<\/div>\n<\/div>\n<\/div>\n<\/div>\n<\/div>\n<\/div>\n<\/div>\n<\/div>\n<\/section>\n<\/div>\n<\/div>\n","protected":false},"excerpt":{"rendered":"<p>#informativoelvalledeaguascalientes #novaradioaguascalientes #ElGiganteDeMexico Modernizar el transporte p\u00fablico es una tarea en la que la gobernadora Tere Jim\u00e9nez ha puesto especial atenci\u00f3n para que los usuarios tengan un servicio de calidad. En sus esfuerzos por mejorar ese sistema, hoy en Aguascalientes circula el primer cami\u00f3n urbano cien por ciento el\u00e9ctrico, al que se le ha dado [&hellip;]<\/p>\n","protected":false},"author":1,"featured_media":42061,"comment_status":"closed","ping_status":"open","sticky":false,"template":"","format":"standard","meta":{"advanced_seo_description":"","jetpack_seo_html_title":"","jetpack_seo_noindex":false,"_jetpack_memberships_contains_paid_content":false,"footnotes":"","jetpack_publicize_message":"","jetpack_publicize_feature_enabled":true,"jetpack_social_post_already_shared":true,"jetpack_social_options":{"image_generator_settings":{"template":"highway","default_image_id":0,"font":"","enabled":false},"version":2}},"categories":[21,4],"tags":[22,53,615],"class_list":["post-42060","post","type-post","status-publish","format-standard","has-post-thumbnail","hentry","category-aguascalientes","category-gobierno-del-estado-aguascalientes","tag-aguascalientes","tag-cmov","tag-gobierno-del-estado-de-aguascalientes"],"jetpack_publicize_connections":[],"jetpack_featured_media_url":"https:\/\/i0.wp.com\/informativoelvalledeaguascalientes.online\/wp-content\/uploads\/2023\/04\/gob-edo-gigante-001-cmov.webp?fit=658%2C420&ssl=1","jetpack-related-posts":[],"jetpack_sharing_enabled":true,"jetpack_likes_enabled":true,"_links":{"self":[{"href":"https:\/\/informativoelvalledeaguascalientes.online\/index.php?rest_route=\/wp\/v2\/posts\/42060","targetHints":{"allow":["GET"]}}],"collection":[{"href":"https:\/\/informativoelvalledeaguascalientes.online\/index.php?rest_route=\/wp\/v2\/posts"}],"about":[{"href":"https:\/\/informativoelvalledeaguascalientes.online\/index.php?rest_route=\/wp\/v2\/types\/post"}],"author":[{"embeddable":true,"href":"https:\/\/informativoelvalledeaguascalientes.online\/index.php?rest_route=\/wp\/v2\/users\/1"}],"replies":[{"embeddable":true,"href":"https:\/\/informativoelvalledeaguascalientes.online\/index.php?rest_route=%2Fwp%2Fv2%2Fcomments&post=42060"}],"version-history":[{"count":1,"href":"https:\/\/informativoelvalledeaguascalientes.online\/index.php?rest_route=\/wp\/v2\/posts\/42060\/revisions"}],"predecessor-version":[{"id":42062,"href":"https:\/\/informativoelvalledeaguascalientes.online\/index.php?rest_route=\/wp\/v2\/posts\/42060\/revisions\/42062"}],"wp:featuredmedia":[{"embeddable":true,"href":"https:\/\/informativoelvalledeaguascalientes.online\/index.php?rest_route=\/wp\/v2\/media\/42061"}],"wp:attachment":[{"href":"https:\/\/informativoelvalledeaguascalientes.online\/index.php?rest_route=%2Fwp%2Fv2%2Fmedia&parent=42060"}],"wp:term":[{"taxonomy":"category","embeddable":true,"href":"https:\/\/informativoelvalledeaguascalientes.online\/index.php?rest_route=%2Fwp%2Fv2%2Fcategories&post=42060"},{"taxonomy":"post_tag","embeddable":true,"href":"https:\/\/informativoelvalledeaguascalientes.online\/index.php?rest_route=%2Fwp%2Fv2%2Ftags&post=42060"}],"curies":[{"name":"wp","href":"https:\/\/api.w.org\/{rel}","templated":true}]}}