{"id":41959,"date":"2023-04-08T14:55:07","date_gmt":"2023-04-08T20:55:07","guid":{"rendered":"https:\/\/informativoelvalledeaguascalientes.online\/?p=41959"},"modified":"2023-04-08T14:55:07","modified_gmt":"2023-04-08T20:55:07","slug":"manolin-gutierrez-supero-satisfactoriamente-el-reto-chihuahuense-de-los-gran-turismo-mexico","status":"publish","type":"post","link":"https:\/\/informativoelvalledeaguascalientes.online\/?p=41959","title":{"rendered":"MANOL\u00cdN GUTI\u00c9RREZ, SUPER\u00d3 SATISFACTORIAMENTE EL RETO CHIHUAHUENSE DE LOS GRAN TURISMO M\u00c9XICO"},"content":{"rendered":"<p><strong><a href=\"https:\/\/www.facebook.com\/hashtag\/informativoelvalledeaguascalientes\">#informativoelvalledeaguascalientes<\/a><\/strong><\/p>\n<p><strong><a href=\"https:\/\/www.facebook.com\/hashtag\/novaradioaguascalientes\">#novaradioaguascalientes<\/a><\/strong><\/p>\n<p>&nbsp;<\/p>\n<p>Una visita positiva al Aut\u00f3dromo Francisco Villa, de Chihuahua, fue la que tuvo el tamaulipeco Manol\u00edn Guti\u00e9rrez el fin de semana pasado para hacer frente a la segunda fecha de la Gran Turismo M\u00e9xico, categor\u00eda que forma parte de la S\u00faper Copa 2023.<\/p>\n<p>El camino sigue para Manol\u00edn Guti\u00e9rrez en el a\u00fan joven 2023, con un reto totalmente nuevo para \u00e9l con el auto #68\u00a0<a href=\"http:\/\/xn--ca-nja.tm\/\" data-saferedirecturl=\"https:\/\/www.google.com\/url?q=http:\/\/xn--ca-nja.tm\/&amp;source=gmail&amp;ust=1681070103851000&amp;usg=AOvVaw3OUeWQscCQgfhw4fBPvKpU\">C\u00cdA.TM\/<\/a>\u00a0Grupo GUME, rodando por primera ocasi\u00f3n en el trazado chihuahuense de 2.070 metros de longitud en lo que representa su a\u00f1o debut en la GTM.<\/p>\n<p>Una pista nueva y dos carreras de 50 minutos, eran los obst\u00e1culos a librar para Guti\u00e9rrez, quien en el primero de ellos, ante unas gradas luciendo gran entrada, pudo pelear incluso por el podio hasta que fue v\u00edctima de una de las m\u00faltiples banderas amarillas, a pesar de lo cual rescataba el 8vo sitio.<\/p>\n<p>El segundo y \u00faltimo hit no resultar\u00eda el m\u00e1s favorable; sin embargo, el del Mercedes 68 supo sacarlo adelante para acumular un nuevo Top-10, teniendo un progreso importante en apenas su segundo compromiso doble en el campeonato de autos turismo m\u00e1s importante de nuestro pa\u00eds.<\/p>\n<p>Manol\u00edn Guti\u00e9rrez:<\/p>\n<p>\u201cEsta fue una fecha nada f\u00e1cil, pero creo que se hizo un muy buen trabajo por parte de todo el equipo a lo largo del fin de semana. Aprovechamos todo el tiempo en pista para conocer los l\u00edmites y poder tener la confianza necesaria en las competencias\u201d.<\/p>\n<p>\u201cDesgraciadamente un incidente no nos permiti\u00f3 subirnos al podio. Pero al final el estar peleando entre los primeros sitios en nuestra segunda participaci\u00f3n en el campeonato es un gran avance que esperamos redit\u00fae en Guadalajara\u201d.<\/p>\n<p>Guadalajara ser\u00e1 la sede de la tercera fecha de los Gran Turismo M\u00e9xico junto a la S\u00faper Copa el pr\u00f3ximo 23 de abril, compromiso para el que ya se prepara Manol\u00edn Guti\u00e9rrez.<\/p>\n","protected":false},"excerpt":{"rendered":"<p>#informativoelvalledeaguascalientes #novaradioaguascalientes &nbsp; Una visita positiva al Aut\u00f3dromo Francisco Villa, de Chihuahua, fue la que tuvo el tamaulipeco Manol\u00edn Guti\u00e9rrez el fin de semana pasado para hacer frente a la segunda fecha de la Gran Turismo M\u00e9xico, categor\u00eda que forma parte de la S\u00faper Copa 2023. El camino sigue para Manol\u00edn Guti\u00e9rrez en el a\u00fan [&hellip;]<\/p>\n","protected":false},"author":1,"featured_media":41960,"comment_status":"closed","ping_status":"open","sticky":false,"template":"","format":"standard","meta":{"advanced_seo_description":"","jetpack_seo_html_title":"","jetpack_seo_noindex":false,"_jetpack_memberships_contains_paid_content":false,"footnotes":"","jetpack_publicize_message":"","jetpack_publicize_feature_enabled":true,"jetpack_social_post_already_shared":true,"jetpack_social_options":{"image_generator_settings":{"template":"highway","default_image_id":0,"font":"","enabled":false},"version":2}},"categories":[21,19],"tags":[232,641],"class_list":["post-41959","post","type-post","status-publish","format-standard","has-post-thumbnail","hentry","category-aguascalientes","category-informacion-general","tag-informacion-general","tag-super-copa-2023"],"jetpack_publicize_connections":[],"jetpack_featured_media_url":"https:\/\/i0.wp.com\/informativoelvalledeaguascalientes.online\/wp-content\/uploads\/2023\/04\/Manolin-Gutierrez-21-.jpg?fit=2000%2C1333&ssl=1","jetpack-related-posts":[],"jetpack_sharing_enabled":true,"jetpack_likes_enabled":true,"_links":{"self":[{"href":"https:\/\/informativoelvalledeaguascalientes.online\/index.php?rest_route=\/wp\/v2\/posts\/41959","targetHints":{"allow":["GET"]}}],"collection":[{"href":"https:\/\/informativoelvalledeaguascalientes.online\/index.php?rest_route=\/wp\/v2\/posts"}],"about":[{"href":"https:\/\/informativoelvalledeaguascalientes.online\/index.php?rest_route=\/wp\/v2\/types\/post"}],"author":[{"embeddable":true,"href":"https:\/\/informativoelvalledeaguascalientes.online\/index.php?rest_route=\/wp\/v2\/users\/1"}],"replies":[{"embeddable":true,"href":"https:\/\/informativoelvalledeaguascalientes.online\/index.php?rest_route=%2Fwp%2Fv2%2Fcomments&post=41959"}],"version-history":[{"count":1,"href":"https:\/\/informativoelvalledeaguascalientes.online\/index.php?rest_route=\/wp\/v2\/posts\/41959\/revisions"}],"predecessor-version":[{"id":41961,"href":"https:\/\/informativoelvalledeaguascalientes.online\/index.php?rest_route=\/wp\/v2\/posts\/41959\/revisions\/41961"}],"wp:featuredmedia":[{"embeddable":true,"href":"https:\/\/informativoelvalledeaguascalientes.online\/index.php?rest_route=\/wp\/v2\/media\/41960"}],"wp:attachment":[{"href":"https:\/\/informativoelvalledeaguascalientes.online\/index.php?rest_route=%2Fwp%2Fv2%2Fmedia&parent=41959"}],"wp:term":[{"taxonomy":"category","embeddable":true,"href":"https:\/\/informativoelvalledeaguascalientes.online\/index.php?rest_route=%2Fwp%2Fv2%2Fcategories&post=41959"},{"taxonomy":"post_tag","embeddable":true,"href":"https:\/\/informativoelvalledeaguascalientes.online\/index.php?rest_route=%2Fwp%2Fv2%2Ftags&post=41959"}],"curies":[{"name":"wp","href":"https:\/\/api.w.org\/{rel}","templated":true}]}}