{"id":41925,"date":"2023-04-06T00:26:01","date_gmt":"2023-04-06T06:26:01","guid":{"rendered":"https:\/\/informativoelvalledeaguascalientes.online\/?p=41925"},"modified":"2023-04-06T00:27:56","modified_gmt":"2023-04-06T06:27:56","slug":"iea-y-fundacion-telefonica-movistar-ofertaran-diplomado-para-impulsar-habilidades-digitales-del-magisterio","status":"publish","type":"post","link":"https:\/\/informativoelvalledeaguascalientes.online\/?p=41925","title":{"rendered":"IEA Y FUNDACI\u00d3N TELEF\u00d3NICA MOVISTAR OFERTAR\u00c1N DIPLOMADO PARA IMPULSAR HABILIDADES DIGITALES DEL MAGISTERIO"},"content":{"rendered":"<p><strong><a href=\"https:\/\/www.facebook.com\/hashtag\/informativoelvalledeaguascalientes\">#informativoelvalledeaguascalientes<\/a><\/strong><\/p>\n<p><strong><a href=\"https:\/\/www.facebook.com\/hashtag\/novaradioaguascalientes\">#novaradioaguascalientes<\/a><\/strong><\/p>\n<p><strong><a href=\"https:\/\/www.facebook.com\/GobiernodeAguascalientes\">#ElGiganteDeMexico<\/a><\/strong><\/p>\n<p>El Gobierno del Estado, a trav\u00e9s del Instituto de Educaci\u00f3n de Aguascalientes (IEA), firm\u00f3 un convenio de colaboraci\u00f3n con la fundaci\u00f3n Telef\u00f3nica Movistar y Ateneo Espa\u00f1ol, mediante el cual se crear\u00e1 el diplomado \u201cCreaci\u00f3n de recursos multimedia para experiencias memorables de aprendizaje\u201d, programa que tiene el objetivo de que\u00a0maestras y maestros de la entidad fortalezcan sus habilidades digitales y tecnol\u00f3gicas para su aplicaci\u00f3n en las aulas.<\/p>\n<p>&nbsp;<\/p>\n<p>El IEA dio a conocer que podr\u00e1n participar maestras y maestros desde educaci\u00f3n b\u00e1sica hasta educaci\u00f3n superior, por lo que pr\u00f3ximamente se dar\u00e1 a conocer la convocatoria oficial para que puedan inscribirse.<\/p>\n<p>&nbsp;<\/p>\n<p>Cabe se\u00f1alar que con esta iniciativa, que ha sido instrucci\u00f3n de la gobernadora Tere Jim\u00e9nez, las y los docentes podr\u00e1n fortalecer sus competencias digitales para poner la tecnolog\u00eda al servicio del modelo pedag\u00f3gico en beneficio de ni\u00f1as, ni\u00f1os, adolescentes y j\u00f3venes.<\/p>\n<p>&nbsp;<\/p>\n<p>Durante la reuni\u00f3n en la que se firm\u00f3 el convenio estuvieron presentes la titular del IEA, Lorena Mart\u00ednez; la directora de la fundaci\u00f3n Telef\u00f3nica Movistar M\u00e9xico, Nadia Mar\u00eda Ch\u00e1vez Montiel; Gabriela Rocha Colis, directora de Carrera de Magisterio; entre otras personalidades.<\/p>\n<p>&nbsp;<\/p>\n","protected":false},"excerpt":{"rendered":"<p>#informativoelvalledeaguascalientes #novaradioaguascalientes #ElGiganteDeMexico El Gobierno del Estado, a trav\u00e9s del Instituto de Educaci\u00f3n de Aguascalientes (IEA), firm\u00f3 un convenio de colaboraci\u00f3n con la fundaci\u00f3n Telef\u00f3nica Movistar y Ateneo Espa\u00f1ol, mediante el cual se crear\u00e1 el diplomado \u201cCreaci\u00f3n de recursos multimedia para experiencias memorables de aprendizaje\u201d, programa que tiene el objetivo de que\u00a0maestras y maestros de [&hellip;]<\/p>\n","protected":false},"author":1,"featured_media":41930,"comment_status":"closed","ping_status":"open","sticky":false,"template":"","format":"standard","meta":{"advanced_seo_description":"","jetpack_seo_html_title":"","jetpack_seo_noindex":false,"_jetpack_memberships_contains_paid_content":false,"footnotes":"","jetpack_publicize_message":"","jetpack_publicize_feature_enabled":true,"jetpack_social_post_already_shared":true,"jetpack_social_options":{"image_generator_settings":{"template":"highway","default_image_id":0,"font":"","enabled":false},"version":2}},"categories":[21,4],"tags":[22,161,39,320],"class_list":["post-41925","post","type-post","status-publish","format-standard","has-post-thumbnail","hentry","category-aguascalientes","category-gobierno-del-estado-aguascalientes","tag-aguascalientes","tag-gobierno-del-estado-aguascalientes","tag-iea","tag-tere-jimenez"],"jetpack_publicize_connections":[],"jetpack_featured_media_url":"https:\/\/i0.wp.com\/informativoelvalledeaguascalientes.online\/wp-content\/uploads\/2023\/04\/IMG_3357.jpg?fit=2559%2C1706&ssl=1","jetpack-related-posts":[],"jetpack_sharing_enabled":true,"jetpack_likes_enabled":true,"_links":{"self":[{"href":"https:\/\/informativoelvalledeaguascalientes.online\/index.php?rest_route=\/wp\/v2\/posts\/41925","targetHints":{"allow":["GET"]}}],"collection":[{"href":"https:\/\/informativoelvalledeaguascalientes.online\/index.php?rest_route=\/wp\/v2\/posts"}],"about":[{"href":"https:\/\/informativoelvalledeaguascalientes.online\/index.php?rest_route=\/wp\/v2\/types\/post"}],"author":[{"embeddable":true,"href":"https:\/\/informativoelvalledeaguascalientes.online\/index.php?rest_route=\/wp\/v2\/users\/1"}],"replies":[{"embeddable":true,"href":"https:\/\/informativoelvalledeaguascalientes.online\/index.php?rest_route=%2Fwp%2Fv2%2Fcomments&post=41925"}],"version-history":[{"count":1,"href":"https:\/\/informativoelvalledeaguascalientes.online\/index.php?rest_route=\/wp\/v2\/posts\/41925\/revisions"}],"predecessor-version":[{"id":41929,"href":"https:\/\/informativoelvalledeaguascalientes.online\/index.php?rest_route=\/wp\/v2\/posts\/41925\/revisions\/41929"}],"wp:featuredmedia":[{"embeddable":true,"href":"https:\/\/informativoelvalledeaguascalientes.online\/index.php?rest_route=\/wp\/v2\/media\/41930"}],"wp:attachment":[{"href":"https:\/\/informativoelvalledeaguascalientes.online\/index.php?rest_route=%2Fwp%2Fv2%2Fmedia&parent=41925"}],"wp:term":[{"taxonomy":"category","embeddable":true,"href":"https:\/\/informativoelvalledeaguascalientes.online\/index.php?rest_route=%2Fwp%2Fv2%2Fcategories&post=41925"},{"taxonomy":"post_tag","embeddable":true,"href":"https:\/\/informativoelvalledeaguascalientes.online\/index.php?rest_route=%2Fwp%2Fv2%2Ftags&post=41925"}],"curies":[{"name":"wp","href":"https:\/\/api.w.org\/{rel}","templated":true}]}}