{"id":41924,"date":"2023-04-05T23:46:40","date_gmt":"2023-04-06T05:46:40","guid":{"rendered":"https:\/\/informativoelvalledeaguascalientes.online\/?p=41924"},"modified":"2023-04-05T23:46:40","modified_gmt":"2023-04-06T05:46:40","slug":"exhorta-congreso-de-aguascalientes-al-gobierno-federal-para-que-a-la-entidad-se-le-incluya-en-el-programa-de-bombardeo-de-nubes","status":"publish","type":"post","link":"https:\/\/informativoelvalledeaguascalientes.online\/?p=41924","title":{"rendered":"EXHORTA CONGRESO DE AGUASCALIENTES AL GOBIERNO FEDERAL PARA QUE A LA ENTIDAD SE LE INCLUYA EN EL PROGRAMA DE BOMBARDEO DE NUBES"},"content":{"rendered":"<p><strong><a href=\"https:\/\/www.facebook.com\/hashtag\/informativoelvalledeaguascalientes\">#informativoelvalledeaguascalientes<\/a><\/strong><\/p>\n<p><strong><a href=\"https:\/\/www.facebook.com\/hashtag\/novaradioaguascalientes\">#novaradioaguascalientes<\/a><\/strong><\/p>\n<p>&nbsp;<\/p>\n<p>Se efectuaron los trabajos de la quinta sesi\u00f3n ordinaria del segundo a\u00f1o de ejercicio legislativo en el Congreso de Aguascalientes, que dirige el diputado presidente de la Mesa Directiva de la LXV Legislatura, Maximiliano Ram\u00edrez, en el cual avalaron diversas disposiciones en temas de medio ambiente, transporte p\u00fablico y bombardeo de nubes.<\/p>\n<p>&nbsp;<\/p>\n<p>Las y los integrantes de la asamblea aprobaron por unanimidad el punto de acuerdo que present\u00f3 el diputado Cuauht\u00e9moc Escobedo, en el sentido de exhortar de manera respetuosa al Gobierno Federal y a las instancias administrativas correspondientes con el prop\u00f3sito de que se incluya al estado de Aguascalientes en el programa de bombardeo de nubes para originar lluvias, el cual implementa la Comisi\u00f3n Nacional del Agua (CONAGUA) y la Secretar\u00eda de la Defensa Nacional (SEDENA).<\/p>\n<p>&nbsp;<\/p>\n<p>El diputado promotor, al hacer uso de la voz, explic\u00f3 que el problema de la sequ\u00eda afecta a gran parte del territorio nacional, particularmente en el norte y centro del pa\u00eds a partir de nuestro Estado de Aguascalientes, \u201cpor lo que consideramos necesario que dicho procedimiento se realice tambi\u00e9n en nuestra entidad, la cual pasa por una severa crisis h\u00eddrica debido al abatimiento de los pozos y a los pocos niveles de captaci\u00f3n de las presas y dem\u00e1s cuerpos de agua\u201d.<\/p>\n<p>&nbsp;<\/p>\n<p>Momentos antes de iniciar la sesi\u00f3n, el legislador Cuauht\u00e9moc Escobedo solicit\u00f3 una moci\u00f3n para que el dictamen que emiti\u00f3 la Comisi\u00f3n de Gobernaci\u00f3n y Puntos Constitucionales, que pretende reformar la Constituci\u00f3n Pol\u00edtica Local en materia de erradicaci\u00f3n y prevenci\u00f3n de la violencia contra las mujeres, regrese a la Comisi\u00f3n para continuar con su estudio y perfeccionamiento; la solicitud fue aprobada por el Pleno.<\/p>\n<p>&nbsp;<\/p>\n<p>Acto seguido, el Pleno aprob\u00f3 el dictamen de la Comisi\u00f3n de Reglamentos y Pr\u00e1cticas Parlamentarias, que resuelve la iniciativa por la que se reforma la fracci\u00f3n XXVI del art\u00edculo 56 y el art\u00edculo 82 de la Ley Org\u00e1nica del Poder Legislativo del Estado de Aguascalientes, propuesta por la diputada Mayra Torres.<\/p>\n<p>&nbsp;<\/p>\n<p>Con esta modificaci\u00f3n, el nombre de la Comisi\u00f3n legislativa de Transporte P\u00fablico se cambia ahora al de Comisi\u00f3n de Movilidad Sustentable y Transporte, para darle mayores facultades, pues en la actualidad son limitativas en cuanto a la competencia de la misma.<\/p>\n<p>&nbsp;<\/p>\n<p>&nbsp;<\/p>\n<p>De esta manera, se podr\u00e1 mejorar la vida de las personas que a diario transitan las calles de esta ciudad, visibilizar las condiciones en las que se encuentra el transporte p\u00fablico para hacerlo mucho m\u00e1s eficiente y eficaz, as\u00ed como procurar el tr\u00e1nsito seguro por diversas zonas urbanas, entre otros puntos.<\/p>\n<p>&nbsp;<\/p>\n<p>Previo a la votaci\u00f3n, la diputada promotora destac\u00f3 la necesidad de abordar el tema de la movilidad sustentable, ya que \u00e9sta busca proteger\u00a0a los colectivos m\u00e1s vulnerables, como son los peatones, ciclistas y las personas que tienen una movilidad reducida;\u00a0\u00a0es por eso que con la reforma se ampl\u00edan las facultades de esta comisi\u00f3n legislativa, \u201ctenemos que ampliarlas para conocer y dictaminar sobre las normas jur\u00eddicas que tengan que ver con el control y orden de la circulaci\u00f3n vehicular y peatonal en las v\u00edas de la entidad\u201d.<\/p>\n<p>&nbsp;<\/p>\n<p>A continuaci\u00f3n, las y los diputados avalaron por mayor\u00eda, con 24 votos a favor, el dictamen de la Comisi\u00f3n de Medio Ambiente, Recursos Naturales y Cambio Clim\u00e1tico, que resuelve la iniciativa por la que se reforma diversas disposiciones de la Ley de Protecci\u00f3n Ambiental para el Estado de Aguascalientes; la cual fue expuesta por el diputado Jaime Gonz\u00e1lez de Le\u00f3n.<\/p>\n<p>&nbsp;<\/p>\n<p>El objeto de la iniciativa consiste en fomentar y promover el cuidado ambiental entre la ciudadan\u00eda del Estado de Aguascalientes, a fin de garantizar la supervivencia de las generaciones futuras y el buen vivir de las actuales.<\/p>\n<p>&nbsp;<\/p>\n<p>El proyecto de decreto modificado establece que se buscar\u00e1n crear programas encaminados a la educaci\u00f3n, cultura y difusi\u00f3n de la separaci\u00f3n de los residuos s\u00f3lidos, as\u00ed como al fomento de utilizaci\u00f3n de residuos de menor impacto ambiental.<\/p>\n","protected":false},"excerpt":{"rendered":"<p>#informativoelvalledeaguascalientes #novaradioaguascalientes &nbsp; Se efectuaron los trabajos de la quinta sesi\u00f3n ordinaria del segundo a\u00f1o de ejercicio legislativo en el Congreso de Aguascalientes, que dirige el diputado presidente de la Mesa Directiva de la LXV Legislatura, Maximiliano Ram\u00edrez, en el cual avalaron diversas disposiciones en temas de medio ambiente, transporte p\u00fablico y bombardeo de nubes. [&hellip;]<\/p>\n","protected":false},"author":1,"featured_media":41926,"comment_status":"closed","ping_status":"open","sticky":false,"template":"","format":"standard","meta":{"advanced_seo_description":"","jetpack_seo_html_title":"","jetpack_seo_noindex":false,"_jetpack_memberships_contains_paid_content":false,"footnotes":"","jetpack_publicize_message":"","jetpack_publicize_feature_enabled":true,"jetpack_social_post_already_shared":true,"jetpack_social_options":{"image_generator_settings":{"template":"highway","default_image_id":0,"font":"","enabled":false},"version":2}},"categories":[21,5],"tags":[22,520],"class_list":["post-41924","post","type-post","status-publish","format-standard","has-post-thumbnail","hentry","category-aguascalientes","category-h-congreso-del-estado-aguascalientes","tag-aguascalientes","tag-lxv-legislatura-aguascalientes"],"jetpack_publicize_connections":[],"jetpack_featured_media_url":"https:\/\/i0.wp.com\/informativoelvalledeaguascalientes.online\/wp-content\/uploads\/2023\/04\/DSC_1868.jpg?fit=852%2C568&ssl=1","jetpack-related-posts":[],"jetpack_sharing_enabled":true,"jetpack_likes_enabled":true,"_links":{"self":[{"href":"https:\/\/informativoelvalledeaguascalientes.online\/index.php?rest_route=\/wp\/v2\/posts\/41924","targetHints":{"allow":["GET"]}}],"collection":[{"href":"https:\/\/informativoelvalledeaguascalientes.online\/index.php?rest_route=\/wp\/v2\/posts"}],"about":[{"href":"https:\/\/informativoelvalledeaguascalientes.online\/index.php?rest_route=\/wp\/v2\/types\/post"}],"author":[{"embeddable":true,"href":"https:\/\/informativoelvalledeaguascalientes.online\/index.php?rest_route=\/wp\/v2\/users\/1"}],"replies":[{"embeddable":true,"href":"https:\/\/informativoelvalledeaguascalientes.online\/index.php?rest_route=%2Fwp%2Fv2%2Fcomments&post=41924"}],"version-history":[{"count":1,"href":"https:\/\/informativoelvalledeaguascalientes.online\/index.php?rest_route=\/wp\/v2\/posts\/41924\/revisions"}],"predecessor-version":[{"id":41927,"href":"https:\/\/informativoelvalledeaguascalientes.online\/index.php?rest_route=\/wp\/v2\/posts\/41924\/revisions\/41927"}],"wp:featuredmedia":[{"embeddable":true,"href":"https:\/\/informativoelvalledeaguascalientes.online\/index.php?rest_route=\/wp\/v2\/media\/41926"}],"wp:attachment":[{"href":"https:\/\/informativoelvalledeaguascalientes.online\/index.php?rest_route=%2Fwp%2Fv2%2Fmedia&parent=41924"}],"wp:term":[{"taxonomy":"category","embeddable":true,"href":"https:\/\/informativoelvalledeaguascalientes.online\/index.php?rest_route=%2Fwp%2Fv2%2Fcategories&post=41924"},{"taxonomy":"post_tag","embeddable":true,"href":"https:\/\/informativoelvalledeaguascalientes.online\/index.php?rest_route=%2Fwp%2Fv2%2Ftags&post=41924"}],"curies":[{"name":"wp","href":"https:\/\/api.w.org\/{rel}","templated":true}]}}