{"id":41921,"date":"2023-04-05T23:40:18","date_gmt":"2023-04-06T05:40:18","guid":{"rendered":"https:\/\/informativoelvalledeaguascalientes.online\/?p=41921"},"modified":"2023-04-05T23:40:18","modified_gmt":"2023-04-06T05:40:18","slug":"comision-de-vigilancia-del-congreso-de-aguascalientes-analiza-perfiles-para-ocupar-el-cargo-de-titular-del-organo-interno-de-control-del-iee","status":"publish","type":"post","link":"https:\/\/informativoelvalledeaguascalientes.online\/?p=41921","title":{"rendered":"COMISI\u00d3N DE VIGILANCIA DEL CONGRESO DE AGUASCALIENTES ANALIZA PERFILES PARA OCUPAR EL CARGO DE TITULAR DEL \u00d3RGANO INTERNO DE CONTROL DEL IEE"},"content":{"rendered":"<p><strong><a href=\"https:\/\/www.facebook.com\/hashtag\/informativoelvalledeaguascalientes\">#informativoelvalledeaguascalientes<\/a><\/strong><\/p>\n<p><strong><a href=\"https:\/\/www.facebook.com\/hashtag\/novaradioaguascalientes\">#novaradioaguascalientes<\/a><\/strong><\/p>\n<ul>\n<li><em>Sus integrantes acordaron que el viernes 14 de abril entrevistar\u00e1n por separado, a cada aspirante de una quinteta que aprob\u00f3 los requisitos establecidos en la convocatoria.<\/em><\/li>\n<\/ul>\n<p><em>\u00a0<\/em><\/p>\n<p>&nbsp;<\/p>\n<p>Analiza la Comisi\u00f3n de Vigilancia del Congreso de Aguascalientes que preside el diputado Jaime Gonz\u00e1lez de Le\u00f3n, los perfiles que conforman una quinteta de aspirantes a ocupar el cargo de titular del \u00d3rgano Interno de Control del Instituto Estatal Electoral (IEE), quienes aprobaron los requisitos que se establecieron en la convocatoria.<\/p>\n<p>&nbsp;<\/p>\n<p>De esta manera, el legislador Gonz\u00e1lez de Le\u00f3n inform\u00f3 que previo acuerdo con las y los integrantes de la Comisi\u00f3n a la que se hace referencia, en una sesi\u00f3n ordinaria que tendr\u00e1 verificativo el pr\u00f3ximo viernes 14 de abril, proceder\u00e1n con la entrevista a cada candidata y candidato al puesto.<\/p>\n<p>&nbsp;<\/p>\n<p>Las y los aspirantes que presentaron su documentaci\u00f3n son: Benilde Maga\u00f1a Barriga, Luis Fernando Serrano Mart\u00ednez, Jorge Luis G\u00f3mez de la Rosa, H\u00e9ctor Santana Becerril y Nora Lizbeth Mu\u00f1oz Ch\u00e1vez.<\/p>\n<p>&nbsp;<\/p>\n<p>Al respecto el representante popular subray\u00f3 que tomar\u00e1n en cuenta la experiencia en el ramo, credenciales acad\u00e9micas, y principalmente, viabilidad en su propuesta de plan de trabajo.<\/p>\n<p>&nbsp;<\/p>\n<p>Reiter\u00f3 que para este tipo de cargos se requiere de mayor especializaci\u00f3n y conocimientos t\u00e9cnicos, pues as\u00ed lo demanda la ciudadan\u00eda y el marco normativo en materia de transparencia y rendici\u00f3n de cuentas.<\/p>\n<p>&nbsp;<\/p>\n<p>Para esta sesi\u00f3n que se realiz\u00f3 en el sal\u00f3n Aquiles Elourduy Garc\u00eda, se cont\u00f3 con la presencia de las diputadas Mar\u00eda de Jes\u00fas D\u00edaz, Gladys Ram\u00edrez, Yolitz\u00edn Rodr\u00edguez y el diputado Cuauht\u00e9moc Escobedo, quienes fungen como secretaria y vocales de la Comisi\u00f3n de Vigilancia, en ese orden.<\/p>\n<p>&nbsp;<\/p>\n","protected":false},"excerpt":{"rendered":"<p>#informativoelvalledeaguascalientes #novaradioaguascalientes Sus integrantes acordaron que el viernes 14 de abril entrevistar\u00e1n por separado, a cada aspirante de una quinteta que aprob\u00f3 los requisitos establecidos en la convocatoria. \u00a0 &nbsp; Analiza la Comisi\u00f3n de Vigilancia del Congreso de Aguascalientes que preside el diputado Jaime Gonz\u00e1lez de Le\u00f3n, los perfiles que conforman una quinteta de aspirantes [&hellip;]<\/p>\n","protected":false},"author":1,"featured_media":41922,"comment_status":"closed","ping_status":"open","sticky":false,"template":"","format":"standard","meta":{"advanced_seo_description":"","jetpack_seo_html_title":"","jetpack_seo_noindex":false,"_jetpack_memberships_contains_paid_content":false,"footnotes":"","jetpack_publicize_message":"","jetpack_publicize_feature_enabled":true,"jetpack_social_post_already_shared":true,"jetpack_social_options":{"image_generator_settings":{"template":"highway","default_image_id":0,"font":"","enabled":false},"version":2}},"categories":[21,5],"tags":[22,520],"class_list":["post-41921","post","type-post","status-publish","format-standard","has-post-thumbnail","hentry","category-aguascalientes","category-h-congreso-del-estado-aguascalientes","tag-aguascalientes","tag-lxv-legislatura-aguascalientes"],"jetpack_publicize_connections":[],"jetpack_featured_media_url":"https:\/\/i0.wp.com\/informativoelvalledeaguascalientes.online\/wp-content\/uploads\/2023\/04\/DSC_1488-scaled.jpg?fit=2560%2C1706&ssl=1","jetpack-related-posts":[],"jetpack_sharing_enabled":true,"jetpack_likes_enabled":true,"_links":{"self":[{"href":"https:\/\/informativoelvalledeaguascalientes.online\/index.php?rest_route=\/wp\/v2\/posts\/41921","targetHints":{"allow":["GET"]}}],"collection":[{"href":"https:\/\/informativoelvalledeaguascalientes.online\/index.php?rest_route=\/wp\/v2\/posts"}],"about":[{"href":"https:\/\/informativoelvalledeaguascalientes.online\/index.php?rest_route=\/wp\/v2\/types\/post"}],"author":[{"embeddable":true,"href":"https:\/\/informativoelvalledeaguascalientes.online\/index.php?rest_route=\/wp\/v2\/users\/1"}],"replies":[{"embeddable":true,"href":"https:\/\/informativoelvalledeaguascalientes.online\/index.php?rest_route=%2Fwp%2Fv2%2Fcomments&post=41921"}],"version-history":[{"count":1,"href":"https:\/\/informativoelvalledeaguascalientes.online\/index.php?rest_route=\/wp\/v2\/posts\/41921\/revisions"}],"predecessor-version":[{"id":41923,"href":"https:\/\/informativoelvalledeaguascalientes.online\/index.php?rest_route=\/wp\/v2\/posts\/41921\/revisions\/41923"}],"wp:featuredmedia":[{"embeddable":true,"href":"https:\/\/informativoelvalledeaguascalientes.online\/index.php?rest_route=\/wp\/v2\/media\/41922"}],"wp:attachment":[{"href":"https:\/\/informativoelvalledeaguascalientes.online\/index.php?rest_route=%2Fwp%2Fv2%2Fmedia&parent=41921"}],"wp:term":[{"taxonomy":"category","embeddable":true,"href":"https:\/\/informativoelvalledeaguascalientes.online\/index.php?rest_route=%2Fwp%2Fv2%2Fcategories&post=41921"},{"taxonomy":"post_tag","embeddable":true,"href":"https:\/\/informativoelvalledeaguascalientes.online\/index.php?rest_route=%2Fwp%2Fv2%2Ftags&post=41921"}],"curies":[{"name":"wp","href":"https:\/\/api.w.org\/{rel}","templated":true}]}}