{"id":41916,"date":"2023-04-05T23:30:27","date_gmt":"2023-04-06T05:30:27","guid":{"rendered":"https:\/\/informativoelvalledeaguascalientes.online\/?p=41916"},"modified":"2023-04-05T23:30:27","modified_gmt":"2023-04-06T05:30:27","slug":"refuerza-proteccion-civil-municipal-operativo-de-semana-santa-con-buzos-especializados-en-rescate-acuatico","status":"publish","type":"post","link":"https:\/\/informativoelvalledeaguascalientes.online\/?p=41916","title":{"rendered":"REFUERZA PROTECCI\u00d3N CIVIL MUNICIPAL OPERATIVO DE SEMANA SANTA CON BUZOS ESPECIALIZADOS EN RESCATE ACU\u00c1TICO"},"content":{"rendered":"<p><strong><a href=\"https:\/\/www.facebook.com\/hashtag\/informativoelvalledeaguascalientes\">#informativoelvalledeaguascalientes<\/a><\/strong><\/p>\n<p><strong><a href=\"https:\/\/www.facebook.com\/hashtag\/novaradioaguascalientes\">#novaradioaguascalientes<\/a><\/strong><\/p>\n<p><strong><a class=\"x1i10hfl xjbqb8w x6umtig x1b1mbwd xaqea5y xav7gou x9f619 x1ypdohk xt0psk2 xe8uvvx xdj266r x11i5rnm xat24cr x1mh8g0r xexx8yu x4uap5 x18d9i69 xkhd6sd x16tdsg8 x1hl2dhg xggy1nq x1a2a7pz xt0b8zv x1qq9wsj xo1l8bm\" tabindex=\"0\" role=\"link\" href=\"https:\/\/www.facebook.com\/hashtag\/laciudaddetuvida?__eep__=6&amp;__cft__[0]=AZVUzG-uzEgkHBxlWi4clX4-qXx_nfGicugdShvx3oYxvDeUIl1My5bfFXiXTmVU7O9FCNwHdVuQiVqIjO99-u7dxeUq1S3CqcB1PNpBXLQtm-Q1JLiRFFX8c4SEMe3VqRRgSs9kS8-Ajp6HnW6ebLd3GeB3j-SCsEGrTUVXz1WdbDeQs8bs0Dry33nLaV6fVU4&amp;__tn__=*NK-R\">#LaCiudadDeTuVida<\/a><\/strong><\/p>\n<ul>\n<li><strong>Catorce buzos se encuentran preparados para actuar en caso de alguna emergencia o situaci\u00f3n de riesgo en presas y bordos<\/strong><\/li>\n<\/ul>\n<p>La Coordinaci\u00f3n Municipal de Protecci\u00f3n Civil reforzar\u00e1 el Operativo de Semana Santa 2023 con una Secci\u00f3n de Rescate Acu\u00e1tico especializada en manejo de lesionados, prevenci\u00f3n de accidentes acu\u00e1ticos, b\u00fasqueda, rescate, salvamento y recuperaci\u00f3n de cuerpos, para atender emergencias durante los d\u00edas de asueto en que aumenta la afluencia en presas y bordos.<\/p>\n<p>El titular de la dependencia\u00a0<strong>Jos\u00e9 Gabino V\u00e1zquez Vega<\/strong>\u00a0dio a conocer que la Secci\u00f3n de Rescate Acu\u00e1tico en los \u00faltimos a\u00f1os ha tenido una participaci\u00f3n importante, contando con 14 elementos activos distribuidos en tres equipos que cubren turnos de 24 horas cada uno, quienes se capacitan diariamente para fortalecerse f\u00edsica y mentalmente para resistir las variantes o tipos de escenarios como presas, bordos, albercas y aljibes, entre otros.<\/p>\n<p>Refiri\u00f3 que la mayor parte de estos efectivos Buzos de Rescate se encuentran certificados por la agencia PADI, Emergency First, Rescue Diver and Surface Suplied Dive, Advanced Open Water Diver y Open Water Diver.<\/p>\n<p>Reiter\u00f3 el llamado a la poblaci\u00f3n a evitar el exceso de bebidas embriagantes y nadar en presas o bordos, adem\u00e1s de hacer uso obligatorio de chaleco salvavidas en caso de utilizar alguna embarcaci\u00f3n por peque\u00f1a que sea o veh\u00edculo acu\u00e1tico.<\/p>\n<p>Finalmente, record\u00f3 los n\u00fameros telef\u00f3nicos para hacer reportes o solicitar ayuda ante alguna emergencia: \u00a0449 970 4053, 449 918 2811, 911 y la l\u00ednea de atenci\u00f3n ciudadana 072.<\/p>\n","protected":false},"excerpt":{"rendered":"<p>#informativoelvalledeaguascalientes #novaradioaguascalientes #LaCiudadDeTuVida Catorce buzos se encuentran preparados para actuar en caso de alguna emergencia o situaci\u00f3n de riesgo en presas y bordos La Coordinaci\u00f3n Municipal de Protecci\u00f3n Civil reforzar\u00e1 el Operativo de Semana Santa 2023 con una Secci\u00f3n de Rescate Acu\u00e1tico especializada en manejo de lesionados, prevenci\u00f3n de accidentes acu\u00e1ticos, b\u00fasqueda, rescate, salvamento y [&hellip;]<\/p>\n","protected":false},"author":1,"featured_media":41913,"comment_status":"closed","ping_status":"open","sticky":false,"template":"","format":"standard","meta":{"advanced_seo_description":"","jetpack_seo_html_title":"","jetpack_seo_noindex":false,"_jetpack_memberships_contains_paid_content":false,"footnotes":"","jetpack_publicize_message":"","jetpack_publicize_feature_enabled":true,"jetpack_social_post_already_shared":true,"jetpack_social_options":{"image_generator_settings":{"template":"highway","default_image_id":0,"font":"","enabled":false},"version":2}},"categories":[21,3],"tags":[22,25,336],"class_list":["post-41916","post","type-post","status-publish","format-standard","has-post-thumbnail","hentry","category-aguascalientes","category-municipio-aguascalientes","tag-aguascalientes","tag-mpio-aguascalientes","tag-mpio-aguascalientes-coordinacion-municipal-de-proteccion-civil"],"jetpack_publicize_connections":[],"jetpack_featured_media_url":"https:\/\/i0.wp.com\/informativoelvalledeaguascalientes.online\/wp-content\/uploads\/2023\/04\/20230329_101330-scaled-1.jpg?fit=2560%2C1154&ssl=1","jetpack-related-posts":[],"jetpack_sharing_enabled":true,"jetpack_likes_enabled":true,"_links":{"self":[{"href":"https:\/\/informativoelvalledeaguascalientes.online\/index.php?rest_route=\/wp\/v2\/posts\/41916","targetHints":{"allow":["GET"]}}],"collection":[{"href":"https:\/\/informativoelvalledeaguascalientes.online\/index.php?rest_route=\/wp\/v2\/posts"}],"about":[{"href":"https:\/\/informativoelvalledeaguascalientes.online\/index.php?rest_route=\/wp\/v2\/types\/post"}],"author":[{"embeddable":true,"href":"https:\/\/informativoelvalledeaguascalientes.online\/index.php?rest_route=\/wp\/v2\/users\/1"}],"replies":[{"embeddable":true,"href":"https:\/\/informativoelvalledeaguascalientes.online\/index.php?rest_route=%2Fwp%2Fv2%2Fcomments&post=41916"}],"version-history":[{"count":1,"href":"https:\/\/informativoelvalledeaguascalientes.online\/index.php?rest_route=\/wp\/v2\/posts\/41916\/revisions"}],"predecessor-version":[{"id":41917,"href":"https:\/\/informativoelvalledeaguascalientes.online\/index.php?rest_route=\/wp\/v2\/posts\/41916\/revisions\/41917"}],"wp:featuredmedia":[{"embeddable":true,"href":"https:\/\/informativoelvalledeaguascalientes.online\/index.php?rest_route=\/wp\/v2\/media\/41913"}],"wp:attachment":[{"href":"https:\/\/informativoelvalledeaguascalientes.online\/index.php?rest_route=%2Fwp%2Fv2%2Fmedia&parent=41916"}],"wp:term":[{"taxonomy":"category","embeddable":true,"href":"https:\/\/informativoelvalledeaguascalientes.online\/index.php?rest_route=%2Fwp%2Fv2%2Fcategories&post=41916"},{"taxonomy":"post_tag","embeddable":true,"href":"https:\/\/informativoelvalledeaguascalientes.online\/index.php?rest_route=%2Fwp%2Fv2%2Ftags&post=41916"}],"curies":[{"name":"wp","href":"https:\/\/api.w.org\/{rel}","templated":true}]}}