{"id":41833,"date":"2023-04-03T19:06:22","date_gmt":"2023-04-04T01:06:22","guid":{"rendered":"https:\/\/informativoelvalledeaguascalientes.online\/?p=41833"},"modified":"2023-04-03T19:06:22","modified_gmt":"2023-04-04T01:06:22","slug":"nueva-exhibicion-de-tecnologia-y-autos-en-el-museo-descubre","status":"publish","type":"post","link":"https:\/\/informativoelvalledeaguascalientes.online\/?p=41833","title":{"rendered":"NUEVA EXHIBICI\u00d3N DE TECNOLOG\u00cdA Y AUTOS EN EL MUSEO DESCUBRE"},"content":{"rendered":"<p><strong><a href=\"https:\/\/www.facebook.com\/hashtag\/informativoelvalledeaguascalientes\">#informativoelvalledeaguascalientes<\/a><\/strong><\/p>\n<p><strong><a href=\"https:\/\/www.facebook.com\/hashtag\/novaradioaguascalientes\">#novaradioaguascalientes<\/a><\/strong><\/p>\n<p><strong><a href=\"https:\/\/www.facebook.com\/GobiernodeAguascalientes\">#ElGiganteDeMexico<\/a><\/strong><\/p>\n<ul class=\"public-DraftStyleDefault-ul\">\n<li id=\"viewer-9yu8q1763\" class=\"_3Kjjs _78FBa public-DraftStyleDefault-unorderedListItem public-DraftStyleDefault-depth0 public-DraftStyleDefault-list-ltr fixed-tab-size public-DraftStyleDefault-reset _1FoOD _78FBa\">\n<p class=\"_1j-51 _1FoOD _78FBa undefined\"><strong><em>A partir del 15 de abril se presentar\u00e1 la sala temporal \u201cLa ciencia detr\u00e1s del autom\u00f3vil\u201d<\/em><\/strong><\/p>\n<\/li>\n<li id=\"viewer-7whnk1772\" class=\"_3Kjjs _78FBa public-DraftStyleDefault-unorderedListItem public-DraftStyleDefault-depth0 public-DraftStyleDefault-list-ltr fixed-tab-size _1FoOD _78FBa\">\n<p class=\"_1j-51 _1FoOD _78FBa undefined\"><strong><em>Los visitantes descubrir\u00e1n los secretos cient\u00edficos de veh\u00edculos como Ferrari, Porsche y Lamborghini<\/em><\/strong><\/p>\n<\/li>\n<\/ul>\n<div id=\"viewer-syd571774\" class=\"mm8Nw _1j-51 _1FoOD _78FBa public-DraftStyleDefault-block-depth0 fixed-tab-size public-DraftStyleDefault-text-ltr\"><span class=\"_2PHJq public-DraftStyleDefault-ltr\">\u00a0<\/span><\/div>\n<p id=\"viewer-xh6gp1775\" class=\"mm8Nw _1j-51 _1FoOD _78FBa public-DraftStyleDefault-block-depth0 fixed-tab-size public-DraftStyleDefault-text-ltr\"><span class=\"_2PHJq public-DraftStyleDefault-ltr\">En el marco de la celebraci\u00f3n de la Feria Nacional de San Marcos, y como parte del inter\u00e9s de la gobernadora de Aguascalientes, Tere Jim\u00e9nez, por hacer de esta la mejor edici\u00f3n de la verbena, el Museo Descubre presentar\u00e1 la exhibici\u00f3n temporal \u201cLa ciencia detr\u00e1s del autom\u00f3vil\u201d, a partir del 15 de abril de 2023 y hasta el mes de mayo de 2024, un espacio en el que las y los visitantes de todas las edades conocer\u00e1n los secretos cient\u00edficos y tecnol\u00f3gicos que se plasman en la creaci\u00f3n de un veh\u00edculo.<\/span><\/p>\n<div id=\"viewer-xm33k1777\" class=\"mm8Nw _1j-51 _1FoOD _78FBa public-DraftStyleDefault-block-depth0 fixed-tab-size public-DraftStyleDefault-text-ltr\"><span class=\"_2PHJq public-DraftStyleDefault-ltr\">\u00a0<\/span><\/div>\n<p id=\"viewer-uwotc1778\" class=\"mm8Nw _1j-51 _1FoOD _78FBa public-DraftStyleDefault-block-depth0 fixed-tab-size public-DraftStyleDefault-text-ltr\"><span class=\"_2PHJq public-DraftStyleDefault-ltr\">El secretario de Desarrollo Econ\u00f3mico, Ciencia y Tecnolog\u00eda (Sedecyt), Manuel Alejandro Gonz\u00e1lez Mart\u00ednez, se\u00f1al\u00f3 que este tipo de experiencias did\u00e1cticas e inmersivas, apegadas al arraigo que tiene la industria automotriz en nuestro estado, estimulan las vocaciones cient\u00edficas principalmente en ni\u00f1os y j\u00f3venes de Aguascalientes.<\/span><\/p>\n<div id=\"viewer-a1z991780\" class=\"mm8Nw _1j-51 _1FoOD _78FBa public-DraftStyleDefault-block-depth0 fixed-tab-size public-DraftStyleDefault-text-ltr\"><span class=\"_2PHJq public-DraftStyleDefault-ltr\">\u00a0<\/span><\/div>\n<p id=\"viewer-wdc541781\" class=\"mm8Nw _1j-51 _1FoOD _78FBa public-DraftStyleDefault-block-depth0 fixed-tab-size public-DraftStyleDefault-text-ltr\"><span class=\"_2PHJq public-DraftStyleDefault-ltr\">Por su parte, Ana Claudia Morales Due\u00f1as, directora general del Instituto de Ciencia y Tecnolog\u00eda (Incytea), detall\u00f3 que entre las marcas de autos que se exhibir\u00e1n destacan Ferrari, Porsche y Lamborghini, acompa\u00f1ados tambi\u00e9n de veh\u00edculos cl\u00e1sicos, ex\u00f3ticos y algunos otros de colecci\u00f3n, a trav\u00e9s de los cuales los asistentes conocer\u00e1n acerca de la inercia, el equilibrio, los tipos de motor, suspensi\u00f3n, transmisi\u00f3n y la conducci\u00f3n.<\/span><\/p>\n<div id=\"viewer-h68r11783\" class=\"mm8Nw _1j-51 _1FoOD _78FBa public-DraftStyleDefault-block-depth0 fixed-tab-size public-DraftStyleDefault-text-ltr\"><span class=\"_2PHJq public-DraftStyleDefault-ltr\">\u00a0<\/span><\/div>\n<p id=\"viewer-nuvwu1784\" class=\"mm8Nw _1j-51 _1FoOD _78FBa public-DraftStyleDefault-block-depth0 fixed-tab-size public-DraftStyleDefault-text-ltr\"><span class=\"_2PHJq public-DraftStyleDefault-ltr\">Esta importante exhibici\u00f3n, \u00fanica en el pa\u00eds, estar\u00e1 disponible de martes a viernes de 9:00 a 18:00 horas, y s\u00e1bados y domingos de 11:00 a 19:00 horas, con un costo de 150 pesos el acceso general; mientras que estudiantes, personas de la tercera edad y con discapacidad pagar\u00e1n \u00fanicamente 100 pesos, puntualiz\u00f3 el director del Museo Descubre, Mauricio Alafita S\u00e1enz.<\/span><\/p>\n","protected":false},"excerpt":{"rendered":"<p>#informativoelvalledeaguascalientes #novaradioaguascalientes #ElGiganteDeMexico A partir del 15 de abril se presentar\u00e1 la sala temporal \u201cLa ciencia detr\u00e1s del autom\u00f3vil\u201d Los visitantes descubrir\u00e1n los secretos cient\u00edficos de veh\u00edculos como Ferrari, Porsche y Lamborghini \u00a0 En el marco de la celebraci\u00f3n de la Feria Nacional de San Marcos, y como parte del inter\u00e9s de la gobernadora de [&hellip;]<\/p>\n","protected":false},"author":1,"featured_media":41834,"comment_status":"closed","ping_status":"open","sticky":false,"template":"","format":"standard","meta":{"advanced_seo_description":"","jetpack_seo_html_title":"","jetpack_seo_noindex":false,"_jetpack_memberships_contains_paid_content":false,"footnotes":"","jetpack_publicize_message":"","jetpack_publicize_feature_enabled":true,"jetpack_social_post_already_shared":false,"jetpack_social_options":{"image_generator_settings":{"template":"highway","default_image_id":0,"font":"","enabled":false},"version":2}},"categories":[21,4],"tags":[22,161,610,320],"class_list":["post-41833","post","type-post","status-publish","format-standard","has-post-thumbnail","hentry","category-aguascalientes","category-gobierno-del-estado-aguascalientes","tag-aguascalientes","tag-gobierno-del-estado-aguascalientes","tag-sedecyt","tag-tere-jimenez"],"jetpack_publicize_connections":[],"jetpack_featured_media_url":"https:\/\/i0.wp.com\/informativoelvalledeaguascalientes.online\/wp-content\/uploads\/2023\/04\/3-1.jpeg?fit=1600%2C1066&ssl=1","jetpack-related-posts":[],"jetpack_sharing_enabled":true,"jetpack_likes_enabled":true,"_links":{"self":[{"href":"https:\/\/informativoelvalledeaguascalientes.online\/index.php?rest_route=\/wp\/v2\/posts\/41833","targetHints":{"allow":["GET"]}}],"collection":[{"href":"https:\/\/informativoelvalledeaguascalientes.online\/index.php?rest_route=\/wp\/v2\/posts"}],"about":[{"href":"https:\/\/informativoelvalledeaguascalientes.online\/index.php?rest_route=\/wp\/v2\/types\/post"}],"author":[{"embeddable":true,"href":"https:\/\/informativoelvalledeaguascalientes.online\/index.php?rest_route=\/wp\/v2\/users\/1"}],"replies":[{"embeddable":true,"href":"https:\/\/informativoelvalledeaguascalientes.online\/index.php?rest_route=%2Fwp%2Fv2%2Fcomments&post=41833"}],"version-history":[{"count":1,"href":"https:\/\/informativoelvalledeaguascalientes.online\/index.php?rest_route=\/wp\/v2\/posts\/41833\/revisions"}],"predecessor-version":[{"id":41835,"href":"https:\/\/informativoelvalledeaguascalientes.online\/index.php?rest_route=\/wp\/v2\/posts\/41833\/revisions\/41835"}],"wp:featuredmedia":[{"embeddable":true,"href":"https:\/\/informativoelvalledeaguascalientes.online\/index.php?rest_route=\/wp\/v2\/media\/41834"}],"wp:attachment":[{"href":"https:\/\/informativoelvalledeaguascalientes.online\/index.php?rest_route=%2Fwp%2Fv2%2Fmedia&parent=41833"}],"wp:term":[{"taxonomy":"category","embeddable":true,"href":"https:\/\/informativoelvalledeaguascalientes.online\/index.php?rest_route=%2Fwp%2Fv2%2Fcategories&post=41833"},{"taxonomy":"post_tag","embeddable":true,"href":"https:\/\/informativoelvalledeaguascalientes.online\/index.php?rest_route=%2Fwp%2Fv2%2Ftags&post=41833"}],"curies":[{"name":"wp","href":"https:\/\/api.w.org\/{rel}","templated":true}]}}