{"id":41716,"date":"2023-03-29T23:27:50","date_gmt":"2023-03-30T05:27:50","guid":{"rendered":"https:\/\/informativoelvalledeaguascalientes.online\/?p=41716"},"modified":"2023-03-29T23:27:50","modified_gmt":"2023-03-30T05:27:50","slug":"trabajamos-para-que-las-familias-de-aguascalientes-accedan-a-una-vivienda-digna-tere-jimenez","status":"publish","type":"post","link":"https:\/\/informativoelvalledeaguascalientes.online\/?p=41716","title":{"rendered":"TRABAJAMOS PARA QUE LAS FAMILIAS DE AGUASCALIENTES ACCEDAN A UNA VIVIENDA DIGNA: TERE JIM\u00c9NEZ"},"content":{"rendered":"<div id=\"bgLayers_comp-l7sjppch\" class=\"MW5IWV\" data-hook=\"bgLayers\">\n<div id=\"bgMedia_comp-l7sjppch\" class=\"VgO9Yg\">\n<p><strong><a href=\"https:\/\/www.facebook.com\/hashtag\/informativoelvalledeaguascalientes\">#informativoelvalledeaguascalientes<\/a><\/strong><\/p>\n<p><strong><a href=\"https:\/\/www.facebook.com\/hashtag\/novaradioaguascalientes\">#novaradioaguascalientes<\/a><\/strong><\/p>\n<p><strong><a href=\"https:\/\/www.facebook.com\/GobiernodeAguascalientes\">#ElGiganteDeMexico<\/a><\/strong><\/p>\n<\/div>\n<\/div>\n<div class=\"\" data-mesh-id=\"comp-l7sjppchinlineContent\" data-testid=\"inline-content\">\n<div data-mesh-id=\"comp-l7sjppchinlineContent-gridContainer\" data-testid=\"mesh-container-content\">\n<section id=\"comp-l7sh9ubq\" class=\"comp-l7sh9ubq Lw0u6i wixui-column-strip\">\n<div class=\"So7Ias\" data-testid=\"columns\">\n<div id=\"comp-l7sh9ubr2\" class=\"comp-l7sh9ubr2 YzqVVZ wixui-column-strip__column\">\n<div class=\"\" data-mesh-id=\"comp-l7sh9ubr2inlineContent\" data-testid=\"inline-content\">\n<div data-mesh-id=\"comp-l7sh9ubr2inlineContent-gridContainer\" data-testid=\"mesh-container-content\">\n<div id=\"comp-l7sh9ubx\" class=\"TWFxr5\">\n<div class=\"comp-l7sh9ubx\">\n<div class=\"s1IW4bz comp-l7sh9ubx\" data-hook=\"ricosviewer-wrapper\">\n<div class=\"kvdbP _1O7aH\" dir=\"ltr\" data-id=\"rich-content-viewer\">\n<div class=\"_1hN1O _3EPBy\">\n<p id=\"viewer-foo\" class=\"mm8Nw _1j-51 _1FoOD _78FBa public-DraftStyleDefault-block-depth0 fixed-tab-size public-DraftStyleDefault-text-ltr\"><span class=\"_2PHJq public-DraftStyleDefault-ltr\">La gobernadora Tere Jim\u00e9nez present\u00f3 el programa de Autoconstrucci\u00f3n, a trav\u00e9s del cual se apoyar\u00e1 a las familias para que puedan concluir o ampliar su vivienda, con cr\u00e9ditos para comprar materiales de construcci\u00f3n a bajo costo.<\/span><\/p>\n<div id=\"viewer-ve6lo9203\" class=\"mm8Nw _1j-51 _1FoOD _78FBa public-DraftStyleDefault-block-depth0 fixed-tab-size public-DraftStyleDefault-text-ltr\"><span class=\"_2PHJq public-DraftStyleDefault-ltr\">\u00a0<\/span><\/div>\n<p id=\"viewer-l121y9183\" class=\"mm8Nw _1j-51 _1FoOD _78FBa public-DraftStyleDefault-block-depth0 fixed-tab-size public-DraftStyleDefault-text-ltr\"><span class=\"_2PHJq public-DraftStyleDefault-ltr\">\u201cEstas acciones son muy importantes; con Autoconstrucci\u00f3n ustedes podr\u00e1n poner el piso, hacer el cuarto que les falta, el ba\u00f1o. Yo les voy a seguir acercando los programas de vivienda, pero les pido que todos hagamos lo que nos corresponde; ac\u00e9rquense al Instituto de Vivienda para que sigan haciendo de su hogar la casa de sus sue\u00f1os\u201d, asegur\u00f3 la gobernadora.<\/span><\/p>\n<div id=\"viewer-lba6s9211\" class=\"mm8Nw _1j-51 _1FoOD _78FBa public-DraftStyleDefault-block-depth0 fixed-tab-size public-DraftStyleDefault-text-ltr\"><span class=\"_2PHJq public-DraftStyleDefault-ltr\">\u00a0<\/span><\/div>\n<p id=\"viewer-0tozu9185\" class=\"mm8Nw _1j-51 _1FoOD _78FBa public-DraftStyleDefault-block-depth0 fixed-tab-size public-DraftStyleDefault-text-ltr\"><span class=\"_2PHJq public-DraftStyleDefault-ltr\">A\u00f1adi\u00f3 que con este tipo de programas no solo se busca fomentar la participaci\u00f3n ciudadana, sino que adem\u00e1s se recupera el sentido social y la raz\u00f3n de ser del Instituto de Vivienda Social y Ordenamiento de la Propiedad (IVSOP).<\/span><\/p>\n<div id=\"viewer-yani79219\" class=\"mm8Nw _1j-51 _1FoOD _78FBa public-DraftStyleDefault-block-depth0 fixed-tab-size public-DraftStyleDefault-text-ltr\"><span class=\"_2PHJq public-DraftStyleDefault-ltr\">\u00a0<\/span><\/div>\n<p id=\"viewer-rsj6t9187\" class=\"mm8Nw _1j-51 _1FoOD _78FBa public-DraftStyleDefault-block-depth0 fixed-tab-size public-DraftStyleDefault-text-ltr\"><span class=\"_2PHJq public-DraftStyleDefault-ltr\">La directora general del IVSOP, Gabriela Caudel de Luna, detall\u00f3 que en este programa se invertir\u00e1n 10 millones de pesos y se otorgar\u00e1n m\u00e1s de 250 cr\u00e9ditos, por un m\u00e1ximo de 40 mil pesos por beneficiario.<\/span><\/p>\n<div id=\"viewer-2riiw9227\" class=\"mm8Nw _1j-51 _1FoOD _78FBa public-DraftStyleDefault-block-depth0 fixed-tab-size public-DraftStyleDefault-text-ltr\"><span class=\"_2PHJq public-DraftStyleDefault-ltr\">\u00a0<\/span><\/div>\n<p id=\"viewer-6so8v9189\" class=\"mm8Nw _1j-51 _1FoOD _78FBa public-DraftStyleDefault-block-depth0 fixed-tab-size public-DraftStyleDefault-text-ltr\"><span class=\"_2PHJq public-DraftStyleDefault-ltr\">A\u00f1adi\u00f3 que el programa regresa luego de que dej\u00f3 de implementarse por muchos a\u00f1os, por lo que con estas acciones la gobernadora refrenda su compromiso con las familias de Aguascalientes para que cuenten con una vivienda digna.<\/span><\/p>\n<div id=\"viewer-i0pb79235\" class=\"mm8Nw _1j-51 _1FoOD _78FBa public-DraftStyleDefault-block-depth0 fixed-tab-size public-DraftStyleDefault-text-ltr\"><span class=\"_2PHJq public-DraftStyleDefault-ltr\">\u00a0<\/span><\/div>\n<p id=\"viewer-v21619191\" class=\"mm8Nw _1j-51 _1FoOD _78FBa public-DraftStyleDefault-block-depth0 fixed-tab-size public-DraftStyleDefault-text-ltr\"><span class=\"_2PHJq public-DraftStyleDefault-ltr\">En el arranque del programa estuvieron presentes Salvador Maximiliano Ram\u00edrez Hern\u00e1ndez, presidente de la Mesa Directiva del H. Congreso del Estado; Mayra Torres, diputada local del Distrito XV; Jaime Gallo Camacho, secretario de Desarrollo Urbano del Municipio de Aguascalientes; Arentsen D\u00e1vila Ram\u00edrez, presidente de la CMIC Aguascalientes, e Ignacio Flores Lugo, presidente de la Asociaci\u00f3n Mexicana de Profesionales Inmobiliarios.<\/span><\/p>\n<\/div>\n<\/div>\n<\/div>\n<\/div>\n<\/div>\n<\/div>\n<\/div>\n<\/div>\n<\/div>\n<\/section>\n<\/div>\n<\/div>\n","protected":false},"excerpt":{"rendered":"<p>#informativoelvalledeaguascalientes #novaradioaguascalientes #ElGiganteDeMexico La gobernadora Tere Jim\u00e9nez present\u00f3 el programa de Autoconstrucci\u00f3n, a trav\u00e9s del cual se apoyar\u00e1 a las familias para que puedan concluir o ampliar su vivienda, con cr\u00e9ditos para comprar materiales de construcci\u00f3n a bajo costo. \u00a0 \u201cEstas acciones son muy importantes; con Autoconstrucci\u00f3n ustedes podr\u00e1n poner el piso, hacer el cuarto [&hellip;]<\/p>\n","protected":false},"author":1,"featured_media":41717,"comment_status":"closed","ping_status":"open","sticky":false,"template":"","format":"standard","meta":{"advanced_seo_description":"","jetpack_seo_html_title":"","jetpack_seo_noindex":false,"_jetpack_memberships_contains_paid_content":false,"footnotes":"","jetpack_publicize_message":"","jetpack_publicize_feature_enabled":true,"jetpack_social_post_already_shared":false,"jetpack_social_options":{"image_generator_settings":{"template":"highway","default_image_id":0,"font":"","enabled":false},"version":2}},"categories":[21,4],"tags":[22,161,271,320],"class_list":["post-41716","post","type-post","status-publish","format-standard","has-post-thumbnail","hentry","category-aguascalientes","category-gobierno-del-estado-aguascalientes","tag-aguascalientes","tag-gobierno-del-estado-aguascalientes","tag-ivsop","tag-tere-jimenez"],"jetpack_publicize_connections":[],"jetpack_featured_media_url":"https:\/\/i0.wp.com\/informativoelvalledeaguascalientes.online\/wp-content\/uploads\/2023\/03\/338349978_194108783355434_8137142507439915582_n.jpeg?fit=1440%2C960&ssl=1","jetpack-related-posts":[],"jetpack_sharing_enabled":true,"jetpack_likes_enabled":true,"_links":{"self":[{"href":"https:\/\/informativoelvalledeaguascalientes.online\/index.php?rest_route=\/wp\/v2\/posts\/41716","targetHints":{"allow":["GET"]}}],"collection":[{"href":"https:\/\/informativoelvalledeaguascalientes.online\/index.php?rest_route=\/wp\/v2\/posts"}],"about":[{"href":"https:\/\/informativoelvalledeaguascalientes.online\/index.php?rest_route=\/wp\/v2\/types\/post"}],"author":[{"embeddable":true,"href":"https:\/\/informativoelvalledeaguascalientes.online\/index.php?rest_route=\/wp\/v2\/users\/1"}],"replies":[{"embeddable":true,"href":"https:\/\/informativoelvalledeaguascalientes.online\/index.php?rest_route=%2Fwp%2Fv2%2Fcomments&post=41716"}],"version-history":[{"count":1,"href":"https:\/\/informativoelvalledeaguascalientes.online\/index.php?rest_route=\/wp\/v2\/posts\/41716\/revisions"}],"predecessor-version":[{"id":41718,"href":"https:\/\/informativoelvalledeaguascalientes.online\/index.php?rest_route=\/wp\/v2\/posts\/41716\/revisions\/41718"}],"wp:featuredmedia":[{"embeddable":true,"href":"https:\/\/informativoelvalledeaguascalientes.online\/index.php?rest_route=\/wp\/v2\/media\/41717"}],"wp:attachment":[{"href":"https:\/\/informativoelvalledeaguascalientes.online\/index.php?rest_route=%2Fwp%2Fv2%2Fmedia&parent=41716"}],"wp:term":[{"taxonomy":"category","embeddable":true,"href":"https:\/\/informativoelvalledeaguascalientes.online\/index.php?rest_route=%2Fwp%2Fv2%2Fcategories&post=41716"},{"taxonomy":"post_tag","embeddable":true,"href":"https:\/\/informativoelvalledeaguascalientes.online\/index.php?rest_route=%2Fwp%2Fv2%2Ftags&post=41716"}],"curies":[{"name":"wp","href":"https:\/\/api.w.org\/{rel}","templated":true}]}}