{"id":41707,"date":"2023-03-29T23:20:37","date_gmt":"2023-03-30T05:20:37","guid":{"rendered":"https:\/\/informativoelvalledeaguascalientes.online\/?p=41707"},"modified":"2023-03-29T23:20:37","modified_gmt":"2023-03-30T05:20:37","slug":"intensifica-fuerza-1-labores-de-seguridad-en-aguascalientes","status":"publish","type":"post","link":"https:\/\/informativoelvalledeaguascalientes.online\/?p=41707","title":{"rendered":"INTENSIFICA FUERZA 1 LABORES DE SEGURIDAD EN AGUASCALIENTES"},"content":{"rendered":"<div id=\"bgLayers_comp-l7sh9ubr2\" class=\"MW5IWV\" data-hook=\"bgLayers\">\n<div id=\"bgMedia_comp-l7sh9ubr2\" class=\"VgO9Yg\"><\/div>\n<\/div>\n<div class=\"\" data-mesh-id=\"comp-l7sh9ubr2inlineContent\" data-testid=\"inline-content\">\n<div data-mesh-id=\"comp-l7sh9ubr2inlineContent-gridContainer\" data-testid=\"mesh-container-content\">\n<div id=\"comp-l7yvxqnz\" class=\"MazNVa comp-l7yvxqnz wixui-image rYiAuL\">\n<p><strong><a href=\"https:\/\/www.facebook.com\/hashtag\/informativoelvalledeaguascalientes\">#informativoelvalledeaguascalientes<\/a><\/strong><\/p>\n<p><strong><a href=\"https:\/\/www.facebook.com\/hashtag\/novaradioaguascalientes\">#novaradioaguascalientes<\/a><\/strong><\/p>\n<p><strong><a href=\"https:\/\/www.facebook.com\/GobiernodeAguascalientes\">#ElGiganteDeMexico<\/a><\/strong><\/p>\n<\/div>\n<div id=\"comp-l7sh9ubx\" class=\"TWFxr5\">\n<div class=\"comp-l7sh9ubx\">\n<div class=\"s1IW4bz comp-l7sh9ubx\" data-hook=\"ricosviewer-wrapper\">\n<div class=\"kvdbP _1O7aH\" dir=\"ltr\" data-id=\"rich-content-viewer\">\n<div class=\"_1hN1O _3EPBy\">\n<p id=\"viewer-foo\" class=\"mm8Nw _1j-51 _1FoOD _78FBa public-DraftStyleDefault-block-depth0 fixed-tab-size public-DraftStyleDefault-text-ltr\"><span class=\"_2PHJq public-DraftStyleDefault-ltr\">El secretario de Seguridad P\u00fablica de Aguascalientes, Manuel Alonso Garc\u00eda, dio a conocer que se intensificaron los recorridos de vigilancia y disuasi\u00f3n con el helic\u00f3ptero Fuerza 1, especialmente en los l\u00edmites con Zacatecas y Jalisco.<\/span><\/p>\n<div id=\"viewer-ix45m75904\" class=\"mm8Nw _1j-51 _1FoOD _78FBa public-DraftStyleDefault-block-depth0 fixed-tab-size public-DraftStyleDefault-text-ltr\"><span class=\"_2PHJq public-DraftStyleDefault-ltr\">\u00a0<\/span><\/div>\n<p id=\"viewer-5zwll75895\" class=\"mm8Nw _1j-51 _1FoOD _78FBa public-DraftStyleDefault-block-depth0 fixed-tab-size public-DraftStyleDefault-text-ltr\"><span class=\"_2PHJq public-DraftStyleDefault-ltr\">Subray\u00f3 que no se bajar\u00e1 la guardia en las labores que realiza la Polic\u00eda Estatal a lo largo y ancho del territorio local, pues la seguridad de las familias de Aguascalientes es lo m\u00e1s importante para la corporaci\u00f3n a su cargo.<\/span><\/p>\n<div id=\"viewer-jfxko75911\" class=\"mm8Nw _1j-51 _1FoOD _78FBa public-DraftStyleDefault-block-depth0 fixed-tab-size public-DraftStyleDefault-text-ltr\"><span class=\"_2PHJq public-DraftStyleDefault-ltr\">\u00a0<\/span><\/div>\n<p id=\"viewer-qrl0075897\" class=\"mm8Nw _1j-51 _1FoOD _78FBa public-DraftStyleDefault-block-depth0 fixed-tab-size public-DraftStyleDefault-text-ltr\"><span class=\"_2PHJq public-DraftStyleDefault-ltr\">Dijo que como parte de las acciones para fortalecer las labores de la aeronave, 18 integrantes de la Direcci\u00f3n General de Servicios A\u00e9reos de la Secretar\u00eda de Seguridad P\u00fablica del Estado (SSPE) fueron capacitados por la Universidad de la Polic\u00eda y Ciencias de la Seguridad de Aguascalientes (Unpol), lo que se reflejar\u00e1 en resultados positivos respecto al tiempo de actuaci\u00f3n de quienes se encuentran a cargo de la seguridad por el cielo.<\/span><\/p>\n<div id=\"viewer-q8hbg75918\" class=\"mm8Nw _1j-51 _1FoOD _78FBa public-DraftStyleDefault-block-depth0 fixed-tab-size public-DraftStyleDefault-text-ltr\"><span class=\"_2PHJq public-DraftStyleDefault-ltr\">\u00a0<\/span><\/div>\n<p id=\"viewer-c7sit75899\" class=\"mm8Nw _1j-51 _1FoOD _78FBa public-DraftStyleDefault-block-depth0 fixed-tab-size public-DraftStyleDefault-text-ltr\"><span class=\"_2PHJq public-DraftStyleDefault-ltr\">Asimismo, dijo que con dicha capacitaci\u00f3n se mejorar\u00e1n las acciones de atenci\u00f3n prehospitalaria, b\u00fasqueda y rescate, vigilancia y extinci\u00f3n de incendios, con lo que se da cumplimiento a la necesidad de contar con personal capacitado para responder con mayor profesionalismo y en el menor tiempo posible en caso de alg\u00fan siniestro o situaci\u00f3n emergente.<\/span><\/p>\n<div id=\"viewer-8qj8h75925\" class=\"mm8Nw _1j-51 _1FoOD _78FBa public-DraftStyleDefault-block-depth0 fixed-tab-size public-DraftStyleDefault-text-ltr\"><span class=\"_2PHJq public-DraftStyleDefault-ltr\">\u00a0<\/span><\/div>\n<p id=\"viewer-iyqe475901\" class=\"mm8Nw _1j-51 _1FoOD _78FBa public-DraftStyleDefault-block-depth0 fixed-tab-size public-DraftStyleDefault-text-ltr\"><span class=\"_2PHJq public-DraftStyleDefault-ltr\">Alonso Garc\u00eda refrend\u00f3 su compromiso de dar continuidad permanente a la preparaci\u00f3n del personal involucrado en las \u00e1reas de seguridad y justicia, pues ello repercute directamente en beneficio de las familias de Aguascalientes.<\/span><\/p>\n<\/div>\n<\/div>\n<\/div>\n<\/div>\n<\/div>\n<\/div>\n<\/div>\n","protected":false},"excerpt":{"rendered":"<p>#informativoelvalledeaguascalientes #novaradioaguascalientes #ElGiganteDeMexico El secretario de Seguridad P\u00fablica de Aguascalientes, Manuel Alonso Garc\u00eda, dio a conocer que se intensificaron los recorridos de vigilancia y disuasi\u00f3n con el helic\u00f3ptero Fuerza 1, especialmente en los l\u00edmites con Zacatecas y Jalisco. \u00a0 Subray\u00f3 que no se bajar\u00e1 la guardia en las labores que realiza la Polic\u00eda Estatal a [&hellip;]<\/p>\n","protected":false},"author":1,"featured_media":41711,"comment_status":"closed","ping_status":"open","sticky":false,"template":"","format":"standard","meta":{"advanced_seo_description":"","jetpack_seo_html_title":"","jetpack_seo_noindex":false,"_jetpack_memberships_contains_paid_content":false,"footnotes":"","jetpack_publicize_message":"","jetpack_publicize_feature_enabled":true,"jetpack_social_post_already_shared":false,"jetpack_social_options":{"image_generator_settings":{"template":"highway","default_image_id":0,"font":"","enabled":false},"version":2}},"categories":[21,4],"tags":[22,161,122],"class_list":["post-41707","post","type-post","status-publish","format-standard","has-post-thumbnail","hentry","category-aguascalientes","category-gobierno-del-estado-aguascalientes","tag-aguascalientes","tag-gobierno-del-estado-aguascalientes","tag-sspe-aguascalientes"],"jetpack_publicize_connections":[],"jetpack_featured_media_url":"https:\/\/i0.wp.com\/informativoelvalledeaguascalientes.online\/wp-content\/uploads\/2023\/03\/img_8860-scaled.jpg?fit=2560%2C1707&ssl=1","jetpack-related-posts":[],"jetpack_sharing_enabled":true,"jetpack_likes_enabled":true,"_links":{"self":[{"href":"https:\/\/informativoelvalledeaguascalientes.online\/index.php?rest_route=\/wp\/v2\/posts\/41707","targetHints":{"allow":["GET"]}}],"collection":[{"href":"https:\/\/informativoelvalledeaguascalientes.online\/index.php?rest_route=\/wp\/v2\/posts"}],"about":[{"href":"https:\/\/informativoelvalledeaguascalientes.online\/index.php?rest_route=\/wp\/v2\/types\/post"}],"author":[{"embeddable":true,"href":"https:\/\/informativoelvalledeaguascalientes.online\/index.php?rest_route=\/wp\/v2\/users\/1"}],"replies":[{"embeddable":true,"href":"https:\/\/informativoelvalledeaguascalientes.online\/index.php?rest_route=%2Fwp%2Fv2%2Fcomments&post=41707"}],"version-history":[{"count":1,"href":"https:\/\/informativoelvalledeaguascalientes.online\/index.php?rest_route=\/wp\/v2\/posts\/41707\/revisions"}],"predecessor-version":[{"id":41714,"href":"https:\/\/informativoelvalledeaguascalientes.online\/index.php?rest_route=\/wp\/v2\/posts\/41707\/revisions\/41714"}],"wp:featuredmedia":[{"embeddable":true,"href":"https:\/\/informativoelvalledeaguascalientes.online\/index.php?rest_route=\/wp\/v2\/media\/41711"}],"wp:attachment":[{"href":"https:\/\/informativoelvalledeaguascalientes.online\/index.php?rest_route=%2Fwp%2Fv2%2Fmedia&parent=41707"}],"wp:term":[{"taxonomy":"category","embeddable":true,"href":"https:\/\/informativoelvalledeaguascalientes.online\/index.php?rest_route=%2Fwp%2Fv2%2Fcategories&post=41707"},{"taxonomy":"post_tag","embeddable":true,"href":"https:\/\/informativoelvalledeaguascalientes.online\/index.php?rest_route=%2Fwp%2Fv2%2Ftags&post=41707"}],"curies":[{"name":"wp","href":"https:\/\/api.w.org\/{rel}","templated":true}]}}