{"id":41579,"date":"2023-03-26T10:36:36","date_gmt":"2023-03-26T16:36:36","guid":{"rendered":"https:\/\/informativoelvalledeaguascalientes.online\/?p=41579"},"modified":"2023-03-26T10:36:36","modified_gmt":"2023-03-26T16:36:36","slug":"inaugura-tere-jimenez-estancia-y-comedor-para-adultos-mayores-en-asientos","status":"publish","type":"post","link":"https:\/\/informativoelvalledeaguascalientes.online\/?p=41579","title":{"rendered":"INAUGURA TERE JIM\u00c9NEZ ESTANCIA Y COMEDOR PARA ADULTOS MAYORES EN ASIENTOS"},"content":{"rendered":"<p><strong><a href=\"https:\/\/www.facebook.com\/hashtag\/informativoelvalledeaguascalientes\">#informativoelvalledeaguascalientes<\/a><\/strong><\/p>\n<p><strong><a href=\"https:\/\/www.facebook.com\/hashtag\/novaradioaguascalientes\">#novaradioaguascalientes<\/a><\/strong><\/p>\n<p><strong><a href=\"https:\/\/www.facebook.com\/GobiernodeAguascalientes\">#ElGiganteDeMexico<\/a><\/strong><\/p>\n<ul class=\"public-DraftStyleDefault-ul\">\n<li id=\"viewer-foo\" class=\"_3Kjjs _78FBa public-DraftStyleDefault-unorderedListItem public-DraftStyleDefault-depth0 public-DraftStyleDefault-list-ltr fixed-tab-size public-DraftStyleDefault-reset _1FoOD _78FBa\">\n<p class=\"_1j-51 _1FoOD _78FBa undefined\"><strong><em>Con estos espacios se busca ofrecer atenci\u00f3n integral a las y los abuelitos para mejorar su calidad de vida<\/em><\/strong><\/p>\n<\/li>\n<li id=\"viewer-ys8n2454\" class=\"_3Kjjs _78FBa public-DraftStyleDefault-unorderedListItem public-DraftStyleDefault-depth0 public-DraftStyleDefault-list-ltr fixed-tab-size _1FoOD _78FBa\">\n<p class=\"_1j-51 _1FoOD _78FBa undefined\"><strong><em>Como parte de su gira, la gobernadora tambi\u00e9n entreg\u00f3 obras de remodelaci\u00f3n en espacios deportivos de este municipio\u00a0<\/em><\/strong><\/p>\n<\/li>\n<\/ul>\n<div id=\"viewer-3xd3w456\" class=\"mm8Nw _1j-51 _1FoOD _78FBa public-DraftStyleDefault-block-depth0 fixed-tab-size public-DraftStyleDefault-text-ltr\"><span class=\"_2PHJq public-DraftStyleDefault-ltr\">\u00a0<\/span><\/div>\n<div id=\"viewer-ctwmk457\" class=\"mm8Nw _1j-51 _1FoOD _78FBa public-DraftStyleDefault-block-depth0 fixed-tab-size public-DraftStyleDefault-text-ltr\"><span class=\"_2PHJq public-DraftStyleDefault-ltr\">\u00a0<\/span><\/div>\n<p id=\"viewer-wn22j458\" class=\"mm8Nw _1j-51 _1FoOD _78FBa public-DraftStyleDefault-block-depth0 fixed-tab-size public-DraftStyleDefault-text-ltr\"><span class=\"_2PHJq public-DraftStyleDefault-ltr\">En gira de trabajo por el municipio de Asientos, la gobernadora Tere Jim\u00e9nez inaugur\u00f3 una Estancia y un Comedor Comunitario para Adultos Mayores, con lo que se busca mejorar la calidad de vida de este importante sector de la poblaci\u00f3n.\u00a0<\/span><\/p>\n<div id=\"viewer-c73g5460\" class=\"mm8Nw _1j-51 _1FoOD _78FBa public-DraftStyleDefault-block-depth0 fixed-tab-size public-DraftStyleDefault-text-ltr\"><span class=\"_2PHJq public-DraftStyleDefault-ltr\">\u00a0<\/span><\/div>\n<p id=\"viewer-p3cr7461\" class=\"mm8Nw _1j-51 _1FoOD _78FBa public-DraftStyleDefault-block-depth0 fixed-tab-size public-DraftStyleDefault-text-ltr\"><span class=\"_2PHJq public-DraftStyleDefault-ltr\">\u201cCon estos lugares queremos devolverles un poco de todo lo que nos han dado nuestras abuelitas y abuelitos a lo largo de su vida; lo menos que podemos hacer por ellos es generar las condiciones para que tengan mayor bienestar\u201d, subray\u00f3 la gobernadora.\u00a0<\/span><\/p>\n<div id=\"viewer-5z253463\" class=\"mm8Nw _1j-51 _1FoOD _78FBa public-DraftStyleDefault-block-depth0 fixed-tab-size public-DraftStyleDefault-text-ltr\"><span class=\"_2PHJq public-DraftStyleDefault-ltr\">\u00a0<\/span><\/div>\n<p id=\"viewer-tfful464\" class=\"mm8Nw _1j-51 _1FoOD _78FBa public-DraftStyleDefault-block-depth0 fixed-tab-size public-DraftStyleDefault-text-ltr\"><span class=\"_2PHJq public-DraftStyleDefault-ltr\">Por su parte, la directora general del Instituto Aguascalentense de las Personas Adultas Mayores (IAPAM), Ma. de Jes\u00fas Ram\u00edrez Castro, detall\u00f3 que estos nuevos espacios se ubican en la Plazuela Guadalupe No. 30 en la cabecera municipal de Asientos y ofrecer\u00e1n servicio de lunes a viernes.\u00a0<\/span><\/p>\n<div id=\"viewer-vzy4x466\" class=\"mm8Nw _1j-51 _1FoOD _78FBa public-DraftStyleDefault-block-depth0 fixed-tab-size public-DraftStyleDefault-text-ltr\"><span class=\"_2PHJq public-DraftStyleDefault-ltr\">\u00a0<\/span><\/div>\n<p id=\"viewer-1g4kb467\" class=\"mm8Nw _1j-51 _1FoOD _78FBa public-DraftStyleDefault-block-depth0 fixed-tab-size public-DraftStyleDefault-text-ltr\"><span class=\"_2PHJq public-DraftStyleDefault-ltr\">Explic\u00f3 que la Estancia para Adultos Mayores estar\u00e1 abierta en un horario de 8:30 a. m. a 3:00 p. m. y ofrecer\u00e1\u00a0 una serie de actividades y servicios para brindar atenci\u00f3n integral a las abuelitas y abuelitos, como salud, educaci\u00f3n, esparcimiento, entre otras; mientras que en el Comedor Comunitario se les otorgar\u00e1n alimentos saludables acordes a su edad y condici\u00f3n f\u00edsica de la 1:00 a las 3:00 p. m.\u00a0<\/span><\/p>\n<div id=\"viewer-5zuur469\" class=\"mm8Nw _1j-51 _1FoOD _78FBa public-DraftStyleDefault-block-depth0 fixed-tab-size public-DraftStyleDefault-text-ltr\"><span class=\"_2PHJq public-DraftStyleDefault-ltr\">\u00a0<\/span><\/div>\n<p id=\"viewer-sn69h470\" class=\"mm8Nw _1j-51 _1FoOD _78FBa public-DraftStyleDefault-block-depth0 fixed-tab-size public-DraftStyleDefault-text-ltr\"><span class=\"_2PHJq public-DraftStyleDefault-ltr\">Precis\u00f3 que estos lugares tienen una capacidad instalada para atender a 70 personas diariamente, aunque destac\u00f3 que la meta es abrir 18 estancias e igual n\u00famero de comedores comunitarios en todo el estado para brindar atenci\u00f3n a alrededor de 2 mil adultos mayores al d\u00eda.\u00a0<\/span><\/p>\n<div id=\"viewer-6yvkj472\" class=\"mm8Nw _1j-51 _1FoOD _78FBa public-DraftStyleDefault-block-depth0 fixed-tab-size public-DraftStyleDefault-text-ltr\"><span class=\"_2PHJq public-DraftStyleDefault-ltr\">\u00a0<\/span><\/div>\n<p id=\"viewer-hik9u473\" class=\"mm8Nw _1j-51 _1FoOD _78FBa public-DraftStyleDefault-block-depth0 fixed-tab-size public-DraftStyleDefault-text-ltr\"><span class=\"_2PHJq public-DraftStyleDefault-ltr\">Al respecto, el alcalde de Asientos, Jos\u00e9 Manuel Gonz\u00e1lez Mota, agradeci\u00f3 a la gobernadora todo el apoyo que ha dispuesto para la gente de este municipio, tanto en materia de seguridad como en educaci\u00f3n, campo, infraestructura y atenci\u00f3n a sectores necesitados, como es el caso de los adultos mayores; &#8220;las obras y la mano de la gobernadora est\u00e1n en todos los rincones del estado&#8221;, concluy\u00f3.\u00a0<\/span><\/p>\n<div id=\"viewer-x9cz7475\" class=\"mm8Nw _1j-51 _1FoOD _78FBa public-DraftStyleDefault-block-depth0 fixed-tab-size public-DraftStyleDefault-text-ltr\"><span class=\"_2PHJq public-DraftStyleDefault-ltr\">\u00a0<\/span><\/div>\n<p id=\"viewer-zd5bo476\" class=\"mm8Nw _1j-51 _1FoOD _78FBa public-DraftStyleDefault-block-depth0 fixed-tab-size public-DraftStyleDefault-text-ltr\"><span class=\"_2PHJq public-DraftStyleDefault-ltr\">Como parte de su gira de trabajo, Tere Jim\u00e9nez tambi\u00e9n entreg\u00f3 las obras de remodelaci\u00f3n de la cancha de basquetbol y voleibol que se ubica en el Auditorio Municipal de Asientos, con lo que la comunidad deportiva de este lugar podr\u00e1 contar con instalaciones de calidad para la pr\u00e1ctica de dichas disciplinas.<\/span><\/p>\n","protected":false},"excerpt":{"rendered":"<p>#informativoelvalledeaguascalientes #novaradioaguascalientes #ElGiganteDeMexico Con estos espacios se busca ofrecer atenci\u00f3n integral a las y los abuelitos para mejorar su calidad de vida Como parte de su gira, la gobernadora tambi\u00e9n entreg\u00f3 obras de remodelaci\u00f3n en espacios deportivos de este municipio\u00a0 \u00a0 \u00a0 En gira de trabajo por el municipio de Asientos, la gobernadora Tere Jim\u00e9nez [&hellip;]<\/p>\n","protected":false},"author":1,"featured_media":41581,"comment_status":"closed","ping_status":"open","sticky":false,"template":"","format":"standard","meta":{"advanced_seo_description":"","jetpack_seo_html_title":"","jetpack_seo_noindex":false,"_jetpack_memberships_contains_paid_content":false,"footnotes":"","jetpack_publicize_message":"","jetpack_publicize_feature_enabled":true,"jetpack_social_post_already_shared":false,"jetpack_social_options":{"image_generator_settings":{"template":"highway","default_image_id":0,"font":"","enabled":false},"version":2}},"categories":[21,4],"tags":[22,161,623,320],"class_list":["post-41579","post","type-post","status-publish","format-standard","has-post-thumbnail","hentry","category-aguascalientes","category-gobierno-del-estado-aguascalientes","tag-aguascalientes","tag-gobierno-del-estado-aguascalientes","tag-iapam","tag-tere-jimenez"],"jetpack_publicize_connections":[],"jetpack_featured_media_url":"https:\/\/i0.wp.com\/informativoelvalledeaguascalientes.online\/wp-content\/uploads\/2023\/03\/20230325113955_img_9729-3.jpg?fit=1175%2C734&ssl=1","jetpack-related-posts":[],"jetpack_sharing_enabled":true,"jetpack_likes_enabled":true,"_links":{"self":[{"href":"https:\/\/informativoelvalledeaguascalientes.online\/index.php?rest_route=\/wp\/v2\/posts\/41579","targetHints":{"allow":["GET"]}}],"collection":[{"href":"https:\/\/informativoelvalledeaguascalientes.online\/index.php?rest_route=\/wp\/v2\/posts"}],"about":[{"href":"https:\/\/informativoelvalledeaguascalientes.online\/index.php?rest_route=\/wp\/v2\/types\/post"}],"author":[{"embeddable":true,"href":"https:\/\/informativoelvalledeaguascalientes.online\/index.php?rest_route=\/wp\/v2\/users\/1"}],"replies":[{"embeddable":true,"href":"https:\/\/informativoelvalledeaguascalientes.online\/index.php?rest_route=%2Fwp%2Fv2%2Fcomments&post=41579"}],"version-history":[{"count":1,"href":"https:\/\/informativoelvalledeaguascalientes.online\/index.php?rest_route=\/wp\/v2\/posts\/41579\/revisions"}],"predecessor-version":[{"id":41582,"href":"https:\/\/informativoelvalledeaguascalientes.online\/index.php?rest_route=\/wp\/v2\/posts\/41579\/revisions\/41582"}],"wp:featuredmedia":[{"embeddable":true,"href":"https:\/\/informativoelvalledeaguascalientes.online\/index.php?rest_route=\/wp\/v2\/media\/41581"}],"wp:attachment":[{"href":"https:\/\/informativoelvalledeaguascalientes.online\/index.php?rest_route=%2Fwp%2Fv2%2Fmedia&parent=41579"}],"wp:term":[{"taxonomy":"category","embeddable":true,"href":"https:\/\/informativoelvalledeaguascalientes.online\/index.php?rest_route=%2Fwp%2Fv2%2Fcategories&post=41579"},{"taxonomy":"post_tag","embeddable":true,"href":"https:\/\/informativoelvalledeaguascalientes.online\/index.php?rest_route=%2Fwp%2Fv2%2Ftags&post=41579"}],"curies":[{"name":"wp","href":"https:\/\/api.w.org\/{rel}","templated":true}]}}