{"id":41569,"date":"2023-03-26T10:26:19","date_gmt":"2023-03-26T16:26:19","guid":{"rendered":"https:\/\/informativoelvalledeaguascalientes.online\/?p=41569"},"modified":"2023-03-26T10:26:19","modified_gmt":"2023-03-26T16:26:19","slug":"en-aguascalientes-estamos-listos-para-recibir-a-nuestros-visitantes-en-la-fnsm-2023-tere-jimenez","status":"publish","type":"post","link":"https:\/\/informativoelvalledeaguascalientes.online\/?p=41569","title":{"rendered":"EN AGUASCALIENTES, ESTAMOS LISTOS PARA RECIBIR A NUESTROS VISITANTES EN LA FNSM 2023: TERE JIM\u00c9NEZ"},"content":{"rendered":"<p><strong><a href=\"https:\/\/www.facebook.com\/hashtag\/informativoelvalledeaguascalientes\">#informativoelvalledeaguascalientes<\/a><\/strong><\/p>\n<p><strong><a href=\"https:\/\/www.facebook.com\/hashtag\/novaradioaguascalientes\">#novaradioaguascalientes<\/a><\/strong><\/p>\n<p><strong><a href=\"https:\/\/www.facebook.com\/GobiernodeAguascalientes\">#ElGiganteDeMexico<\/a><\/strong><\/p>\n<ul class=\"public-DraftStyleDefault-ul\">\n<li id=\"viewer-xlfex115\" class=\"_3Kjjs _78FBa public-DraftStyleDefault-unorderedListItem public-DraftStyleDefault-depth0 public-DraftStyleDefault-list-ltr fixed-tab-size public-DraftStyleDefault-reset _1FoOD _78FBa\">\n<p class=\"_1j-51 _1FoOD _78FBa undefined\"><strong><em>La gobernadora devel\u00f3 el tradicional Bando Solemne para anunciar oficialmente las principales actividades de la FNSM 2023<\/em><\/strong><\/p>\n<\/li>\n<li id=\"viewer-m5dqp118\" class=\"_3Kjjs _78FBa public-DraftStyleDefault-unorderedListItem public-DraftStyleDefault-depth0 public-DraftStyleDefault-list-ltr fixed-tab-size _1FoOD _78FBa\">\n<p class=\"_1j-51 _1FoOD _78FBa undefined\"><strong><em>El Bando Solemne es una de las tradiciones m\u00e1s antiguas de la verbena abrile\u00f1a y se coloca en los cuatro puntos cardinales del legendario Jard\u00edn de San Marcos<\/em><\/strong><\/p>\n<\/li>\n<\/ul>\n<div id=\"viewer-yf7vh120\" class=\"mm8Nw _1j-51 _1FoOD _78FBa public-DraftStyleDefault-block-depth0 fixed-tab-size public-DraftStyleDefault-text-ltr\"><span class=\"_2PHJq public-DraftStyleDefault-ltr\">\u00a0<\/span><\/div>\n<div id=\"viewer-q0poa121\" class=\"mm8Nw _1j-51 _1FoOD _78FBa public-DraftStyleDefault-block-depth0 fixed-tab-size public-DraftStyleDefault-text-ltr\"><span class=\"_2PHJq public-DraftStyleDefault-ltr\">\u00a0<\/span><\/div>\n<p id=\"viewer-5fxwa122\" class=\"mm8Nw _1j-51 _1FoOD _78FBa public-DraftStyleDefault-block-depth0 fixed-tab-size public-DraftStyleDefault-text-ltr\"><span class=\"_2PHJq public-DraftStyleDefault-ltr\">Al ritmo de \u201cPelea de Gallos\u201d y en medio de un ambiente festivo, la gobernadora Tere Jim\u00e9nez devel\u00f3 el tradicional Bando Solemne de la Feria Nacional de San Marcos (FNSM) en el legendario jard\u00edn del mismo nombre, con lo que se da inicio formal a las actividades de la verbena abrile\u00f1a, en su edici\u00f3n 2023.\u00a0<\/span><\/p>\n<div id=\"viewer-79nt8124\" class=\"mm8Nw _1j-51 _1FoOD _78FBa public-DraftStyleDefault-block-depth0 fixed-tab-size public-DraftStyleDefault-text-ltr\"><span class=\"_2PHJq public-DraftStyleDefault-ltr\">\u00a0<\/span><\/div>\n<p id=\"viewer-ffma3125\" class=\"mm8Nw _1j-51 _1FoOD _78FBa public-DraftStyleDefault-block-depth0 fixed-tab-size public-DraftStyleDefault-text-ltr\"><span class=\"_2PHJq public-DraftStyleDefault-ltr\">\u201cEn Aguascalientes, estamos listos y preparados para recibir con los corazones abiertos a los visitantes nacionales e internacionales, porque somos gente de trabajo y soluciones, pero sobre todo, buenos anfitriones; hoy todos los caminos del mundo conducen a Aguascalientes&#8221;, subray\u00f3 la gobernadora.\u00a0<\/span><\/p>\n<div id=\"viewer-8aedv127\" class=\"mm8Nw _1j-51 _1FoOD _78FBa public-DraftStyleDefault-block-depth0 fixed-tab-size public-DraftStyleDefault-text-ltr\"><span class=\"_2PHJq public-DraftStyleDefault-ltr\">\u00a0<\/span><\/div>\n<p id=\"viewer-wdqyf128\" class=\"mm8Nw _1j-51 _1FoOD _78FBa public-DraftStyleDefault-block-depth0 fixed-tab-size public-DraftStyleDefault-text-ltr\"><span class=\"_2PHJq public-DraftStyleDefault-ltr\">Asimismo, destac\u00f3 que la FNSM 2023 ser\u00e1 un evento de primer nivel con una diversidad de actividades para todos los gustos y edades, que se realizar\u00e1n del 15 de abril al 7 de mayo sobre una superficie de 94 hect\u00e1reas; coment\u00f3 que en esta edici\u00f3n se esperan 9 millones de visitantes y una derrama econ\u00f3mica de alrededor de 8 mil millones de pesos.\u00a0<\/span><\/p>\n<div id=\"viewer-bwqrt130\" class=\"mm8Nw _1j-51 _1FoOD _78FBa public-DraftStyleDefault-block-depth0 fixed-tab-size public-DraftStyleDefault-text-ltr\"><span class=\"_2PHJq public-DraftStyleDefault-ltr\">\u00a0<\/span><\/div>\n<p id=\"viewer-2kzyf131\" class=\"mm8Nw _1j-51 _1FoOD _78FBa public-DraftStyleDefault-block-depth0 fixed-tab-size public-DraftStyleDefault-text-ltr\"><span class=\"_2PHJq public-DraftStyleDefault-ltr\">Por su parte, el presidente del Patronato de la FNSM, Jos\u00e9 \u00c1ngel Gonz\u00e1lez Serna, refiri\u00f3 que el Bando Solemne es una de las tradiciones m\u00e1s antiguas de la feria de ferias, el cual se ubica en los cuatro puntos cardinales del Jard\u00edn de San Marcos para dar a conocer la programaci\u00f3n de las principales actividades que se realizar\u00e1n durante las tres semanas de la verbena.\u00a0<\/span><\/p>\n<div id=\"viewer-bf5v0133\" class=\"mm8Nw _1j-51 _1FoOD _78FBa public-DraftStyleDefault-block-depth0 fixed-tab-size public-DraftStyleDefault-text-ltr\"><span class=\"_2PHJq public-DraftStyleDefault-ltr\">\u00a0<\/span><\/div>\n<p id=\"viewer-atlde134\" class=\"mm8Nw _1j-51 _1FoOD _78FBa public-DraftStyleDefault-block-depth0 fixed-tab-size public-DraftStyleDefault-text-ltr\"><span class=\"_2PHJq public-DraftStyleDefault-ltr\">La develaci\u00f3n del primer Bando Solemne, en la puerta oriente del Jard\u00edn de San Marcos, estuvo a cargo de la gobernadora Tere Jim\u00e9nez y del presidente del PFNSM y su esposa, Irma Cristina Flores Alvarado; dicho anuncio contiene la informaci\u00f3n referente a los Eventos de Tradici\u00f3n.\u00a0<\/span><\/p>\n<div id=\"viewer-8h5hi136\" class=\"mm8Nw _1j-51 _1FoOD _78FBa public-DraftStyleDefault-block-depth0 fixed-tab-size public-DraftStyleDefault-text-ltr\"><span class=\"_2PHJq public-DraftStyleDefault-ltr\">\u00a0<\/span><\/div>\n<p id=\"viewer-ok8vv137\" class=\"mm8Nw _1j-51 _1FoOD _78FBa public-DraftStyleDefault-block-depth0 fixed-tab-size public-DraftStyleDefault-text-ltr\"><span class=\"_2PHJq public-DraftStyleDefault-ltr\">El segundo Bando Solemne se ubic\u00f3 en la puerta norte del jard\u00edn y contiene lo relativo a las actividades que presentar\u00e1 Guanajuato, como Estado Invitado; mientras que el tercero se coloc\u00f3 en el acceso sur para informar sobre el Serial Taurino 2023.\u00a0<\/span><\/p>\n<div id=\"viewer-m7vpz139\" class=\"mm8Nw _1j-51 _1FoOD _78FBa public-DraftStyleDefault-block-depth0 fixed-tab-size public-DraftStyleDefault-text-ltr\"><span class=\"_2PHJq public-DraftStyleDefault-ltr\">\u00a0<\/span><\/div>\n<p id=\"viewer-6xwne140\" class=\"mm8Nw _1j-51 _1FoOD _78FBa public-DraftStyleDefault-block-depth0 fixed-tab-size public-DraftStyleDefault-text-ltr\"><span class=\"_2PHJq public-DraftStyleDefault-ltr\">El cuarto Bando se devel\u00f3 en la puerta poniente del ic\u00f3nico Jard\u00edn de San Marcos y anuncia la programaci\u00f3n del Foro de las Estrellas.\u00a0<\/span><\/p>\n<div id=\"viewer-2sx39142\" class=\"mm8Nw _1j-51 _1FoOD _78FBa public-DraftStyleDefault-block-depth0 fixed-tab-size public-DraftStyleDefault-text-ltr\"><span class=\"_2PHJq public-DraftStyleDefault-ltr\">\u00a0<\/span><\/div>\n<p id=\"viewer-k3zk6143\" class=\"mm8Nw _1j-51 _1FoOD _78FBa public-DraftStyleDefault-block-depth0 fixed-tab-size public-DraftStyleDefault-text-ltr\"><span class=\"_2PHJq public-DraftStyleDefault-ltr\">El evento de apertura de la Feria de San Marcos 2023 se caracteriz\u00f3 por la m\u00fasica del mariachi, bailes t\u00edpicos y gran colorido, as\u00ed como por la convivencia de las autoridades con las familias que se dieron cita en el Jard\u00edn de San Marcos.\u00a0<\/span><\/p>\n<div id=\"viewer-5wbb1145\" class=\"mm8Nw _1j-51 _1FoOD _78FBa public-DraftStyleDefault-block-depth0 fixed-tab-size public-DraftStyleDefault-text-ltr\"><span class=\"_2PHJq public-DraftStyleDefault-ltr\">\u00a0<\/span><\/div>\n<p id=\"viewer-mvaby146\" class=\"mm8Nw _1j-51 _1FoOD _78FBa public-DraftStyleDefault-block-depth0 fixed-tab-size public-DraftStyleDefault-text-ltr\"><span class=\"_2PHJq public-DraftStyleDefault-ltr\">Acompa\u00f1aron a la gobernadora alcaldes; diputados locales y federales; empresarios; funcionarios estatales y municipales; adem\u00e1s de la reina electa de la FNSM 2023, Yosel\u00edn, y sus princesas Ximena y Carolina; entre otras autoridades.<\/span><\/p>\n","protected":false},"excerpt":{"rendered":"<p>#informativoelvalledeaguascalientes #novaradioaguascalientes #ElGiganteDeMexico La gobernadora devel\u00f3 el tradicional Bando Solemne para anunciar oficialmente las principales actividades de la FNSM 2023 El Bando Solemne es una de las tradiciones m\u00e1s antiguas de la verbena abrile\u00f1a y se coloca en los cuatro puntos cardinales del legendario Jard\u00edn de San Marcos \u00a0 \u00a0 Al ritmo de \u201cPelea de [&hellip;]<\/p>\n","protected":false},"author":1,"featured_media":41570,"comment_status":"closed","ping_status":"open","sticky":false,"template":"","format":"standard","meta":{"advanced_seo_description":"","jetpack_seo_html_title":"","jetpack_seo_noindex":false,"_jetpack_memberships_contains_paid_content":false,"footnotes":"","jetpack_publicize_message":"","jetpack_publicize_feature_enabled":true,"jetpack_social_post_already_shared":false,"jetpack_social_options":{"image_generator_settings":{"template":"highway","default_image_id":0,"font":"","enabled":false},"version":2}},"categories":[21,4],"tags":[22,627,161,320],"class_list":["post-41569","post","type-post","status-publish","format-standard","has-post-thumbnail","hentry","category-aguascalientes","category-gobierno-del-estado-aguascalientes","tag-aguascalientes","tag-fnsm-2023","tag-gobierno-del-estado-aguascalientes","tag-tere-jimenez"],"jetpack_publicize_connections":[],"jetpack_featured_media_url":"https:\/\/i0.wp.com\/informativoelvalledeaguascalientes.online\/wp-content\/uploads\/2023\/03\/bando-4.jpg?fit=1440%2C960&ssl=1","jetpack-related-posts":[],"jetpack_sharing_enabled":true,"jetpack_likes_enabled":true,"_links":{"self":[{"href":"https:\/\/informativoelvalledeaguascalientes.online\/index.php?rest_route=\/wp\/v2\/posts\/41569","targetHints":{"allow":["GET"]}}],"collection":[{"href":"https:\/\/informativoelvalledeaguascalientes.online\/index.php?rest_route=\/wp\/v2\/posts"}],"about":[{"href":"https:\/\/informativoelvalledeaguascalientes.online\/index.php?rest_route=\/wp\/v2\/types\/post"}],"author":[{"embeddable":true,"href":"https:\/\/informativoelvalledeaguascalientes.online\/index.php?rest_route=\/wp\/v2\/users\/1"}],"replies":[{"embeddable":true,"href":"https:\/\/informativoelvalledeaguascalientes.online\/index.php?rest_route=%2Fwp%2Fv2%2Fcomments&post=41569"}],"version-history":[{"count":1,"href":"https:\/\/informativoelvalledeaguascalientes.online\/index.php?rest_route=\/wp\/v2\/posts\/41569\/revisions"}],"predecessor-version":[{"id":41571,"href":"https:\/\/informativoelvalledeaguascalientes.online\/index.php?rest_route=\/wp\/v2\/posts\/41569\/revisions\/41571"}],"wp:featuredmedia":[{"embeddable":true,"href":"https:\/\/informativoelvalledeaguascalientes.online\/index.php?rest_route=\/wp\/v2\/media\/41570"}],"wp:attachment":[{"href":"https:\/\/informativoelvalledeaguascalientes.online\/index.php?rest_route=%2Fwp%2Fv2%2Fmedia&parent=41569"}],"wp:term":[{"taxonomy":"category","embeddable":true,"href":"https:\/\/informativoelvalledeaguascalientes.online\/index.php?rest_route=%2Fwp%2Fv2%2Fcategories&post=41569"},{"taxonomy":"post_tag","embeddable":true,"href":"https:\/\/informativoelvalledeaguascalientes.online\/index.php?rest_route=%2Fwp%2Fv2%2Ftags&post=41569"}],"curies":[{"name":"wp","href":"https:\/\/api.w.org\/{rel}","templated":true}]}}