{"id":41516,"date":"2023-03-24T10:17:14","date_gmt":"2023-03-24T16:17:14","guid":{"rendered":"https:\/\/informativoelvalledeaguascalientes.online\/?p=41516"},"modified":"2023-03-24T10:17:14","modified_gmt":"2023-03-24T16:17:14","slug":"puerta-grande-para-el-serial-taurino-de-la-fnsm-2023","status":"publish","type":"post","link":"https:\/\/informativoelvalledeaguascalientes.online\/?p=41516","title":{"rendered":"PUERTA GRANDE PARA EL SERIAL TAURINO DE LA FNSM 2023"},"content":{"rendered":"<p><strong><a href=\"https:\/\/www.facebook.com\/hashtag\/informativoelvalledeaguascalientes\">#informativoelvalledeaguascalientes<\/a><\/strong><\/p>\n<p><strong><a href=\"https:\/\/www.facebook.com\/hashtag\/novaradioaguascalientes\">#novaradioaguascalientes<\/a><\/strong><\/p>\n<p><strong><a href=\"https:\/\/www.facebook.com\/GobiernodeAguascalientes\">#ElGiganteDeMexico<\/a><\/strong><\/p>\n<div id=\"bgLayers_comp-l7sjppch\" class=\"MW5IWV\" data-hook=\"bgLayers\">\n<div id=\"bgMedia_comp-l7sjppch\" class=\"VgO9Yg\"><\/div>\n<\/div>\n<div class=\"\" data-mesh-id=\"comp-l7sjppchinlineContent\" data-testid=\"inline-content\">\n<div data-mesh-id=\"comp-l7sjppchinlineContent-gridContainer\" data-testid=\"mesh-container-content\">\n<section id=\"comp-l7sh9ubl\" class=\"comp-l7sh9ubl Lw0u6i wixui-column-strip\">\n<div class=\"So7Ias\" data-testid=\"columns\">\n<div id=\"comp-l7sh9ubn\" class=\"comp-l7sh9ubn YzqVVZ wixui-column-strip__column\">\n<div id=\"bgLayers_comp-l7sh9ubn\" class=\"MW5IWV\" data-hook=\"bgLayers\">\n<div class=\"LWbAav Kv1aVt\" data-testid=\"colorUnderlay\"><\/div>\n<div id=\"bgMedia_comp-l7sh9ubn\" class=\"VgO9Yg\"><img data-recalc-dims=\"1\" decoding=\"async\" src=\"https:\/\/i0.wp.com\/static.wixstatic.com\/media\/3e855e_7f9a8d4192ce43c2ab63b56a561fba3b~mv2.jpg\/v1\/fill\/w_1078%2Ch_420%2Cal_c%2Cq_85%2Cusm_0.66_1.00_0.01%2Cenc_auto\/3e855e_7f9a8d4192ce43c2ab63b56a561fba3b~mv2.jpg?w=640&#038;ssl=1\" alt=\"\" \/><\/div>\n<\/div>\n<\/div>\n<\/div>\n<\/section>\n<section id=\"comp-l7sh9ubq\" class=\"comp-l7sh9ubq Lw0u6i wixui-column-strip\">\n<div class=\"So7Ias\" data-testid=\"columns\">\n<div id=\"comp-l7sh9ubr2\" class=\"comp-l7sh9ubr2 YzqVVZ wixui-column-strip__column\">\n<div class=\"\" data-mesh-id=\"comp-l7sh9ubr2inlineContent\" data-testid=\"inline-content\">\n<div data-mesh-id=\"comp-l7sh9ubr2inlineContent-gridContainer\" data-testid=\"mesh-container-content\">\n<div id=\"comp-l7yvxqo2\" class=\"MazNVa comp-l7yvxqo2 wixui-image\">\n<div class=\"j7pOnl\" data-testid=\"linkElement\"><\/div>\n<\/div>\n<div id=\"comp-l7sh9ubx\" class=\"TWFxr5\">\n<div class=\"comp-l7sh9ubx\">\n<div class=\"s1IW4bz comp-l7sh9ubx\" data-hook=\"ricosviewer-wrapper\">\n<div class=\"kvdbP _1O7aH\" dir=\"ltr\" data-id=\"rich-content-viewer\">\n<div class=\"_1hN1O _3EPBy\">\n<p id=\"viewer-foo\" class=\"mm8Nw _1j-51 _1FoOD _78FBa public-DraftStyleDefault-block-depth0 fixed-tab-size public-DraftStyleDefault-text-ltr\"><span class=\"_2PHJq public-DraftStyleDefault-ltr\">La gobernadora de Aguascalientes, Tere Jim\u00e9nez, encabez\u00f3 la presentaci\u00f3n del serial taurino de la Feria Nacional de San Marcos (FNSM) 2023.<\/span><\/p>\n<div id=\"viewer-icqos136\" class=\"mm8Nw _1j-51 _1FoOD _78FBa public-DraftStyleDefault-block-depth0 fixed-tab-size public-DraftStyleDefault-text-ltr\"><span class=\"_2PHJq public-DraftStyleDefault-ltr\">\u00a0<\/span><\/div>\n<p id=\"viewer-7p8hd117\" class=\"mm8Nw _1j-51 _1FoOD _78FBa public-DraftStyleDefault-block-depth0 fixed-tab-size public-DraftStyleDefault-text-ltr\"><span class=\"_2PHJq public-DraftStyleDefault-ltr\">\u201cHemos presentado este cartel sumamente importante. En esta feria vamos a tener grandes fiestas, pues somos tierra de toreros. Aqu\u00ed demostramos y hacemos sentir la tradici\u00f3n y cultura taurina\u201d, mencion\u00f3 la gobernadora.<\/span><\/p>\n<div id=\"viewer-po7he148\" class=\"mm8Nw _1j-51 _1FoOD _78FBa public-DraftStyleDefault-block-depth0 fixed-tab-size public-DraftStyleDefault-text-ltr\"><span class=\"_2PHJq public-DraftStyleDefault-ltr\">\u00a0<\/span><\/div>\n<p id=\"viewer-8yoow119\" class=\"mm8Nw _1j-51 _1FoOD _78FBa public-DraftStyleDefault-block-depth0 fixed-tab-size public-DraftStyleDefault-text-ltr\"><span class=\"_2PHJq public-DraftStyleDefault-ltr\">En una espectacular gala celebrada en la Isla San Marcos, se devel\u00f3 de manera oficial el cartel taurino, generando una gran expectativa por las importantes figuras que estar\u00e1n engalanando la Plaza de Toros durante abril y mayo con uno de los mejores carteles taurinos en todo el mundo, ya que habr\u00e1 en total 15 festejos de talla internacional que dar\u00e1n importante realce a la verbena abrile\u00f1a.<\/span><\/p>\n<div id=\"viewer-anc64160\" class=\"mm8Nw _1j-51 _1FoOD _78FBa public-DraftStyleDefault-block-depth0 fixed-tab-size public-DraftStyleDefault-text-ltr\"><span class=\"_2PHJq public-DraftStyleDefault-ltr\">\u00a0<\/span><\/div>\n<p id=\"viewer-8p9nb121\" class=\"mm8Nw _1j-51 _1FoOD _78FBa public-DraftStyleDefault-block-depth0 fixed-tab-size public-DraftStyleDefault-text-ltr\"><span class=\"_2PHJq public-DraftStyleDefault-ltr\">Jos\u00e9 \u00c1ngel Gonz\u00e1lez Serna, presidente del Patronato de la Feria de San Marcos, explic\u00f3 que el serial taurino fue dise\u00f1ado con mucha pasi\u00f3n y respeto para los aficionados a la fiesta brava.<\/span><\/p>\n<div id=\"viewer-10md8172\" class=\"mm8Nw _1j-51 _1FoOD _78FBa public-DraftStyleDefault-block-depth0 fixed-tab-size public-DraftStyleDefault-text-ltr\"><span class=\"_2PHJq public-DraftStyleDefault-ltr\">\u00a0<\/span><\/div>\n<p id=\"viewer-bfmtu123\" class=\"mm8Nw _1j-51 _1FoOD _78FBa public-DraftStyleDefault-block-depth0 fixed-tab-size public-DraftStyleDefault-text-ltr\"><span class=\"_2PHJq public-DraftStyleDefault-ltr\">\u201cEste serial fue confeccionado con entrega y pasi\u00f3n para lograr realizar los carteles que hoy se presentan. En esta feria podremos disfrutar de los mejores toreros y ganader\u00edas del mundo que est\u00e1n a la altura de la afici\u00f3n nacional e internacional\u201d, resalt\u00f3 Gonz\u00e1lez Serna.<\/span><\/p>\n<div id=\"viewer-ggz0z184\" class=\"mm8Nw _1j-51 _1FoOD _78FBa public-DraftStyleDefault-block-depth0 fixed-tab-size public-DraftStyleDefault-text-ltr\"><span class=\"_2PHJq public-DraftStyleDefault-ltr\">\u00a0<\/span><\/div>\n<p id=\"viewer-z0tv3125\" class=\"mm8Nw _1j-51 _1FoOD _78FBa public-DraftStyleDefault-block-depth0 fixed-tab-size public-DraftStyleDefault-text-ltr\"><span class=\"_2PHJq public-DraftStyleDefault-ltr\">La presentaci\u00f3n estuvo encabezada por Fabi\u00e1n Barba, gerente de la Plaza Monumental de Aguascalientes, quien detall\u00f3 las fechas y combinaciones del serial.<\/span><\/p>\n<div id=\"viewer-ewhty196\" class=\"mm8Nw _1j-51 _1FoOD _78FBa public-DraftStyleDefault-block-depth0 fixed-tab-size public-DraftStyleDefault-text-ltr\"><span class=\"_2PHJq public-DraftStyleDefault-ltr\">\u00a0<\/span><\/div>\n<p id=\"viewer-uz4vx127\" class=\"mm8Nw _1j-51 _1FoOD _78FBa public-DraftStyleDefault-block-depth0 fixed-tab-size public-DraftStyleDefault-text-ltr\"><span class=\"_2PHJq public-DraftStyleDefault-ltr\">La primera corrida se celebrar\u00e1 el domingo 16 de abril a partir de las 6:00 de la tarde con un mano a mano entre Joselito Adame y Juli\u00e1n L\u00f3pez \u201cEl Juli\u201d, con ejemplares de Te\u00f3filo G\u00f3mez.<\/span><\/p>\n<div id=\"viewer-yqvzm394\" class=\"mm8Nw _1j-51 _1FoOD _78FBa public-DraftStyleDefault-block-depth0 fixed-tab-size public-DraftStyleDefault-text-ltr\"><span class=\"_2PHJq public-DraftStyleDefault-ltr\">\u00a0<\/span><\/div>\n<p id=\"viewer-hrz4g129\" class=\"mm8Nw _1j-51 _1FoOD _78FBa public-DraftStyleDefault-block-depth0 fixed-tab-size public-DraftStyleDefault-text-ltr\"><span class=\"_2PHJq public-DraftStyleDefault-ltr\">En cuanto a la corrida del 21 de abril, los matadores que engalanar\u00e1n la tarde ser\u00e1n Sebasti\u00e1n Castella, Luis David Adame y Jos\u00e9 Miguel Arellano, con toros de Jos\u00e9 Barba.<\/span><\/p>\n<div id=\"viewer-foq5k209\" class=\"mm8Nw _1j-51 _1FoOD _78FBa public-DraftStyleDefault-block-depth0 fixed-tab-size public-DraftStyleDefault-text-ltr\"><span class=\"_2PHJq public-DraftStyleDefault-ltr\">\u00a0<\/span><\/div>\n<p id=\"viewer-qz0nb131\" class=\"mm8Nw _1j-51 _1FoOD _78FBa public-DraftStyleDefault-block-depth0 fixed-tab-size public-DraftStyleDefault-text-ltr\"><span class=\"_2PHJq public-DraftStyleDefault-ltr\">Otra de las corridas esperadas ser\u00e1 la del domingo 23 de abril; los diestros que saltar\u00e1n al ruedo ser\u00e1n Diego Silveti, Fabi\u00e1n Espinoza Armillita IV y Andr\u00e9s Roca Rey, con 6 de La Estancia.<\/span><\/p>\n<div id=\"viewer-1j4mc407\" class=\"mm8Nw _1j-51 _1FoOD _78FBa public-DraftStyleDefault-block-depth0 fixed-tab-size public-DraftStyleDefault-text-ltr\"><span class=\"_2PHJq public-DraftStyleDefault-ltr\">\u00a0<\/span><\/div>\n<p id=\"viewer-3r1ow133\" class=\"mm8Nw _1j-51 _1FoOD _78FBa public-DraftStyleDefault-block-depth0 fixed-tab-size public-DraftStyleDefault-text-ltr\"><span class=\"_2PHJq public-DraftStyleDefault-ltr\">Finalmente, la \u00faltima corrida de la Feria se celebrar\u00e1 el domingo 7 de mayo con los toreros El Conde, El Zapata y el rejoneador Andy Cartagena, quienes lidiar\u00e1n toros de Boquilla del Carmen, dando por terminado este apasionante cartel taurino<\/span><\/p>\n<p><img data-recalc-dims=\"1\" loading=\"lazy\" decoding=\"async\" class=\"alignnone wp-image-41518 size-full\" src=\"https:\/\/i0.wp.com\/informativoelvalledeaguascalientes.online\/wp-content\/uploads\/2023\/03\/cartel_ok_presentacion_serial_130x230m_final-scaled.jpg?resize=640%2C1132\" alt=\"\" width=\"640\" height=\"1132\" srcset=\"https:\/\/i0.wp.com\/informativoelvalledeaguascalientes.online\/wp-content\/uploads\/2023\/03\/cartel_ok_presentacion_serial_130x230m_final-scaled.jpg?w=1447&amp;ssl=1 1447w, https:\/\/i0.wp.com\/informativoelvalledeaguascalientes.online\/wp-content\/uploads\/2023\/03\/cartel_ok_presentacion_serial_130x230m_final-scaled.jpg?resize=170%2C300&amp;ssl=1 170w, https:\/\/i0.wp.com\/informativoelvalledeaguascalientes.online\/wp-content\/uploads\/2023\/03\/cartel_ok_presentacion_serial_130x230m_final-scaled.jpg?resize=579%2C1024&amp;ssl=1 579w, https:\/\/i0.wp.com\/informativoelvalledeaguascalientes.online\/wp-content\/uploads\/2023\/03\/cartel_ok_presentacion_serial_130x230m_final-scaled.jpg?resize=768%2C1359&amp;ssl=1 768w, https:\/\/i0.wp.com\/informativoelvalledeaguascalientes.online\/wp-content\/uploads\/2023\/03\/cartel_ok_presentacion_serial_130x230m_final-scaled.jpg?resize=868%2C1536&amp;ssl=1 868w, https:\/\/i0.wp.com\/informativoelvalledeaguascalientes.online\/wp-content\/uploads\/2023\/03\/cartel_ok_presentacion_serial_130x230m_final-scaled.jpg?resize=1157%2C2048&amp;ssl=1 1157w, https:\/\/i0.wp.com\/informativoelvalledeaguascalientes.online\/wp-content\/uploads\/2023\/03\/cartel_ok_presentacion_serial_130x230m_final-scaled.jpg?w=1280&amp;ssl=1 1280w\" sizes=\"auto, (max-width: 640px) 100vw, 640px\" \/><\/p>\n<\/div>\n<\/div>\n<\/div>\n<\/div>\n<\/div>\n<\/div>\n<\/div>\n<\/div>\n<\/div>\n<\/section>\n<\/div>\n<\/div>\n","protected":false},"excerpt":{"rendered":"<p>#informativoelvalledeaguascalientes #novaradioaguascalientes #ElGiganteDeMexico La gobernadora de Aguascalientes, Tere Jim\u00e9nez, encabez\u00f3 la presentaci\u00f3n del serial taurino de la Feria Nacional de San Marcos (FNSM) 2023. \u00a0 \u201cHemos presentado este cartel sumamente importante. En esta feria vamos a tener grandes fiestas, pues somos tierra de toreros. Aqu\u00ed demostramos y hacemos sentir la tradici\u00f3n y cultura taurina\u201d, mencion\u00f3 [&hellip;]<\/p>\n","protected":false},"author":1,"featured_media":41517,"comment_status":"closed","ping_status":"open","sticky":false,"template":"","format":"standard","meta":{"_monsterinsights_skip_tracking":false,"advanced_seo_description":"","jetpack_seo_html_title":"","jetpack_seo_noindex":false,"jetpack_seo_schema_type":"","_jetpack_newsletter_access":"","_jetpack_dont_email_post_to_subs":false,"_jetpack_newsletter_tier_id":0,"_jetpack_memberships_contains_paywalled_content":false,"_jetpack_feature_clip_id":0,"_jetpack_memberships_contains_paid_content":false,"footnotes":"","jetpack_publicize_message":"","jetpack_publicize_feature_enabled":true,"jetpack_social_post_already_shared":false,"jetpack_social_options":{"image_generator_settings":{"template":"highway","default_image_id":0,"font":"","enabled":false},"version":2},"jetpack_post_was_ever_published":false},"categories":[21,4],"tags":[627,373,320],"class_list":["post-41516","post","type-post","status-publish","format-standard","has-post-thumbnail","hentry","category-aguascalientes","category-gobierno-del-estado-aguascalientes","tag-fnsm-2023","tag-gobernador-de-aguascalientes","tag-tere-jimenez"],"jetpack_publicize_connections":[],"jetpack_featured_media_url":"https:\/\/i0.wp.com\/informativoelvalledeaguascalientes.online\/wp-content\/uploads\/2023\/03\/img_8159-1.jpg?fit=1984%2C1598&ssl=1","jetpack-related-posts":[],"jetpack_sharing_enabled":true,"jetpack_likes_enabled":true,"_links":{"self":[{"href":"https:\/\/informativoelvalledeaguascalientes.online\/index.php?rest_route=\/wp\/v2\/posts\/41516","targetHints":{"allow":["GET"]}}],"collection":[{"href":"https:\/\/informativoelvalledeaguascalientes.online\/index.php?rest_route=\/wp\/v2\/posts"}],"about":[{"href":"https:\/\/informativoelvalledeaguascalientes.online\/index.php?rest_route=\/wp\/v2\/types\/post"}],"author":[{"embeddable":true,"href":"https:\/\/informativoelvalledeaguascalientes.online\/index.php?rest_route=\/wp\/v2\/users\/1"}],"replies":[{"embeddable":true,"href":"https:\/\/informativoelvalledeaguascalientes.online\/index.php?rest_route=%2Fwp%2Fv2%2Fcomments&post=41516"}],"version-history":[{"count":1,"href":"https:\/\/informativoelvalledeaguascalientes.online\/index.php?rest_route=\/wp\/v2\/posts\/41516\/revisions"}],"predecessor-version":[{"id":41519,"href":"https:\/\/informativoelvalledeaguascalientes.online\/index.php?rest_route=\/wp\/v2\/posts\/41516\/revisions\/41519"}],"wp:featuredmedia":[{"embeddable":true,"href":"https:\/\/informativoelvalledeaguascalientes.online\/index.php?rest_route=\/wp\/v2\/media\/41517"}],"wp:attachment":[{"href":"https:\/\/informativoelvalledeaguascalientes.online\/index.php?rest_route=%2Fwp%2Fv2%2Fmedia&parent=41516"}],"wp:term":[{"taxonomy":"category","embeddable":true,"href":"https:\/\/informativoelvalledeaguascalientes.online\/index.php?rest_route=%2Fwp%2Fv2%2Fcategories&post=41516"},{"taxonomy":"post_tag","embeddable":true,"href":"https:\/\/informativoelvalledeaguascalientes.online\/index.php?rest_route=%2Fwp%2Fv2%2Ftags&post=41516"}],"curies":[{"name":"wp","href":"https:\/\/api.w.org\/{rel}","templated":true}]}}