{"id":41276,"date":"2023-03-16T19:19:50","date_gmt":"2023-03-17T01:19:50","guid":{"rendered":"https:\/\/informativoelvalledeaguascalientes.online\/?p=41276"},"modified":"2023-03-16T19:19:50","modified_gmt":"2023-03-17T01:19:50","slug":"destaca-aguascalientes-a-nivel-nacional-en-practicas-educativas-para-alumnos-con-discapacidad-multiple","status":"publish","type":"post","link":"https:\/\/informativoelvalledeaguascalientes.online\/?p=41276","title":{"rendered":"DESTACA AGUASCALIENTES A NIVEL NACIONAL EN PR\u00c1CTICAS EDUCATIVAS PARA ALUMNOS CON DISCAPACIDAD M\u00daLTIPLE"},"content":{"rendered":"<p><strong><a href=\"https:\/\/www.facebook.com\/hashtag\/informativoelvalledeaguascalientes\">#informativoelvalledeaguascalientes<\/a><\/strong><\/p>\n<p><strong><a href=\"https:\/\/www.facebook.com\/hashtag\/novaradioaguascalientes\">#novaradioaguascalientes<\/a><\/strong><\/p>\n<ul>\n<li><strong><em>La organizaci\u00f3n Perkins Internacional entreg\u00f3 la certificaci\u00f3n \u201cEscuela Modelo\u201d al Centro de Atenci\u00f3n M\u00faltiple (CAM) No. VII.\u00a0<\/em><\/strong><\/li>\n<li><strong><em>Es el primer plantel a nivel estatal y regional en recibir esta certificaci\u00f3n.<\/em><\/strong><\/li>\n<li><strong><em>El Gobierno de Tere Jim\u00e9nez est\u00e1 comprometido con el fortalecimiento de la educaci\u00f3n especial e inclusiva.\u00a0<\/em><\/strong><\/li>\n<\/ul>\n<p>&nbsp;<\/p>\n<p>El Centro de Atenci\u00f3n M\u00faltiple No. VII de Aguascalientes se convierte en el primer plantel a nivel estatal y regional en recibir la certificaci\u00f3n \u201cEscuela Modelo\u201d por parte de Perkins Internacional, organizaci\u00f3n l\u00edder que impulsa en los pa\u00edses la mejora de la calidad de los servicios de educaci\u00f3n de ni\u00f1as, ni\u00f1os, adolescentes y j\u00f3venes con discapacidad m\u00faltiple, discapacidad sensorial y sordoceguera.<\/p>\n<p>&nbsp;<\/p>\n<p>Lorena Mart\u00ednez, directora del Instituto de Educaci\u00f3n de Aguascalientes (IEA), resalt\u00f3 el inter\u00e9s de la Gobernadora Tere Jim\u00e9nez para fortalecer la educaci\u00f3n especial y se\u00f1al\u00f3 la necesidad de seguir en este camino, de la mano con el personal directivo y el involucramiento de las madres y padres de familia en beneficio de las y los alumnos con discapacidad.<\/p>\n<p>&nbsp;<\/p>\n<p>Destac\u00f3 que este logro es de gran relevancia para la entidad, pues reconoce el modelo de educaci\u00f3n inclusiva del CAM No. VII y lo convierte en un centro de referencia y capacitaci\u00f3n a nivel regional.<\/p>\n<p>&nbsp;<\/p>\n<p>En su momento, Martha Elena Ram\u00edrez, representante de Perkins en M\u00e9xico, explic\u00f3 que este reconocimiento se deriva del proyecto Pixan, estrategia para apoyar a ni\u00f1os con discapacidad m\u00faltiple a acceder a su propio poder para aprender. Detall\u00f3 que se eligieron algunos CAM del pa\u00eds, uno de ellos en la capital de Aguascalientes, para luego trabajar, capacitar a su personal directivo y docente, as\u00ed como con mam\u00e1s y pap\u00e1s.<\/p>\n<p>&nbsp;<\/p>\n<p>En este sentido, expuso que a partir de este momento y durante dos a\u00f1os se reconoce al CAM No. VII por sus buenas pr\u00e1cticas educativas y pedag\u00f3gicas, demostrando su compromiso por la mejora de la educaci\u00f3n inclusiva.<\/p>\n<p>&nbsp;<\/p>\n<p>Cabe mencionar que la entrega de la certificaci\u00f3n se realiz\u00f3 en un evento protocolario con la presencia de Susana Mac\u00edas Reyes, directora del CAM No. VII; Irma Teresa D\u00edaz Esparza, jefa del departamento de Educaci\u00f3n Especial del IEA; Mart\u00edn Serrano Herrera, titular del SISAAE Pocitos; Martha Patricia Bermejo \u00c1vila, supervisora de la zona n\u00famero 11; Gabriela Gonz\u00e1lez, presidenta de la Mesa Directiva; as\u00ed como Mar\u00eda del Carmen Morales, coordinadora de familias del Proyecto Pixan en M\u00e9xico.<\/p>\n<p>&nbsp;<\/p>\n","protected":false},"excerpt":{"rendered":"<p>#informativoelvalledeaguascalientes #novaradioaguascalientes La organizaci\u00f3n Perkins Internacional entreg\u00f3 la certificaci\u00f3n \u201cEscuela Modelo\u201d al Centro de Atenci\u00f3n M\u00faltiple (CAM) No. VII.\u00a0 Es el primer plantel a nivel estatal y regional en recibir esta certificaci\u00f3n. El Gobierno de Tere Jim\u00e9nez est\u00e1 comprometido con el fortalecimiento de la educaci\u00f3n especial e inclusiva.\u00a0 &nbsp; El Centro de Atenci\u00f3n M\u00faltiple No. [&hellip;]<\/p>\n","protected":false},"author":1,"featured_media":41277,"comment_status":"closed","ping_status":"open","sticky":false,"template":"","format":"standard","meta":{"advanced_seo_description":"","jetpack_seo_html_title":"","jetpack_seo_noindex":false,"_jetpack_memberships_contains_paid_content":false,"footnotes":"","jetpack_publicize_message":"","jetpack_publicize_feature_enabled":true,"jetpack_social_post_already_shared":false,"jetpack_social_options":{"image_generator_settings":{"template":"highway","default_image_id":0,"font":"","enabled":false},"version":2}},"categories":[21,4],"tags":[22,161,39],"class_list":["post-41276","post","type-post","status-publish","format-standard","has-post-thumbnail","hentry","category-aguascalientes","category-gobierno-del-estado-aguascalientes","tag-aguascalientes","tag-gobierno-del-estado-aguascalientes","tag-iea"],"jetpack_publicize_connections":[],"jetpack_featured_media_url":"https:\/\/i0.wp.com\/informativoelvalledeaguascalientes.online\/wp-content\/uploads\/2023\/03\/IMG_2041.jpg?fit=2559%2C1706&ssl=1","jetpack-related-posts":[],"jetpack_sharing_enabled":true,"jetpack_likes_enabled":true,"_links":{"self":[{"href":"https:\/\/informativoelvalledeaguascalientes.online\/index.php?rest_route=\/wp\/v2\/posts\/41276","targetHints":{"allow":["GET"]}}],"collection":[{"href":"https:\/\/informativoelvalledeaguascalientes.online\/index.php?rest_route=\/wp\/v2\/posts"}],"about":[{"href":"https:\/\/informativoelvalledeaguascalientes.online\/index.php?rest_route=\/wp\/v2\/types\/post"}],"author":[{"embeddable":true,"href":"https:\/\/informativoelvalledeaguascalientes.online\/index.php?rest_route=\/wp\/v2\/users\/1"}],"replies":[{"embeddable":true,"href":"https:\/\/informativoelvalledeaguascalientes.online\/index.php?rest_route=%2Fwp%2Fv2%2Fcomments&post=41276"}],"version-history":[{"count":1,"href":"https:\/\/informativoelvalledeaguascalientes.online\/index.php?rest_route=\/wp\/v2\/posts\/41276\/revisions"}],"predecessor-version":[{"id":41278,"href":"https:\/\/informativoelvalledeaguascalientes.online\/index.php?rest_route=\/wp\/v2\/posts\/41276\/revisions\/41278"}],"wp:featuredmedia":[{"embeddable":true,"href":"https:\/\/informativoelvalledeaguascalientes.online\/index.php?rest_route=\/wp\/v2\/media\/41277"}],"wp:attachment":[{"href":"https:\/\/informativoelvalledeaguascalientes.online\/index.php?rest_route=%2Fwp%2Fv2%2Fmedia&parent=41276"}],"wp:term":[{"taxonomy":"category","embeddable":true,"href":"https:\/\/informativoelvalledeaguascalientes.online\/index.php?rest_route=%2Fwp%2Fv2%2Fcategories&post=41276"},{"taxonomy":"post_tag","embeddable":true,"href":"https:\/\/informativoelvalledeaguascalientes.online\/index.php?rest_route=%2Fwp%2Fv2%2Ftags&post=41276"}],"curies":[{"name":"wp","href":"https:\/\/api.w.org\/{rel}","templated":true}]}}