{"id":40782,"date":"2023-02-27T23:10:20","date_gmt":"2023-02-28T05:10:20","guid":{"rendered":"https:\/\/informativoelvalledeaguascalientes.online\/?p=40782"},"modified":"2023-02-27T23:10:20","modified_gmt":"2023-02-28T05:10:20","slug":"fbi-interpol-y-policias-internacionales-se-reunen-en-aguascalientes-por-ser-el-estado-mas-seguro-del-pais","status":"publish","type":"post","link":"https:\/\/informativoelvalledeaguascalientes.online\/?p=40782","title":{"rendered":"FBI, INTERPOL Y POLIC\u00cdAS INTERNACIONALES SE RE\u00daNEN EN AGUASCALIENTES POR SER EL ESTADO M\u00c1S SEGURO DEL PA\u00cdS"},"content":{"rendered":"<p><strong><a href=\"https:\/\/www.facebook.com\/hashtag\/informativoelvalledeaguascalientes\">#informativoelvalledeaguascalientes<\/a><\/strong><\/p>\n<p><strong><a href=\"https:\/\/www.facebook.com\/hashtag\/novaradioaguascalientes\">#novaradioaguascalientes<\/a><\/strong><\/p>\n<p><strong><a href=\"https:\/\/www.facebook.com\/GobiernodeAguascalientes\">#ElGiganteDeMexico<\/a><\/strong><\/p>\n<p>&nbsp;<\/p>\n<ul class=\"public-DraftStyleDefault-ul\">\n<li id=\"viewer-foo\" class=\"_3Kjjs _78FBa public-DraftStyleDefault-unorderedListItem public-DraftStyleDefault-depth0 public-DraftStyleDefault-list-ltr fixed-tab-size public-DraftStyleDefault-reset _1FoOD _78FBa\">\n<p class=\"_1j-51 _1FoOD _78FBa undefined\"><strong><em>\u201cHaremos las inversiones necesarias, no hay l\u00edmites cuando est\u00e1 en juego la paz y la tranquilidad de los aguascalentenses\u201d: Tere Jim\u00e9nez<\/em><\/strong><\/p>\n<\/li>\n<li id=\"viewer-ssgyt13735\" class=\"_3Kjjs _78FBa public-DraftStyleDefault-unorderedListItem public-DraftStyleDefault-depth0 public-DraftStyleDefault-list-ltr fixed-tab-size _1FoOD _78FBa\">\n<p class=\"_1j-51 _1FoOD _78FBa undefined\"><strong><em>Se mantendr\u00e1 la coordinaci\u00f3n con las corporaciones de los tres niveles de gobierno e incluso internacionales, para obtener mayores resultados<\/em><\/strong><\/p>\n<\/li>\n<li id=\"viewer-oyyj713738\" class=\"_3Kjjs _78FBa public-DraftStyleDefault-unorderedListItem public-DraftStyleDefault-depth0 public-DraftStyleDefault-list-ltr fixed-tab-size _1FoOD _78FBa\">\n<p class=\"_1j-51 _1FoOD _78FBa undefined\"><strong><em>La gobernadora inaugur\u00f3 el Foro Internacional de Seguridad y Justicia que se realiza en la entidad con la participaci\u00f3n de especialistas de varios pa\u00edses<\/em><\/strong><\/p>\n<\/li>\n<\/ul>\n<div id=\"viewer-n58jl13740\" class=\"mm8Nw _1j-51 _1FoOD _78FBa public-DraftStyleDefault-block-depth0 fixed-tab-size public-DraftStyleDefault-text-ltr\"><span class=\"_2PHJq public-DraftStyleDefault-ltr\">\u00a0<\/span><\/div>\n<div id=\"viewer-2it2u13741\" class=\"mm8Nw _1j-51 _1FoOD _78FBa public-DraftStyleDefault-block-depth0 fixed-tab-size public-DraftStyleDefault-text-ltr\"><span class=\"_2PHJq public-DraftStyleDefault-ltr\">\u00a0<\/span><\/div>\n<p id=\"viewer-54ufb13742\" class=\"mm8Nw _1j-51 _1FoOD _78FBa public-DraftStyleDefault-block-depth0 fixed-tab-size public-DraftStyleDefault-text-ltr\"><span class=\"_2PHJq public-DraftStyleDefault-ltr\">Al inaugurar el Foro Internacional de Seguridad y Justicia FBI NAA-M\u00e9xico en esta entidad, por ser uno de los estados m\u00e1s seguros del pa\u00eds, la gobernadora Tere Jim\u00e9nez dijo que su gobierno seguir\u00e1 haciendo las inversiones necesarias en la materia, ya que \u201cno debe haber l\u00edmite cuando est\u00e1 en juego la paz y la tranquilidad de los aguascalentenses\u201d.<\/span><\/p>\n<div id=\"viewer-pjcbm13744\" class=\"mm8Nw _1j-51 _1FoOD _78FBa public-DraftStyleDefault-block-depth0 fixed-tab-size public-DraftStyleDefault-text-ltr\"><span class=\"_2PHJq public-DraftStyleDefault-ltr\">\u00a0<\/span><\/div>\n<p id=\"viewer-d521r13745\" class=\"mm8Nw _1j-51 _1FoOD _78FBa public-DraftStyleDefault-block-depth0 fixed-tab-size public-DraftStyleDefault-text-ltr\"><span class=\"_2PHJq public-DraftStyleDefault-ltr\">Destac\u00f3 que en este foro en el que Aguascalientes es reconocido como una entidad segura, se fortalece tambi\u00e9n la colaboraci\u00f3n internacional con organismos expertos en la materia, siendo \u00e9sta de suma importancia para hacer frente a la inseguridad.<\/span><\/p>\n<div id=\"viewer-c7ief13747\" class=\"mm8Nw _1j-51 _1FoOD _78FBa public-DraftStyleDefault-block-depth0 fixed-tab-size public-DraftStyleDefault-text-ltr\"><span class=\"_2PHJq public-DraftStyleDefault-ltr\">\u00a0<\/span><\/div>\n<p id=\"viewer-00y2x13748\" class=\"mm8Nw _1j-51 _1FoOD _78FBa public-DraftStyleDefault-block-depth0 fixed-tab-size public-DraftStyleDefault-text-ltr\"><span class=\"_2PHJq public-DraftStyleDefault-ltr\">\u201cGracias a ese trabajo conjunto con la FBI, la Guardia Nacional, el Ej\u00e9rcito y las polic\u00edas municipales, Aguascalientes se ubic\u00f3 en enero pasado como el primer lugar en materia de seguridad y no vamos a bajar la guardia; seguiremos trabajando coordinados para evitar que en Aguascalientes entren a corromper la ley\u201d, asegur\u00f3 Tere Jim\u00e9nez.<\/span><\/p>\n<div id=\"viewer-48n3v13750\" class=\"mm8Nw _1j-51 _1FoOD _78FBa public-DraftStyleDefault-block-depth0 fixed-tab-size public-DraftStyleDefault-text-ltr\"><span class=\"_2PHJq public-DraftStyleDefault-ltr\">\u00a0<\/span><\/div>\n<p id=\"viewer-sh8yu13751\" class=\"mm8Nw _1j-51 _1FoOD _78FBa public-DraftStyleDefault-block-depth0 fixed-tab-size public-DraftStyleDefault-text-ltr\"><span class=\"_2PHJq public-DraftStyleDefault-ltr\">Llam\u00f3 a los elementos de todas las corporaciones policiacas a seguir prepar\u00e1ndose para mejorar su desempe\u00f1o, pero sobre todo a ser responsables, disciplinados y leales a la ciudadan\u00eda.<\/span><\/p>\n<div id=\"viewer-95cpw13753\" class=\"mm8Nw _1j-51 _1FoOD _78FBa public-DraftStyleDefault-block-depth0 fixed-tab-size public-DraftStyleDefault-text-ltr\"><span class=\"_2PHJq public-DraftStyleDefault-ltr\">\u00a0<\/span><\/div>\n<p id=\"viewer-berx113754\" class=\"mm8Nw _1j-51 _1FoOD _78FBa public-DraftStyleDefault-block-depth0 fixed-tab-size public-DraftStyleDefault-text-ltr\"><span class=\"_2PHJq public-DraftStyleDefault-ltr\">\u00c1ngel Catal\u00e1n, agregado jur\u00eddico del FBI en M\u00e9xico, reconoci\u00f3 el trabajo que impulsa la gobernadora Tere Jim\u00e9nez en materia de seguridad y manifest\u00f3 el respaldo de la agencia investigadora que representa para fortalecer la coordinaci\u00f3n internacional con Aguascalientes y ser m\u00e1s eficaces en el combate a la delincuencia.<\/span><\/p>\n<div id=\"viewer-yjx4413756\" class=\"mm8Nw _1j-51 _1FoOD _78FBa public-DraftStyleDefault-block-depth0 fixed-tab-size public-DraftStyleDefault-text-ltr\"><span class=\"_2PHJq public-DraftStyleDefault-ltr\">\u00a0<\/span><\/div>\n<p id=\"viewer-zcp6913757\" class=\"mm8Nw _1j-51 _1FoOD _78FBa public-DraftStyleDefault-block-depth0 fixed-tab-size public-DraftStyleDefault-text-ltr\"><span class=\"_2PHJq public-DraftStyleDefault-ltr\">\u201cAguascalientes es un estado muy seguro y el FBI est\u00e1 comprometido para ayudar al gobierno de Aguascalientes en la estrategia de seguridad dirigida por la gobernadora, para apoyarlos con adiestramiento y capacitaci\u00f3n de sus polic\u00edas\u201d, sostuvo.<\/span><\/p>\n<div id=\"viewer-yerqn13759\" class=\"mm8Nw _1j-51 _1FoOD _78FBa public-DraftStyleDefault-block-depth0 fixed-tab-size public-DraftStyleDefault-text-ltr\"><span class=\"_2PHJq public-DraftStyleDefault-ltr\">\u00a0<\/span><\/div>\n<p id=\"viewer-w8vel13760\" class=\"mm8Nw _1j-51 _1FoOD _78FBa public-DraftStyleDefault-block-depth0 fixed-tab-size public-DraftStyleDefault-text-ltr\"><span class=\"_2PHJq public-DraftStyleDefault-ltr\">En ese sentido, el secretario de Seguridad P\u00fablica del Estado, Manuel Alonso Garc\u00eda, destac\u00f3 la importancia de fortalecer la colaboraci\u00f3n internacional para garantizar una actuaci\u00f3n policial y labores de investigaci\u00f3n m\u00e1s eficaces y eficientes.<\/span><\/p>\n<div id=\"viewer-ogpw913762\" class=\"mm8Nw _1j-51 _1FoOD _78FBa public-DraftStyleDefault-block-depth0 fixed-tab-size public-DraftStyleDefault-text-ltr\"><span class=\"_2PHJq public-DraftStyleDefault-ltr\">\u00a0<\/span><\/div>\n<p id=\"viewer-88kwl13763\" class=\"mm8Nw _1j-51 _1FoOD _78FBa public-DraftStyleDefault-block-depth0 fixed-tab-size public-DraftStyleDefault-text-ltr\"><span class=\"_2PHJq public-DraftStyleDefault-ltr\">Dijo que el foro que hoy se inaugur\u00f3 es una muestra clara de ello, ya que participan importantes expositores especializados en seguridad y justicia provenientes de Estados Unidos, Espa\u00f1a, Colombia y Argentina.<\/span><\/p>\n<div id=\"viewer-lxdhn13765\" class=\"mm8Nw _1j-51 _1FoOD _78FBa public-DraftStyleDefault-block-depth0 fixed-tab-size public-DraftStyleDefault-text-ltr\"><span class=\"_2PHJq public-DraftStyleDefault-ltr\">\u00a0<\/span><\/div>\n<p id=\"viewer-gduab13766\" class=\"mm8Nw _1j-51 _1FoOD _78FBa public-DraftStyleDefault-block-depth0 fixed-tab-size public-DraftStyleDefault-text-ltr\"><span class=\"_2PHJq public-DraftStyleDefault-ltr\">\u201cCon este evento se consolida la plataforma de colaboraci\u00f3n y asistencia entre M\u00e9xico y Estados Unidos para mejorar la formaci\u00f3n, el entrenamiento y el intercambio de informaci\u00f3n para eficientar la profesi\u00f3n de nuestros polic\u00edas\u201d, subray\u00f3.<\/span><\/p>\n<div id=\"viewer-4ued413768\" class=\"mm8Nw _1j-51 _1FoOD _78FBa public-DraftStyleDefault-block-depth0 fixed-tab-size public-DraftStyleDefault-text-ltr\"><span class=\"_2PHJq public-DraftStyleDefault-ltr\">\u00a0<\/span><\/div>\n<p id=\"viewer-namtw13769\" class=\"mm8Nw _1j-51 _1FoOD _78FBa public-DraftStyleDefault-block-depth0 fixed-tab-size public-DraftStyleDefault-text-ltr\"><span class=\"_2PHJq public-DraftStyleDefault-ltr\">Coment\u00f3 que son m\u00e1s de 500 personas, entre polic\u00edas, agentes e investigadores, las que tendr\u00e1n la oportunidad de compartir experiencias y buenas pr\u00e1cticas en temas relevantes como delitos cibern\u00e9ticos, el quehacer del FBI en M\u00e9xico, la inteligencia artificial como herramienta contra las organizaciones criminales y retos globales de la seguridad tur\u00edstica en Latinoam\u00e9rica, entre otros.<\/span><\/p>\n<div id=\"viewer-xch8v13771\" class=\"mm8Nw _1j-51 _1FoOD _78FBa public-DraftStyleDefault-block-depth0 fixed-tab-size public-DraftStyleDefault-text-ltr\"><span class=\"_2PHJq public-DraftStyleDefault-ltr\">\u00a0<\/span><\/div>\n<p id=\"viewer-qpep713772\" class=\"mm8Nw _1j-51 _1FoOD _78FBa public-DraftStyleDefault-block-depth0 fixed-tab-size public-DraftStyleDefault-text-ltr\"><span class=\"_2PHJq public-DraftStyleDefault-ltr\">Finalmente, el fiscal general del Estado, Jes\u00fas Figueroa Ortega, reconoci\u00f3 que la organizaci\u00f3n de este tipo de actividades representa una extraordinaria oportunidad para que las personas que tienen a su cargo la procuraci\u00f3n de justicia se actualicen y adquieran los conocimientos necesarios para profesionalizar su labor.<\/span><\/p>\n<div id=\"viewer-4fkhz13774\" class=\"mm8Nw _1j-51 _1FoOD _78FBa public-DraftStyleDefault-block-depth0 fixed-tab-size public-DraftStyleDefault-text-ltr\"><span class=\"_2PHJq public-DraftStyleDefault-ltr\">\u00a0<\/span><\/div>\n<p id=\"viewer-s63g313775\" class=\"mm8Nw _1j-51 _1FoOD _78FBa public-DraftStyleDefault-block-depth0 fixed-tab-size public-DraftStyleDefault-text-ltr\"><span class=\"_2PHJq public-DraftStyleDefault-ltr\">Durante la inauguraci\u00f3n de este importante foro internacional tambi\u00e9n se cont\u00f3 con la participaci\u00f3n de Juan Rojas Garc\u00eda, magistrado presidente del Supremo Tribunal de Justicia del Estado; Leonardo Monta\u00f1ez Castro, presidente municipal de Aguascalientes; Florentino de Jes\u00fas Reyes Berlie, secretario general de Gobierno; la diputada local, Ma. de Jes\u00fas D\u00edaz Marmolejo; David Ram\u00edrez Pi\u00f1\u00f3n, coordinador general de la Guardia Nacional en Aguascalientes; Luis Enrique Ram\u00edrez Salda\u00f1a, secretario ejecutivo del Sistema Estatal de Seguridad P\u00fablica; Juan Ra\u00fal Guti\u00e9rrez Zaragoza, presidente de la Asociaci\u00f3n de Egresados de la Academia Nacional del FBI Grupo M\u00e9xico.<\/span><\/p>\n","protected":false},"excerpt":{"rendered":"<p>#informativoelvalledeaguascalientes #novaradioaguascalientes #ElGiganteDeMexico &nbsp; \u201cHaremos las inversiones necesarias, no hay l\u00edmites cuando est\u00e1 en juego la paz y la tranquilidad de los aguascalentenses\u201d: Tere Jim\u00e9nez Se mantendr\u00e1 la coordinaci\u00f3n con las corporaciones de los tres niveles de gobierno e incluso internacionales, para obtener mayores resultados La gobernadora inaugur\u00f3 el Foro Internacional de Seguridad y Justicia [&hellip;]<\/p>\n","protected":false},"author":1,"featured_media":40783,"comment_status":"closed","ping_status":"open","sticky":false,"template":"","format":"standard","meta":{"advanced_seo_description":"","jetpack_seo_html_title":"","jetpack_seo_noindex":false,"_jetpack_memberships_contains_paid_content":false,"footnotes":"","jetpack_publicize_message":"","jetpack_publicize_feature_enabled":true,"jetpack_social_post_already_shared":true,"jetpack_social_options":{"image_generator_settings":{"template":"highway","default_image_id":0,"font":"","enabled":false},"version":2}},"categories":[21,4],"tags":[22,615,122],"class_list":["post-40782","post","type-post","status-publish","format-standard","has-post-thumbnail","hentry","category-aguascalientes","category-gobierno-del-estado-aguascalientes","tag-aguascalientes","tag-gobierno-del-estado-de-aguascalientes","tag-sspe-aguascalientes"],"jetpack_publicize_connections":[],"jetpack_featured_media_url":"https:\/\/i0.wp.com\/informativoelvalledeaguascalientes.online\/wp-content\/uploads\/2023\/02\/gob-edo-foro-seguridad.webp?fit=677%2C451&ssl=1","jetpack-related-posts":[],"jetpack_sharing_enabled":true,"jetpack_likes_enabled":true,"_links":{"self":[{"href":"https:\/\/informativoelvalledeaguascalientes.online\/index.php?rest_route=\/wp\/v2\/posts\/40782","targetHints":{"allow":["GET"]}}],"collection":[{"href":"https:\/\/informativoelvalledeaguascalientes.online\/index.php?rest_route=\/wp\/v2\/posts"}],"about":[{"href":"https:\/\/informativoelvalledeaguascalientes.online\/index.php?rest_route=\/wp\/v2\/types\/post"}],"author":[{"embeddable":true,"href":"https:\/\/informativoelvalledeaguascalientes.online\/index.php?rest_route=\/wp\/v2\/users\/1"}],"replies":[{"embeddable":true,"href":"https:\/\/informativoelvalledeaguascalientes.online\/index.php?rest_route=%2Fwp%2Fv2%2Fcomments&post=40782"}],"version-history":[{"count":1,"href":"https:\/\/informativoelvalledeaguascalientes.online\/index.php?rest_route=\/wp\/v2\/posts\/40782\/revisions"}],"predecessor-version":[{"id":40784,"href":"https:\/\/informativoelvalledeaguascalientes.online\/index.php?rest_route=\/wp\/v2\/posts\/40782\/revisions\/40784"}],"wp:featuredmedia":[{"embeddable":true,"href":"https:\/\/informativoelvalledeaguascalientes.online\/index.php?rest_route=\/wp\/v2\/media\/40783"}],"wp:attachment":[{"href":"https:\/\/informativoelvalledeaguascalientes.online\/index.php?rest_route=%2Fwp%2Fv2%2Fmedia&parent=40782"}],"wp:term":[{"taxonomy":"category","embeddable":true,"href":"https:\/\/informativoelvalledeaguascalientes.online\/index.php?rest_route=%2Fwp%2Fv2%2Fcategories&post=40782"},{"taxonomy":"post_tag","embeddable":true,"href":"https:\/\/informativoelvalledeaguascalientes.online\/index.php?rest_route=%2Fwp%2Fv2%2Ftags&post=40782"}],"curies":[{"name":"wp","href":"https:\/\/api.w.org\/{rel}","templated":true}]}}