{"id":40772,"date":"2023-02-27T21:47:30","date_gmt":"2023-02-28T03:47:30","guid":{"rendered":"https:\/\/informativoelvalledeaguascalientes.online\/?p=40772"},"modified":"2023-02-27T21:47:30","modified_gmt":"2023-02-28T03:47:30","slug":"tere-jimenez-y-leo-montanez-convocan-a-los-jovenes-a-viajar-a-otros-paises","status":"publish","type":"post","link":"https:\/\/informativoelvalledeaguascalientes.online\/?p=40772","title":{"rendered":"TERE JIM\u00c9NEZ Y LEO MONTA\u00d1EZ CONVOCAN A LOS J\u00d3VENES A VIAJAR A OTROS PA\u00cdSES"},"content":{"rendered":"<p><strong><a href=\"https:\/\/www.facebook.com\/hashtag\/informativoelvalledeaguascalientes\">#informativoelvalledeaguascalientes<\/a><\/strong><\/p>\n<p><strong><a href=\"https:\/\/www.facebook.com\/hashtag\/novaradioaguascalientes\">#novaradioaguascalientes<\/a><\/strong><\/p>\n<p><strong><a class=\"x1i10hfl xjbqb8w x6umtig x1b1mbwd xaqea5y xav7gou x9f619 x1ypdohk xt0psk2 xe8uvvx xdj266r x11i5rnm xat24cr x1mh8g0r xexx8yu x4uap5 x18d9i69 xkhd6sd x16tdsg8 x1hl2dhg xggy1nq x1a2a7pz xt0b8zv x1qq9wsj xo1l8bm\" tabindex=\"0\" role=\"link\" href=\"https:\/\/www.facebook.com\/hashtag\/laciudaddetuvida?__eep__=6&amp;__cft__[0]=AZVUzG-uzEgkHBxlWi4clX4-qXx_nfGicugdShvx3oYxvDeUIl1My5bfFXiXTmVU7O9FCNwHdVuQiVqIjO99-u7dxeUq1S3CqcB1PNpBXLQtm-Q1JLiRFFX8c4SEMe3VqRRgSs9kS8-Ajp6HnW6ebLd3GeB3j-SCsEGrTUVXz1WdbDeQs8bs0Dry33nLaV6fVU4&amp;__tn__=*NK-R\">#LaCiudadDeTuVida<\/a><\/strong><\/p>\n<p>&nbsp;<\/p>\n<ul>\n<li><strong>Con el programa \u201cGigantes por el Mundo, J\u00f3venes de Clase Mundial\u201d, se entregar\u00e1n 1,000 becas de movilidad internacional y 500 apoyos para comprar vuelos<\/strong><\/li>\n<li><strong>Podr\u00e1n participar j\u00f3venes de 18 a 35 a\u00f1os que vivan en Aguascalientes para sumarse a labores de servicio comunitario e intercambio cultural en 68 pa\u00edses<\/strong><\/li>\n<li><strong>La convocatoria estar\u00e1 vigente del 25 de febrero al 2 de marzo de este a\u00f1o; la lista de los seleccionados se publicar\u00e1 el 3 de marzo pr\u00f3ximo<\/strong><\/li>\n<\/ul>\n<p>En un esfuerzo conjunto, la gobernadora\u00a0<strong>Tere Jim\u00e9nez<\/strong>\u00a0y el presidente municipal capitalino\u00a0<strong>Leo Monta\u00f1ez<\/strong>\u00a0convocan a j\u00f3venes que vivan en Aguascalientes, a viajar a otras partes del mundo mediante el programa \u201cGigantes por el Mundo, J\u00f3venes de Clase Mundial\u201d, a trav\u00e9s del cual se entregar\u00e1n 1,000 becas de movilidad internacional y 500 apoyos para comprar vuelos a quienes resulten seleccionados.<\/p>\n<p>A trav\u00e9s de este proyecto, que se promueve junto con la organizaci\u00f3n internacional Vive M\u00e9xico A. C., j\u00f3venes de entre 18 y 35 a\u00f1os podr\u00e1n participar en diversas acciones de servicio comunitario, intercambio cultural y desarrollo de competitividad global en m\u00e1s de 68 pa\u00edses alrededor del mundo.<\/p>\n<p><strong>Tere Jim\u00e9nez<\/strong>\u00a0destac\u00f3 su inter\u00e9s por impulsar a la juventud de Aguascalientes a mejorar su desarrollo personal y profesional, mediante este tipo de oportunidades que les permiten estimular su conciencia social al participar en labores comunitarias, as\u00ed como fortalecer su integraci\u00f3n social a trav\u00e9s de la convivencia e intercambio de ideas con j\u00f3venes de diferentes culturas.<\/p>\n<p>\u201cLa experiencia de viajar a otro pa\u00eds te ampl\u00eda los horizontes y te permite enriquecer tu formaci\u00f3n para enfrentar los retos con una visi\u00f3n global, como lo piden los nuevos tiempos\u201d, subray\u00f3.<\/p>\n<p>Por su parte,\u00a0<strong>Leo Monta\u00f1ez<\/strong>\u00a0reiter\u00f3 el compromiso de la Administraci\u00f3n Municipal con el desarrollo humano y superaci\u00f3n de las y los j\u00f3venes, por ser el motor del cambio social, y con la experiencia que adquieran en otros pa\u00edses, dijo, van a ampliar no solo sus horizontes, sino tambi\u00e9n a contribuir a construir un mejor Aguascalientes.<\/p>\n<p>La convocatoria estar\u00e1 abierta hasta el 2 de marzo de este a\u00f1o. Las y los interesados podr\u00e1n registrarse en https:\/\/bit.ly\/RegistroGigantesXelMundo y ser\u00e1 el 3 de marzo pr\u00f3ximo cuando se d\u00e9 a conocer la lista de j\u00f3venes seleccionados.<\/p>\n<p>Los detalles de la convocatoria se pueden consultar en el siguiente enlace https:\/\/bit.ly\/ConvocaGigantesXElMundo; la recepci\u00f3n de documentos se har\u00e1 en las instalaciones del Instituto Aguascalentense de la Juventud, en las instancias de la juventud de todos los municipios y en el m\u00f3dulo que se instalar\u00e1 en el Primer Patio de Palacio de Gobierno.<\/p>\n<p>Para mayores informes, las y los postulantes se pueden comunicar al tel\u00e9fono 449 910 21 41, de 9:00 de la ma\u00f1ana a las 3:00 de la tarde.<\/p>\n","protected":false},"excerpt":{"rendered":"<p>#informativoelvalledeaguascalientes #novaradioaguascalientes #LaCiudadDeTuVida &nbsp; Con el programa \u201cGigantes por el Mundo, J\u00f3venes de Clase Mundial\u201d, se entregar\u00e1n 1,000 becas de movilidad internacional y 500 apoyos para comprar vuelos Podr\u00e1n participar j\u00f3venes de 18 a 35 a\u00f1os que vivan en Aguascalientes para sumarse a labores de servicio comunitario e intercambio cultural en 68 pa\u00edses La convocatoria [&hellip;]<\/p>\n","protected":false},"author":1,"featured_media":40773,"comment_status":"closed","ping_status":"open","sticky":false,"template":"","format":"standard","meta":{"advanced_seo_description":"","jetpack_seo_html_title":"","jetpack_seo_noindex":false,"_jetpack_memberships_contains_paid_content":false,"footnotes":"","jetpack_publicize_message":"","jetpack_publicize_feature_enabled":true,"jetpack_social_post_already_shared":true,"jetpack_social_options":{"image_generator_settings":{"template":"highway","default_image_id":0,"font":"","enabled":false},"version":2}},"categories":[21,3],"tags":[22,25],"class_list":["post-40772","post","type-post","status-publish","format-standard","has-post-thumbnail","hentry","category-aguascalientes","category-municipio-aguascalientes","tag-aguascalientes","tag-mpio-aguascalientes"],"jetpack_publicize_connections":[],"jetpack_featured_media_url":"https:\/\/i0.wp.com\/informativoelvalledeaguascalientes.online\/wp-content\/uploads\/2023\/02\/mpio-ags-becas-movilidad.jpg?fit=1025%2C1280&ssl=1","jetpack-related-posts":[],"jetpack_sharing_enabled":true,"jetpack_likes_enabled":true,"_links":{"self":[{"href":"https:\/\/informativoelvalledeaguascalientes.online\/index.php?rest_route=\/wp\/v2\/posts\/40772","targetHints":{"allow":["GET"]}}],"collection":[{"href":"https:\/\/informativoelvalledeaguascalientes.online\/index.php?rest_route=\/wp\/v2\/posts"}],"about":[{"href":"https:\/\/informativoelvalledeaguascalientes.online\/index.php?rest_route=\/wp\/v2\/types\/post"}],"author":[{"embeddable":true,"href":"https:\/\/informativoelvalledeaguascalientes.online\/index.php?rest_route=\/wp\/v2\/users\/1"}],"replies":[{"embeddable":true,"href":"https:\/\/informativoelvalledeaguascalientes.online\/index.php?rest_route=%2Fwp%2Fv2%2Fcomments&post=40772"}],"version-history":[{"count":1,"href":"https:\/\/informativoelvalledeaguascalientes.online\/index.php?rest_route=\/wp\/v2\/posts\/40772\/revisions"}],"predecessor-version":[{"id":40774,"href":"https:\/\/informativoelvalledeaguascalientes.online\/index.php?rest_route=\/wp\/v2\/posts\/40772\/revisions\/40774"}],"wp:featuredmedia":[{"embeddable":true,"href":"https:\/\/informativoelvalledeaguascalientes.online\/index.php?rest_route=\/wp\/v2\/media\/40773"}],"wp:attachment":[{"href":"https:\/\/informativoelvalledeaguascalientes.online\/index.php?rest_route=%2Fwp%2Fv2%2Fmedia&parent=40772"}],"wp:term":[{"taxonomy":"category","embeddable":true,"href":"https:\/\/informativoelvalledeaguascalientes.online\/index.php?rest_route=%2Fwp%2Fv2%2Fcategories&post=40772"},{"taxonomy":"post_tag","embeddable":true,"href":"https:\/\/informativoelvalledeaguascalientes.online\/index.php?rest_route=%2Fwp%2Fv2%2Ftags&post=40772"}],"curies":[{"name":"wp","href":"https:\/\/api.w.org\/{rel}","templated":true}]}}