{"id":40464,"date":"2023-02-18T18:02:48","date_gmt":"2023-02-19T00:02:48","guid":{"rendered":"https:\/\/informativoelvalledeaguascalientes.online\/?p=40464"},"modified":"2023-02-18T18:02:48","modified_gmt":"2023-02-19T00:02:48","slug":"cada-vez-mas-cerca-la-eleccion-de-la-reina-de-la-fnsm2023-participa","status":"publish","type":"post","link":"https:\/\/informativoelvalledeaguascalientes.online\/?p=40464","title":{"rendered":"Cada vez mas cerca la Elecci\u00f3n de la Reina de la #FNSM2023 Participa&#8230;!!!!"},"content":{"rendered":"<p><strong><a href=\"https:\/\/www.facebook.com\/hashtag\/informativoelvalledeaguascalientes\">#informativoelvalledeaguascalientes<\/a><\/strong><\/p>\n<p><strong><a href=\"https:\/\/www.facebook.com\/hashtag\/novaradioaguascalientes\">#novaradioaguascalientes<\/a><\/strong><\/p>\n<p><strong><a href=\"https:\/\/www.facebook.com\/GobiernodeAguascalientes\">#ElGiganteDeMexico<\/a><\/strong><\/p>\n<p>&nbsp;<\/p>\n<p><img data-recalc-dims=\"1\" loading=\"lazy\" decoding=\"async\" class=\"alignnone size-medium wp-image-40466\" src=\"https:\/\/i0.wp.com\/informativoelvalledeaguascalientes.online\/wp-content\/uploads\/2023\/02\/carolina-verde-253x300.jpg?resize=253%2C300\" alt=\"\" width=\"253\" height=\"300\" srcset=\"https:\/\/i0.wp.com\/informativoelvalledeaguascalientes.online\/wp-content\/uploads\/2023\/02\/carolina-verde.jpg?resize=253%2C300&amp;ssl=1 253w, https:\/\/i0.wp.com\/informativoelvalledeaguascalientes.online\/wp-content\/uploads\/2023\/02\/carolina-verde.jpg?resize=864%2C1024&amp;ssl=1 864w, https:\/\/i0.wp.com\/informativoelvalledeaguascalientes.online\/wp-content\/uploads\/2023\/02\/carolina-verde.jpg?resize=768%2C910&amp;ssl=1 768w, https:\/\/i0.wp.com\/informativoelvalledeaguascalientes.online\/wp-content\/uploads\/2023\/02\/carolina-verde.jpg?w=1080&amp;ssl=1 1080w\" sizes=\"auto, (max-width: 253px) 100vw, 253px\" \/> <img data-recalc-dims=\"1\" loading=\"lazy\" decoding=\"async\" class=\"alignnone size-medium wp-image-40467\" src=\"https:\/\/i0.wp.com\/informativoelvalledeaguascalientes.online\/wp-content\/uploads\/2023\/02\/ximena-azul-252x300.jpg?resize=252%2C300\" alt=\"\" width=\"252\" height=\"300\" srcset=\"https:\/\/i0.wp.com\/informativoelvalledeaguascalientes.online\/wp-content\/uploads\/2023\/02\/ximena-azul.jpg?resize=252%2C300&amp;ssl=1 252w, https:\/\/i0.wp.com\/informativoelvalledeaguascalientes.online\/wp-content\/uploads\/2023\/02\/ximena-azul.jpg?resize=859%2C1024&amp;ssl=1 859w, https:\/\/i0.wp.com\/informativoelvalledeaguascalientes.online\/wp-content\/uploads\/2023\/02\/ximena-azul.jpg?resize=768%2C916&amp;ssl=1 768w, https:\/\/i0.wp.com\/informativoelvalledeaguascalientes.online\/wp-content\/uploads\/2023\/02\/ximena-azul.jpg?w=1080&amp;ssl=1 1080w\" sizes=\"auto, (max-width: 252px) 100vw, 252px\" \/> <img data-recalc-dims=\"1\" loading=\"lazy\" decoding=\"async\" class=\"alignnone size-medium wp-image-40468\" src=\"https:\/\/i0.wp.com\/informativoelvalledeaguascalientes.online\/wp-content\/uploads\/2023\/02\/yoselin-rosa-253x300.jpg?resize=253%2C300\" alt=\"\" width=\"253\" height=\"300\" srcset=\"https:\/\/i0.wp.com\/informativoelvalledeaguascalientes.online\/wp-content\/uploads\/2023\/02\/yoselin-rosa.jpg?resize=253%2C300&amp;ssl=1 253w, https:\/\/i0.wp.com\/informativoelvalledeaguascalientes.online\/wp-content\/uploads\/2023\/02\/yoselin-rosa.jpg?resize=864%2C1024&amp;ssl=1 864w, https:\/\/i0.wp.com\/informativoelvalledeaguascalientes.online\/wp-content\/uploads\/2023\/02\/yoselin-rosa.jpg?resize=768%2C910&amp;ssl=1 768w, https:\/\/i0.wp.com\/informativoelvalledeaguascalientes.online\/wp-content\/uploads\/2023\/02\/yoselin-rosa.jpg?w=1080&amp;ssl=1 1080w\" sizes=\"auto, (max-width: 253px) 100vw, 253px\" \/><\/p>\n<p>&nbsp;<\/p>\n<p>El s\u00e1bado 25 y domingo 26 de febrero la poblaci\u00f3n de todos los municipios del estado de 6 a\u00f1os en adelante tendr\u00e1 la oportunidad de elegir a la reina \ud83d\udc78\ud83c\udffb de la Feria Nacional de San Marcos 2023. \ud83c\udfa1<\/p>\n<p>Los invitamos a participar porque la feria es de todos.<\/p>\n<p>#FNSM2023<br \/>\n#LaGigantedeM\u00e9xico<\/p>\n","protected":false},"excerpt":{"rendered":"<p>#informativoelvalledeaguascalientes #novaradioaguascalientes #ElGiganteDeMexico &nbsp; &nbsp; El s\u00e1bado 25 y domingo 26 de febrero la poblaci\u00f3n de todos los municipios del estado de 6 a\u00f1os en adelante tendr\u00e1 la oportunidad de elegir a la reina \ud83d\udc78\ud83c\udffb de la Feria Nacional de San Marcos 2023. \ud83c\udfa1 Los invitamos a participar porque la feria es de todos. #FNSM2023 [&hellip;]<\/p>\n","protected":false},"author":1,"featured_media":40465,"comment_status":"closed","ping_status":"open","sticky":false,"template":"","format":"standard","meta":{"advanced_seo_description":"","jetpack_seo_html_title":"","jetpack_seo_noindex":false,"_jetpack_memberships_contains_paid_content":false,"footnotes":"","jetpack_publicize_message":"","jetpack_publicize_feature_enabled":true,"jetpack_social_post_already_shared":true,"jetpack_social_options":{"image_generator_settings":{"template":"highway","default_image_id":0,"font":"","enabled":false},"version":2}},"categories":[21,4],"tags":[22,627,615,632,34],"class_list":["post-40464","post","type-post","status-publish","format-standard","has-post-thumbnail","hentry","category-aguascalientes","category-gobierno-del-estado-aguascalientes","tag-aguascalientes","tag-fnsm-2023","tag-gobierno-del-estado-de-aguascalientes","tag-pfnsm-2023","tag-sectur"],"jetpack_publicize_connections":[],"jetpack_featured_media_url":"https:\/\/i0.wp.com\/informativoelvalledeaguascalientes.online\/wp-content\/uploads\/2023\/02\/eleccion-reina-fnsm2023.jpg?fit=1370%2C1600&ssl=1","jetpack-related-posts":[],"jetpack_sharing_enabled":true,"jetpack_likes_enabled":true,"_links":{"self":[{"href":"https:\/\/informativoelvalledeaguascalientes.online\/index.php?rest_route=\/wp\/v2\/posts\/40464","targetHints":{"allow":["GET"]}}],"collection":[{"href":"https:\/\/informativoelvalledeaguascalientes.online\/index.php?rest_route=\/wp\/v2\/posts"}],"about":[{"href":"https:\/\/informativoelvalledeaguascalientes.online\/index.php?rest_route=\/wp\/v2\/types\/post"}],"author":[{"embeddable":true,"href":"https:\/\/informativoelvalledeaguascalientes.online\/index.php?rest_route=\/wp\/v2\/users\/1"}],"replies":[{"embeddable":true,"href":"https:\/\/informativoelvalledeaguascalientes.online\/index.php?rest_route=%2Fwp%2Fv2%2Fcomments&post=40464"}],"version-history":[{"count":1,"href":"https:\/\/informativoelvalledeaguascalientes.online\/index.php?rest_route=\/wp\/v2\/posts\/40464\/revisions"}],"predecessor-version":[{"id":40469,"href":"https:\/\/informativoelvalledeaguascalientes.online\/index.php?rest_route=\/wp\/v2\/posts\/40464\/revisions\/40469"}],"wp:featuredmedia":[{"embeddable":true,"href":"https:\/\/informativoelvalledeaguascalientes.online\/index.php?rest_route=\/wp\/v2\/media\/40465"}],"wp:attachment":[{"href":"https:\/\/informativoelvalledeaguascalientes.online\/index.php?rest_route=%2Fwp%2Fv2%2Fmedia&parent=40464"}],"wp:term":[{"taxonomy":"category","embeddable":true,"href":"https:\/\/informativoelvalledeaguascalientes.online\/index.php?rest_route=%2Fwp%2Fv2%2Fcategories&post=40464"},{"taxonomy":"post_tag","embeddable":true,"href":"https:\/\/informativoelvalledeaguascalientes.online\/index.php?rest_route=%2Fwp%2Fv2%2Ftags&post=40464"}],"curies":[{"name":"wp","href":"https:\/\/api.w.org\/{rel}","templated":true}]}}