{"id":40440,"date":"2023-02-16T22:31:29","date_gmt":"2023-02-17T04:31:29","guid":{"rendered":"https:\/\/informativoelvalledeaguascalientes.online\/?p=40440"},"modified":"2023-02-16T22:31:29","modified_gmt":"2023-02-17T04:31:29","slug":"invita-ica-al-festival-artesanal-amantolli","status":"publish","type":"post","link":"https:\/\/informativoelvalledeaguascalientes.online\/?p=40440","title":{"rendered":"INVITA ICA AL FESTIVAL ARTESANAL AMANTOLLI"},"content":{"rendered":"<p><strong><a href=\"https:\/\/www.facebook.com\/hashtag\/informativoelvalledeaguascalientes\">#informativoelvalledeaguascalientes<\/a><\/strong><\/p>\n<p><strong><a href=\"https:\/\/www.facebook.com\/hashtag\/novaradioaguascalientes\">#novaradioaguascalientes<\/a><\/strong><\/p>\n<p><strong><a href=\"https:\/\/www.facebook.com\/GobiernodeAguascalientes\">#ElGiganteDeMexico<\/a><\/strong><\/p>\n<p>Con el objetivo de reconocer y promover la tradici\u00f3n artesanal de nuestro estado, el Instituto Cultural de Aguascalientes (ICA) realiza de manera mensual el Festival Amantolli Arte Popular, con una variedad de expositores que de generaci\u00f3n en generaci\u00f3n han transmitido a sus familias los conocimientos y t\u00e9cnicas en esta actividad.<\/p>\n<p>Participar\u00e1n 32 artesanas y artesanos de nuestro estado con la venta y exhibici\u00f3n de productos elaborados con diferentes t\u00e9cnicas, como talabarter\u00eda, cartoner\u00eda, may\u00f3lica, talla en madera, orfebrer\u00eda, ludoplastia, arte plumario y bordado en rococ\u00f3.<\/p>\n<p>Invitamos a las familias a que nos acompa\u00f1en y disfruten de este evento el s\u00e1bado 18 y domingo 19 de febrero en el Jard\u00edn de San Marcos, de las 12:00 a las 20:00 horas. Se realizar\u00e1n presentaciones con la participaci\u00f3n del grupo de m\u00fasica de la Casa de la Cultura de Rinc\u00f3n de Romos, la Compa\u00f1\u00eda \u201cSue\u00f1o Azul Teatro\u201d y Rodrigo cuentacuentos.<\/p>\n<p>Adem\u00e1s, habr\u00e1 talleres y charlas en las que el p\u00fablico podr\u00e1 conocer la historia y los procesos de elaboraci\u00f3n de las artesan\u00edas con la finalidad de aprender sobre este trabajo y valorar todo lo que conlleva.<\/p>\n<p>Se hace un llamado a las y los artesanos interesados en participar a que se comuniquen al tel\u00e9fono 449 910 20 10, extensiones 6710 y 4041, para proporcionarles m\u00e1s informaci\u00f3n.<\/p>\n<p>&nbsp;<\/p>\n","protected":false},"excerpt":{"rendered":"<p>#informativoelvalledeaguascalientes #novaradioaguascalientes #ElGiganteDeMexico Con el objetivo de reconocer y promover la tradici\u00f3n artesanal de nuestro estado, el Instituto Cultural de Aguascalientes (ICA) realiza de manera mensual el Festival Amantolli Arte Popular, con una variedad de expositores que de generaci\u00f3n en generaci\u00f3n han transmitido a sus familias los conocimientos y t\u00e9cnicas en esta actividad. Participar\u00e1n 32 [&hellip;]<\/p>\n","protected":false},"author":1,"featured_media":40443,"comment_status":"closed","ping_status":"open","sticky":false,"template":"","format":"standard","meta":{"advanced_seo_description":"","jetpack_seo_html_title":"","jetpack_seo_noindex":false,"_jetpack_memberships_contains_paid_content":false,"footnotes":"","jetpack_publicize_message":"","jetpack_publicize_feature_enabled":true,"jetpack_social_post_already_shared":true,"jetpack_social_options":{"image_generator_settings":{"template":"highway","default_image_id":0,"font":"","enabled":false},"version":2}},"categories":[21,4],"tags":[22,161,52],"class_list":["post-40440","post","type-post","status-publish","format-standard","has-post-thumbnail","hentry","category-aguascalientes","category-gobierno-del-estado-aguascalientes","tag-aguascalientes","tag-gobierno-del-estado-aguascalientes","tag-ica"],"jetpack_publicize_connections":[],"jetpack_featured_media_url":"https:\/\/i0.wp.com\/informativoelvalledeaguascalientes.online\/wp-content\/uploads\/2023\/02\/whatsapp-image-2023-02-16-at-12.26.08-pm.jpeg?fit=1600%2C1599&ssl=1","jetpack-related-posts":[],"jetpack_sharing_enabled":true,"jetpack_likes_enabled":true,"_links":{"self":[{"href":"https:\/\/informativoelvalledeaguascalientes.online\/index.php?rest_route=\/wp\/v2\/posts\/40440","targetHints":{"allow":["GET"]}}],"collection":[{"href":"https:\/\/informativoelvalledeaguascalientes.online\/index.php?rest_route=\/wp\/v2\/posts"}],"about":[{"href":"https:\/\/informativoelvalledeaguascalientes.online\/index.php?rest_route=\/wp\/v2\/types\/post"}],"author":[{"embeddable":true,"href":"https:\/\/informativoelvalledeaguascalientes.online\/index.php?rest_route=\/wp\/v2\/users\/1"}],"replies":[{"embeddable":true,"href":"https:\/\/informativoelvalledeaguascalientes.online\/index.php?rest_route=%2Fwp%2Fv2%2Fcomments&post=40440"}],"version-history":[{"count":1,"href":"https:\/\/informativoelvalledeaguascalientes.online\/index.php?rest_route=\/wp\/v2\/posts\/40440\/revisions"}],"predecessor-version":[{"id":40445,"href":"https:\/\/informativoelvalledeaguascalientes.online\/index.php?rest_route=\/wp\/v2\/posts\/40440\/revisions\/40445"}],"wp:featuredmedia":[{"embeddable":true,"href":"https:\/\/informativoelvalledeaguascalientes.online\/index.php?rest_route=\/wp\/v2\/media\/40443"}],"wp:attachment":[{"href":"https:\/\/informativoelvalledeaguascalientes.online\/index.php?rest_route=%2Fwp%2Fv2%2Fmedia&parent=40440"}],"wp:term":[{"taxonomy":"category","embeddable":true,"href":"https:\/\/informativoelvalledeaguascalientes.online\/index.php?rest_route=%2Fwp%2Fv2%2Fcategories&post=40440"},{"taxonomy":"post_tag","embeddable":true,"href":"https:\/\/informativoelvalledeaguascalientes.online\/index.php?rest_route=%2Fwp%2Fv2%2Ftags&post=40440"}],"curies":[{"name":"wp","href":"https:\/\/api.w.org\/{rel}","templated":true}]}}