{"id":40434,"date":"2023-02-16T22:21:02","date_gmt":"2023-02-17T04:21:02","guid":{"rendered":"https:\/\/informativoelvalledeaguascalientes.online\/?p=40434"},"modified":"2023-02-16T22:21:02","modified_gmt":"2023-02-17T04:21:02","slug":"en-un-hecho-sin-precedentes-tere-jimenez-impulsa-trabajo-en-conjunto-con-issea-issste-e-imss-en-aguascalientes","status":"publish","type":"post","link":"https:\/\/informativoelvalledeaguascalientes.online\/?p=40434","title":{"rendered":"EN UN HECHO SIN PRECEDENTES TERE JIM\u00c9NEZ IMPULSA TRABAJO EN CONJUNTO CON ISSEA, ISSSTE E IMSS EN AGUASCALIENTES"},"content":{"rendered":"<p><strong><a href=\"https:\/\/www.facebook.com\/hashtag\/informativoelvalledeaguascalientes\">#informativoelvalledeaguascalientes<\/a><\/strong><\/p>\n<p><strong><a href=\"https:\/\/www.facebook.com\/hashtag\/novaradioaguascalientes\">#novaradioaguascalientes<\/a><\/strong><\/p>\n<p><strong><a href=\"https:\/\/www.facebook.com\/GobiernodeAguascalientes\">#ElGiganteDeMexico<\/a><\/strong><\/p>\n<div id=\"bgLayers_comp-l7sh9ubr2\" class=\"MW5IWV\" data-hook=\"bgLayers\">\n<div id=\"bgMedia_comp-l7sh9ubr2\" class=\"VgO9Yg\"><\/div>\n<\/div>\n<div class=\"\" data-mesh-id=\"comp-l7sh9ubr2inlineContent\" data-testid=\"inline-content\">\n<div data-mesh-id=\"comp-l7sh9ubr2inlineContent-gridContainer\" data-testid=\"mesh-container-content\">\n<div id=\"comp-l7yvxqnz\" class=\"comp-l7yvxqnz MazNVa rYiAuL\"><\/div>\n<div id=\"comp-l7sh9ubx\" class=\"TWFxr5\">\n<div class=\"comp-l7sh9ubx\">\n<div class=\"s1IW4bz comp-l7sh9ubx\" data-hook=\"ricosviewer-wrapper\">\n<div class=\"kvdbP _1O7aH\" dir=\"ltr\" data-id=\"rich-content-viewer\">\n<div class=\"_1hN1O _3EPBy\">\n<p id=\"viewer-foo\" class=\"mm8Nw _1j-51 _1FoOD _78FBa public-DraftStyleDefault-block-depth0 fixed-tab-size public-DraftStyleDefault-text-ltr\"><span class=\"_2PHJq public-DraftStyleDefault-ltr\">Como resultado de sus gestiones y de sus esfuerzos por unificar la atenci\u00f3n y el servicio que brindan las instituciones de salud, la gobernadora de Aguascalientes logr\u00f3, en un hecho hist\u00f3rico, que el ISSEA, ISSSTE e IMSS trabajen coordinadamente.<\/span><\/p>\n<div id=\"viewer-jix3v11810\" class=\"mm8Nw _1j-51 _1FoOD _78FBa public-DraftStyleDefault-block-depth0 fixed-tab-size public-DraftStyleDefault-text-ltr\"><span class=\"_2PHJq public-DraftStyleDefault-ltr\">\u00a0<\/span><\/div>\n<p id=\"viewer-4ierc11811\" class=\"mm8Nw _1j-51 _1FoOD _78FBa public-DraftStyleDefault-block-depth0 fixed-tab-size public-DraftStyleDefault-text-ltr\"><span class=\"_2PHJq public-DraftStyleDefault-ltr\">Esta alianza responde a la visi\u00f3n de hacer que Aguascalientes sea el estado con el mejor sistema de salud del pa\u00eds, trabajando acciones que permitan, en un futuro no muy lejano, lograr la universalidad del servicio m\u00e9dico y un trato de calidez.<\/span><\/p>\n<div id=\"viewer-lpd0y11813\" class=\"mm8Nw _1j-51 _1FoOD _78FBa public-DraftStyleDefault-block-depth0 fixed-tab-size public-DraftStyleDefault-text-ltr\"><span class=\"_2PHJq public-DraftStyleDefault-ltr\">\u00a0<\/span><\/div>\n<p id=\"viewer-4nu3r11814\" class=\"mm8Nw _1j-51 _1FoOD _78FBa public-DraftStyleDefault-block-depth0 fixed-tab-size public-DraftStyleDefault-text-ltr\"><span class=\"_2PHJq public-DraftStyleDefault-ltr\">El titular del Instituto de Salud de Aguascalientes, Rub\u00e9n Galaviz Trist\u00e1n, se\u00f1al\u00f3 que con este acuerdo las instituciones sanitarias del Estado se enfocar\u00e1n en procurar la calidad del servicio, la seguridad de los pacientes y garantizar el acceso a las personas que requieran atenci\u00f3n m\u00e9dica.<\/span><\/p>\n<div id=\"viewer-mzjt111816\" class=\"mm8Nw _1j-51 _1FoOD _78FBa public-DraftStyleDefault-block-depth0 fixed-tab-size public-DraftStyleDefault-text-ltr\"><span class=\"_2PHJq public-DraftStyleDefault-ltr\">\u00a0<\/span><\/div>\n<p id=\"viewer-3t8hd11817\" class=\"mm8Nw _1j-51 _1FoOD _78FBa public-DraftStyleDefault-block-depth0 fixed-tab-size public-DraftStyleDefault-text-ltr\"><span class=\"_2PHJq public-DraftStyleDefault-ltr\">En la firma del acta compromiso de instalaci\u00f3n de este programa, participaron el secretario de Salud y director general del Instituto de Servicios de Salud del Estado de Aguascalientes, Rub\u00e9n Galaviz Trist\u00e1n; el subdelegado m\u00e9dico del ISSSTE, Manuel Iv\u00e1n Moscoso Rinc\u00f3n; y el titular del \u00d3rgano Administrativo Desconcentrado del IMSS en Aguascalientes, \u00d3scar Arturo Mart\u00ednez Rodr\u00edguez.<\/span><\/p>\n<\/div>\n<\/div>\n<\/div>\n<\/div>\n<\/div>\n<\/div>\n<\/div>\n","protected":false},"excerpt":{"rendered":"<p>#informativoelvalledeaguascalientes #novaradioaguascalientes #ElGiganteDeMexico Como resultado de sus gestiones y de sus esfuerzos por unificar la atenci\u00f3n y el servicio que brindan las instituciones de salud, la gobernadora de Aguascalientes logr\u00f3, en un hecho hist\u00f3rico, que el ISSEA, ISSSTE e IMSS trabajen coordinadamente. \u00a0 Esta alianza responde a la visi\u00f3n de hacer que Aguascalientes sea el [&hellip;]<\/p>\n","protected":false},"author":1,"featured_media":40437,"comment_status":"closed","ping_status":"open","sticky":false,"template":"","format":"standard","meta":{"advanced_seo_description":"","jetpack_seo_html_title":"","jetpack_seo_noindex":false,"_jetpack_memberships_contains_paid_content":false,"footnotes":"","jetpack_publicize_message":"","jetpack_publicize_feature_enabled":true,"jetpack_social_post_already_shared":true,"jetpack_social_options":{"image_generator_settings":{"template":"highway","default_image_id":0,"font":"","enabled":false},"version":2}},"categories":[21,4],"tags":[22,30],"class_list":["post-40434","post","type-post","status-publish","format-standard","has-post-thumbnail","hentry","category-aguascalientes","category-gobierno-del-estado-aguascalientes","tag-aguascalientes","tag-issea"],"jetpack_publicize_connections":[],"jetpack_featured_media_url":"https:\/\/i0.wp.com\/informativoelvalledeaguascalientes.online\/wp-content\/uploads\/2023\/02\/isea_pde-4-scaled.jpg?fit=2560%2C1929&ssl=1","jetpack-related-posts":[],"jetpack_sharing_enabled":true,"jetpack_likes_enabled":true,"_links":{"self":[{"href":"https:\/\/informativoelvalledeaguascalientes.online\/index.php?rest_route=\/wp\/v2\/posts\/40434","targetHints":{"allow":["GET"]}}],"collection":[{"href":"https:\/\/informativoelvalledeaguascalientes.online\/index.php?rest_route=\/wp\/v2\/posts"}],"about":[{"href":"https:\/\/informativoelvalledeaguascalientes.online\/index.php?rest_route=\/wp\/v2\/types\/post"}],"author":[{"embeddable":true,"href":"https:\/\/informativoelvalledeaguascalientes.online\/index.php?rest_route=\/wp\/v2\/users\/1"}],"replies":[{"embeddable":true,"href":"https:\/\/informativoelvalledeaguascalientes.online\/index.php?rest_route=%2Fwp%2Fv2%2Fcomments&post=40434"}],"version-history":[{"count":1,"href":"https:\/\/informativoelvalledeaguascalientes.online\/index.php?rest_route=\/wp\/v2\/posts\/40434\/revisions"}],"predecessor-version":[{"id":40439,"href":"https:\/\/informativoelvalledeaguascalientes.online\/index.php?rest_route=\/wp\/v2\/posts\/40434\/revisions\/40439"}],"wp:featuredmedia":[{"embeddable":true,"href":"https:\/\/informativoelvalledeaguascalientes.online\/index.php?rest_route=\/wp\/v2\/media\/40437"}],"wp:attachment":[{"href":"https:\/\/informativoelvalledeaguascalientes.online\/index.php?rest_route=%2Fwp%2Fv2%2Fmedia&parent=40434"}],"wp:term":[{"taxonomy":"category","embeddable":true,"href":"https:\/\/informativoelvalledeaguascalientes.online\/index.php?rest_route=%2Fwp%2Fv2%2Fcategories&post=40434"},{"taxonomy":"post_tag","embeddable":true,"href":"https:\/\/informativoelvalledeaguascalientes.online\/index.php?rest_route=%2Fwp%2Fv2%2Ftags&post=40434"}],"curies":[{"name":"wp","href":"https:\/\/api.w.org\/{rel}","templated":true}]}}