{"id":40426,"date":"2023-02-16T21:59:02","date_gmt":"2023-02-17T03:59:02","guid":{"rendered":"https:\/\/informativoelvalledeaguascalientes.online\/?p=40426"},"modified":"2023-02-16T21:59:02","modified_gmt":"2023-02-17T03:59:02","slug":"impulsa-municipio-de-aguascalientes-acciones-a-favor-de-la-proteccion-de-los-derechos-humanos","status":"publish","type":"post","link":"https:\/\/informativoelvalledeaguascalientes.online\/?p=40426","title":{"rendered":"IMPULSA MUNICIPIO DE AGUASCALIENTES ACCIONES A FAVOR DE LA PROTECCI\u00d3N DE LOS DERECHOS HUMANOS"},"content":{"rendered":"<p><strong><a href=\"https:\/\/www.facebook.com\/hashtag\/informativoelvalledeaguascalientes\">#informativoelvalledeaguascalientes<\/a><\/strong><\/p>\n<p><strong><a href=\"https:\/\/www.facebook.com\/hashtag\/novaradioaguascalientes\">#novaradioaguascalientes<\/a><\/strong><\/p>\n<p><strong><a class=\"x1i10hfl xjbqb8w x6umtig x1b1mbwd xaqea5y xav7gou x9f619 x1ypdohk xt0psk2 xe8uvvx xdj266r x11i5rnm xat24cr x1mh8g0r xexx8yu x4uap5 x18d9i69 xkhd6sd x16tdsg8 x1hl2dhg xggy1nq x1a2a7pz xt0b8zv x1qq9wsj xo1l8bm\" tabindex=\"0\" role=\"link\" href=\"https:\/\/www.facebook.com\/hashtag\/laciudaddetuvida?__eep__=6&amp;__cft__[0]=AZVUzG-uzEgkHBxlWi4clX4-qXx_nfGicugdShvx3oYxvDeUIl1My5bfFXiXTmVU7O9FCNwHdVuQiVqIjO99-u7dxeUq1S3CqcB1PNpBXLQtm-Q1JLiRFFX8c4SEMe3VqRRgSs9kS8-Ajp6HnW6ebLd3GeB3j-SCsEGrTUVXz1WdbDeQs8bs0Dry33nLaV6fVU4&amp;__tn__=*NK-R\">#LaCiudadDeTuVida<\/a><\/strong><\/p>\n<p>En sesi\u00f3n de la Comisi\u00f3n Permanente de Derechos Humanos que preside la regidora\u00a0<strong>Mar\u00eda Dolores Verd\u00edn Almanza<\/strong>, se expusieron las actividades y campa\u00f1as que lleva a cabo la Unidad de Derechos Humanos del Municipio de Aguascalientes para seguir avanzando en la consolidaci\u00f3n de una sociedad m\u00e1s \u00a0igualitaria y justa.<\/p>\n<p>La regidora\u00a0<strong>Dolores Verd\u00edn<\/strong>, explic\u00f3 que, a trav\u00e9s de la difusi\u00f3n y promoci\u00f3n de estos derechos, se crea mayor conciencia sobre su existencia y se fortalece su protecci\u00f3n y respeto.<\/p>\n<p>El titular de la Unidad de Derechos Humanos,\u00a0<strong>Luis Guti\u00e9rrez Berdeja<\/strong>, resalt\u00f3 que para reforzar estas acciones se trabaja de manera transversal con cada una de las dependencias municipales con el objetivo que los servidores p\u00fablicos est\u00e9n mayormente informados sobre los derechos individuales y colectivos de los ciudadanos a fin de coadyuvar en la protecci\u00f3n y cumplimiento de los mismos.<\/p>\n<p>Agreg\u00f3 que adem\u00e1s gracias a la colaboraci\u00f3n con el DIF municipal se establecieron mecanismos de acompa\u00f1amiento y canalizaci\u00f3n al \u00e1rea jur\u00eddica de personas con discapacidad para promover una mayor inclusi\u00f3n.<\/p>\n<p>Por su parte, la regidora\u00a0<strong>Citlalli Rodr\u00edguez<\/strong>\u00a0resalt\u00f3 que otra acci\u00f3n importante es la atenci\u00f3n que brinda la Unidad de Derechos Humanos en el m\u00f3dulo 51 del Centro de Atenci\u00f3n Municipal (CAM) en L\u00f3pez Mateos en donde se reciben reportes y solicitudes de la ciudadan\u00eda, con el fin de facilitarles el ejercicio de sus derechos, el cumplimiento de sus deberes y el acceso a los servicios p\u00fablicos.<\/p>\n<p>En la sesi\u00f3n tambi\u00e9n participaron la regidora\u00a0<strong>Marisol Barr\u00f3n Betancourt<\/strong>\u00a0y el regidor\u00a0<strong>Alejandro Serrano Almanza<\/strong>, en la que se present\u00f3 a la nueva coordinadora Susan Rodr\u00edguez que apoyar\u00e1 a Luis Guti\u00e9rrez en las actividades a realizarse y fortalecer esta \u00e1rea.<\/p>\n","protected":false},"excerpt":{"rendered":"<p>#informativoelvalledeaguascalientes #novaradioaguascalientes #LaCiudadDeTuVida En sesi\u00f3n de la Comisi\u00f3n Permanente de Derechos Humanos que preside la regidora\u00a0Mar\u00eda Dolores Verd\u00edn Almanza, se expusieron las actividades y campa\u00f1as que lleva a cabo la Unidad de Derechos Humanos del Municipio de Aguascalientes para seguir avanzando en la consolidaci\u00f3n de una sociedad m\u00e1s \u00a0igualitaria y justa. La regidora\u00a0Dolores Verd\u00edn, explic\u00f3 [&hellip;]<\/p>\n","protected":false},"author":1,"featured_media":40427,"comment_status":"closed","ping_status":"open","sticky":false,"template":"","format":"standard","meta":{"advanced_seo_description":"","jetpack_seo_html_title":"","jetpack_seo_noindex":false,"_jetpack_memberships_contains_paid_content":false,"footnotes":"","jetpack_publicize_message":"","jetpack_publicize_feature_enabled":true,"jetpack_social_post_already_shared":true,"jetpack_social_options":{"image_generator_settings":{"template":"highway","default_image_id":0,"font":"","enabled":false},"version":2}},"categories":[21,3],"tags":[22,25],"class_list":["post-40426","post","type-post","status-publish","format-standard","has-post-thumbnail","hentry","category-aguascalientes","category-municipio-aguascalientes","tag-aguascalientes","tag-mpio-aguascalientes"],"jetpack_publicize_connections":[],"jetpack_featured_media_url":"https:\/\/i0.wp.com\/informativoelvalledeaguascalientes.online\/wp-content\/uploads\/2023\/02\/IMG_1104-1-scaled-1.jpg?fit=2560%2C1708&ssl=1","jetpack-related-posts":[],"jetpack_sharing_enabled":true,"jetpack_likes_enabled":true,"_links":{"self":[{"href":"https:\/\/informativoelvalledeaguascalientes.online\/index.php?rest_route=\/wp\/v2\/posts\/40426","targetHints":{"allow":["GET"]}}],"collection":[{"href":"https:\/\/informativoelvalledeaguascalientes.online\/index.php?rest_route=\/wp\/v2\/posts"}],"about":[{"href":"https:\/\/informativoelvalledeaguascalientes.online\/index.php?rest_route=\/wp\/v2\/types\/post"}],"author":[{"embeddable":true,"href":"https:\/\/informativoelvalledeaguascalientes.online\/index.php?rest_route=\/wp\/v2\/users\/1"}],"replies":[{"embeddable":true,"href":"https:\/\/informativoelvalledeaguascalientes.online\/index.php?rest_route=%2Fwp%2Fv2%2Fcomments&post=40426"}],"version-history":[{"count":1,"href":"https:\/\/informativoelvalledeaguascalientes.online\/index.php?rest_route=\/wp\/v2\/posts\/40426\/revisions"}],"predecessor-version":[{"id":40428,"href":"https:\/\/informativoelvalledeaguascalientes.online\/index.php?rest_route=\/wp\/v2\/posts\/40426\/revisions\/40428"}],"wp:featuredmedia":[{"embeddable":true,"href":"https:\/\/informativoelvalledeaguascalientes.online\/index.php?rest_route=\/wp\/v2\/media\/40427"}],"wp:attachment":[{"href":"https:\/\/informativoelvalledeaguascalientes.online\/index.php?rest_route=%2Fwp%2Fv2%2Fmedia&parent=40426"}],"wp:term":[{"taxonomy":"category","embeddable":true,"href":"https:\/\/informativoelvalledeaguascalientes.online\/index.php?rest_route=%2Fwp%2Fv2%2Fcategories&post=40426"},{"taxonomy":"post_tag","embeddable":true,"href":"https:\/\/informativoelvalledeaguascalientes.online\/index.php?rest_route=%2Fwp%2Fv2%2Ftags&post=40426"}],"curies":[{"name":"wp","href":"https:\/\/api.w.org\/{rel}","templated":true}]}}