{"id":40420,"date":"2023-02-16T21:49:52","date_gmt":"2023-02-17T03:49:52","guid":{"rendered":"https:\/\/informativoelvalledeaguascalientes.online\/?p=40420"},"modified":"2023-02-16T21:49:52","modified_gmt":"2023-02-17T03:49:52","slug":"comision-de-juventud-aprueba-acuerdo-legislativo-para-designar-a-dos-integrantes-del-consejo-estatal-de-la-juventud","status":"publish","type":"post","link":"https:\/\/informativoelvalledeaguascalientes.online\/?p=40420","title":{"rendered":"COMISI\u00d3N DE JUVENTUD APRUEBA ACUERDO LEGISLATIVO PARA DESIGNAR A DOS INTEGRANTES DEL CONSEJO ESTATAL DE LA JUVENTUD"},"content":{"rendered":"<p>&nbsp;<\/p>\n<p><strong><a href=\"https:\/\/www.facebook.com\/hashtag\/informativoelvalledeaguascalientes\">#informativoelvalledeaguascalientes<\/a><\/strong><\/p>\n<p><strong><a href=\"https:\/\/www.facebook.com\/hashtag\/novaradioaguascalientes\">#novaradioaguascalientes<\/a><\/strong><\/p>\n<p>Este d\u00eda, en sesi\u00f3n ordinaria, la Comisi\u00f3n de Juventud de la LXV Legislatura que preside el diputade Juan Carlos Regaldo Ugarte aprob\u00f3 el Acuerdo Legislativo para expedir la convocatoria p\u00fablica para la designaci\u00f3n de dos j\u00f3venes que integrar\u00e1n el Consejo Estatal de la Juventud.<\/p>\n<p>&nbsp;<\/p>\n<p>La convocatoria est\u00e1 dirigida a las y\u00a0 los j\u00f3venes que tengan entre 12 y 29 a\u00f1os que se encuentren interesados en participar y expresar sus puntos de vista y opiniones respecto de los diversos temas de actualidad que afectan la realidad de nuestra Entidad.<\/p>\n<p>&nbsp;<\/p>\n<p>Una vez publicada la convocatoria, las y los interesados podr\u00e1n consultar los requisitos y registrarse en Oficial\u00eda de Partes del Congreso del Estado, en el Peri\u00f3dico Oficial del Estado Aguascalientes, en un peri\u00f3dico de mayor circulaci\u00f3n y en la p\u00e1gina oficial del Congreso del Estado hasta el d\u00eda 02 de marzo de 2023.<\/p>\n<p>&nbsp;<\/p>\n<p>De igual manera, el presidente de la comisi\u00f3n, congresista, Juan Carlos Regalado inform\u00f3 que se recibieron tres iniciativas que tienen como prop\u00f3sito reformar la Ley de la Juventud y la Ley de Ciencia, Tecnolog\u00eda, Innovaci\u00f3n y Sociedad para el Conocimiento, ambas, del Estado de Aguascalientes.<\/p>\n<p>&nbsp;<\/p>\n<p>A la sesi\u00f3n tambi\u00e9n asistieron las congresistas Juanis Mart\u00ednez\u00a0 y Leslie Figueroa.<\/p>\n","protected":false},"excerpt":{"rendered":"<p>&nbsp; #informativoelvalledeaguascalientes #novaradioaguascalientes Este d\u00eda, en sesi\u00f3n ordinaria, la Comisi\u00f3n de Juventud de la LXV Legislatura que preside el diputade Juan Carlos Regaldo Ugarte aprob\u00f3 el Acuerdo Legislativo para expedir la convocatoria p\u00fablica para la designaci\u00f3n de dos j\u00f3venes que integrar\u00e1n el Consejo Estatal de la Juventud. &nbsp; La convocatoria est\u00e1 dirigida a las y\u00a0 [&hellip;]<\/p>\n","protected":false},"author":1,"featured_media":40421,"comment_status":"closed","ping_status":"open","sticky":false,"template":"","format":"standard","meta":{"advanced_seo_description":"","jetpack_seo_html_title":"","jetpack_seo_noindex":false,"_jetpack_memberships_contains_paid_content":false,"footnotes":"","jetpack_publicize_message":"","jetpack_publicize_feature_enabled":true,"jetpack_social_post_already_shared":true,"jetpack_social_options":{"image_generator_settings":{"template":"highway","default_image_id":0,"font":"","enabled":false},"version":2}},"categories":[21,5],"tags":[22,520],"class_list":["post-40420","post","type-post","status-publish","format-standard","has-post-thumbnail","hentry","category-aguascalientes","category-h-congreso-del-estado-aguascalientes","tag-aguascalientes","tag-lxv-legislatura-aguascalientes"],"jetpack_publicize_connections":[],"jetpack_featured_media_url":"https:\/\/i0.wp.com\/informativoelvalledeaguascalientes.online\/wp-content\/uploads\/2023\/02\/DSC_5120.jpg?fit=852%2C568&ssl=1","jetpack-related-posts":[],"jetpack_sharing_enabled":true,"jetpack_likes_enabled":true,"_links":{"self":[{"href":"https:\/\/informativoelvalledeaguascalientes.online\/index.php?rest_route=\/wp\/v2\/posts\/40420","targetHints":{"allow":["GET"]}}],"collection":[{"href":"https:\/\/informativoelvalledeaguascalientes.online\/index.php?rest_route=\/wp\/v2\/posts"}],"about":[{"href":"https:\/\/informativoelvalledeaguascalientes.online\/index.php?rest_route=\/wp\/v2\/types\/post"}],"author":[{"embeddable":true,"href":"https:\/\/informativoelvalledeaguascalientes.online\/index.php?rest_route=\/wp\/v2\/users\/1"}],"replies":[{"embeddable":true,"href":"https:\/\/informativoelvalledeaguascalientes.online\/index.php?rest_route=%2Fwp%2Fv2%2Fcomments&post=40420"}],"version-history":[{"count":1,"href":"https:\/\/informativoelvalledeaguascalientes.online\/index.php?rest_route=\/wp\/v2\/posts\/40420\/revisions"}],"predecessor-version":[{"id":40422,"href":"https:\/\/informativoelvalledeaguascalientes.online\/index.php?rest_route=\/wp\/v2\/posts\/40420\/revisions\/40422"}],"wp:featuredmedia":[{"embeddable":true,"href":"https:\/\/informativoelvalledeaguascalientes.online\/index.php?rest_route=\/wp\/v2\/media\/40421"}],"wp:attachment":[{"href":"https:\/\/informativoelvalledeaguascalientes.online\/index.php?rest_route=%2Fwp%2Fv2%2Fmedia&parent=40420"}],"wp:term":[{"taxonomy":"category","embeddable":true,"href":"https:\/\/informativoelvalledeaguascalientes.online\/index.php?rest_route=%2Fwp%2Fv2%2Fcategories&post=40420"},{"taxonomy":"post_tag","embeddable":true,"href":"https:\/\/informativoelvalledeaguascalientes.online\/index.php?rest_route=%2Fwp%2Fv2%2Ftags&post=40420"}],"curies":[{"name":"wp","href":"https:\/\/api.w.org\/{rel}","templated":true}]}}