{"id":40398,"date":"2023-02-15T17:55:39","date_gmt":"2023-02-15T23:55:39","guid":{"rendered":"https:\/\/informativoelvalledeaguascalientes.online\/?p=40398"},"modified":"2023-02-15T17:55:39","modified_gmt":"2023-02-15T23:55:39","slug":"invita-tere-jimenez-a-jovenes-a-participar-en-meca-challenge-el-reto-de-emprendimiento-mas-importante-de-aguascalientes","status":"publish","type":"post","link":"https:\/\/informativoelvalledeaguascalientes.online\/?p=40398","title":{"rendered":"INVITA TERE JIM\u00c9NEZ A J\u00d3VENES A PARTICIPAR EN \u201cMECA CHALLENGE\u201d, EL RETO DE EMPRENDIMIENTO M\u00c1S IMPORTANTE DE AGUASCALIENTES"},"content":{"rendered":"<p><strong><a href=\"https:\/\/www.facebook.com\/hashtag\/informativoelvalledeaguascalientes\">#informativoelvalledeaguascalientes<\/a><\/strong><\/p>\n<p><strong><a href=\"https:\/\/www.facebook.com\/hashtag\/novaradioaguascalientes\">#novaradioaguascalientes<\/a><\/strong><\/p>\n<p><strong><a href=\"https:\/\/www.facebook.com\/GobiernodeAguascalientes\">#ElGiganteDeMexico<\/a><\/strong><\/p>\n<p>&nbsp;<\/p>\n<ul class=\"public-DraftStyleDefault-ul\">\n<li id=\"viewer-foo\" class=\"_3Kjjs _78FBa public-DraftStyleDefault-unorderedListItem public-DraftStyleDefault-depth0 public-DraftStyleDefault-list-ltr fixed-tab-size public-DraftStyleDefault-reset _1FoOD _78FBa\">\n<p class=\"_1j-51 _1FoOD _78FBa undefined\"><strong><em>J\u00f3venes de 18 a 29 a\u00f1os de edad pueden inscribir sus proyectos en <\/em><\/strong><a class=\"_3Bkfb _1lsz7\" href=\"http:\/\/www.mecachallenge.mx\/\" target=\"_self\" rel=\"noopener noreferrer\" data-hook=\"linkViewer\"><strong><em>www.mecachallenge.mx<\/em><\/strong><\/a><strong><em>; tienen hasta el 26 de febrero para registrarse<\/em><\/strong><\/p>\n<\/li>\n<li id=\"viewer-99uwn10877\" class=\"_3Kjjs _78FBa public-DraftStyleDefault-unorderedListItem public-DraftStyleDefault-depth0 public-DraftStyleDefault-list-ltr fixed-tab-size _1FoOD _78FBa\">\n<p class=\"_1j-51 _1FoOD _78FBa undefined\"><strong><em>Premios de hasta 50 mil pesos en efectivo para aquellos que impacten de manera positiva en la sociedad y el medio ambiente<\/em><\/strong><\/p>\n<\/li>\n<\/ul>\n<div id=\"viewer-hxufk10879\" class=\"mm8Nw _1j-51 _1FoOD _78FBa public-DraftStyleDefault-block-depth0 fixed-tab-size public-DraftStyleDefault-text-ltr\"><span class=\"_2PHJq public-DraftStyleDefault-ltr\">\u00a0<\/span><\/div>\n<p id=\"viewer-7goxj10880\" class=\"mm8Nw _1j-51 _1FoOD _78FBa public-DraftStyleDefault-block-depth0 fixed-tab-size public-DraftStyleDefault-text-ltr\"><span class=\"_2PHJq public-DraftStyleDefault-ltr\">En apoyo a la juventud emprendedora de Aguascalientes, la gobernadora Tere Jim\u00e9nez invita a las y los j\u00f3venes de 18 a 29 a\u00f1os a participar en el \u201cMeca Challenge\u201d, que es el reto de emprendimiento e innovaci\u00f3n empresarial m\u00e1s importante del estado.\u00a0<\/span><\/p>\n<div id=\"viewer-o7op310882\" class=\"mm8Nw _1j-51 _1FoOD _78FBa public-DraftStyleDefault-block-depth0 fixed-tab-size public-DraftStyleDefault-text-ltr\"><span class=\"_2PHJq public-DraftStyleDefault-ltr\">\u00a0<\/span><\/div>\n<p id=\"viewer-j5m1810883\" class=\"mm8Nw _1j-51 _1FoOD _78FBa public-DraftStyleDefault-block-depth0 fixed-tab-size public-DraftStyleDefault-text-ltr\"><span class=\"_2PHJq public-DraftStyleDefault-ltr\">La competencia organizada por\u00a0 la Secretar\u00eda de Desarrollo Econ\u00f3mico, Ciencia y Tecnolog\u00eda (Sedecyt), consiste en la presentaci\u00f3n, evaluaci\u00f3n y selecci\u00f3n de los mejores proyectos de emprendimiento y\/o de microempresarios que atiendan y brinden soluciones a problem\u00e1ticas sociales, principalmente hacia grupos vulnerables, as\u00ed como aquellas orientadas al cuidado del medio ambiente y salud p\u00fablica del estado.<\/span><\/p>\n<div id=\"viewer-8wn9q10885\" class=\"mm8Nw _1j-51 _1FoOD _78FBa public-DraftStyleDefault-block-depth0 fixed-tab-size public-DraftStyleDefault-text-ltr\"><span class=\"_2PHJq public-DraftStyleDefault-ltr\">\u00a0<\/span><\/div>\n<p id=\"viewer-zi8ma10886\" class=\"mm8Nw _1j-51 _1FoOD _78FBa public-DraftStyleDefault-block-depth0 fixed-tab-size public-DraftStyleDefault-text-ltr\"><span class=\"_2PHJq public-DraftStyleDefault-ltr\">La convocatoria considera dos categor\u00edas: Idea y Etapa Temprana, mediante las cuales se entregar\u00e1n premios de 50, 30 y 15 mil pesos en efectivo para el primer, segundo y tercer lugar, respectivamente, adem\u00e1s de la capacitaci\u00f3n y acompa\u00f1amiento con instructores destacados para fortalecer su modelo de negocio.<\/span><\/p>\n<div id=\"viewer-e974r10888\" class=\"mm8Nw _1j-51 _1FoOD _78FBa public-DraftStyleDefault-block-depth0 fixed-tab-size public-DraftStyleDefault-text-ltr\"><span class=\"_2PHJq public-DraftStyleDefault-ltr\">\u00a0<\/span><\/div>\n<p id=\"viewer-p5pkd10889\" class=\"mm8Nw _1j-51 _1FoOD _78FBa public-DraftStyleDefault-block-depth0 fixed-tab-size public-DraftStyleDefault-text-ltr\"><span class=\"_2PHJq public-DraftStyleDefault-ltr\">El registro de las y los interesados es de manera virtual en la p\u00e1gina web <a class=\"_3Bkfb _1lsz7\" href=\"http:\/\/www.mecachallenge.mx\/\" target=\"_self\" rel=\"noopener noreferrer\" data-hook=\"linkViewer\">www.mecachallenge.mx<\/a>; la fecha l\u00edmite para inscribirse es el 26 de febrero del a\u00f1o en curso; para mayores informes los interesados pueden comunicarse a trav\u00e9s del whatsapp 449 104 0230 o al correo <a class=\"_3Bkfb _1lsz7\" href=\"mailto:contactomecachallenge2023@gmail.com\" target=\"_self\" rel=\"noopener noreferrer\" data-hook=\"linkViewer\">contactomecachallenge2023@gmail.com<\/a><\/span><\/p>\n","protected":false},"excerpt":{"rendered":"<p>#informativoelvalledeaguascalientes #novaradioaguascalientes #ElGiganteDeMexico &nbsp; J\u00f3venes de 18 a 29 a\u00f1os de edad pueden inscribir sus proyectos en www.mecachallenge.mx; tienen hasta el 26 de febrero para registrarse Premios de hasta 50 mil pesos en efectivo para aquellos que impacten de manera positiva en la sociedad y el medio ambiente \u00a0 En apoyo a la juventud emprendedora [&hellip;]<\/p>\n","protected":false},"author":1,"featured_media":40399,"comment_status":"closed","ping_status":"open","sticky":false,"template":"","format":"standard","meta":{"advanced_seo_description":"","jetpack_seo_html_title":"","jetpack_seo_noindex":false,"_jetpack_memberships_contains_paid_content":false,"footnotes":"","jetpack_publicize_message":"","jetpack_publicize_feature_enabled":true,"jetpack_social_post_already_shared":true,"jetpack_social_options":{"image_generator_settings":{"template":"highway","default_image_id":0,"font":"","enabled":false},"version":2}},"categories":[21,4],"tags":[22,615,610,320],"class_list":["post-40398","post","type-post","status-publish","format-standard","has-post-thumbnail","hentry","category-aguascalientes","category-gobierno-del-estado-aguascalientes","tag-aguascalientes","tag-gobierno-del-estado-de-aguascalientes","tag-sedecyt","tag-tere-jimenez"],"jetpack_publicize_connections":[],"jetpack_featured_media_url":"https:\/\/i0.wp.com\/informativoelvalledeaguascalientes.online\/wp-content\/uploads\/2023\/02\/gob-edo-meca-challenge.webp?fit=804%2C452&ssl=1","jetpack-related-posts":[],"jetpack_sharing_enabled":true,"jetpack_likes_enabled":true,"_links":{"self":[{"href":"https:\/\/informativoelvalledeaguascalientes.online\/index.php?rest_route=\/wp\/v2\/posts\/40398","targetHints":{"allow":["GET"]}}],"collection":[{"href":"https:\/\/informativoelvalledeaguascalientes.online\/index.php?rest_route=\/wp\/v2\/posts"}],"about":[{"href":"https:\/\/informativoelvalledeaguascalientes.online\/index.php?rest_route=\/wp\/v2\/types\/post"}],"author":[{"embeddable":true,"href":"https:\/\/informativoelvalledeaguascalientes.online\/index.php?rest_route=\/wp\/v2\/users\/1"}],"replies":[{"embeddable":true,"href":"https:\/\/informativoelvalledeaguascalientes.online\/index.php?rest_route=%2Fwp%2Fv2%2Fcomments&post=40398"}],"version-history":[{"count":1,"href":"https:\/\/informativoelvalledeaguascalientes.online\/index.php?rest_route=\/wp\/v2\/posts\/40398\/revisions"}],"predecessor-version":[{"id":40400,"href":"https:\/\/informativoelvalledeaguascalientes.online\/index.php?rest_route=\/wp\/v2\/posts\/40398\/revisions\/40400"}],"wp:featuredmedia":[{"embeddable":true,"href":"https:\/\/informativoelvalledeaguascalientes.online\/index.php?rest_route=\/wp\/v2\/media\/40399"}],"wp:attachment":[{"href":"https:\/\/informativoelvalledeaguascalientes.online\/index.php?rest_route=%2Fwp%2Fv2%2Fmedia&parent=40398"}],"wp:term":[{"taxonomy":"category","embeddable":true,"href":"https:\/\/informativoelvalledeaguascalientes.online\/index.php?rest_route=%2Fwp%2Fv2%2Fcategories&post=40398"},{"taxonomy":"post_tag","embeddable":true,"href":"https:\/\/informativoelvalledeaguascalientes.online\/index.php?rest_route=%2Fwp%2Fv2%2Ftags&post=40398"}],"curies":[{"name":"wp","href":"https:\/\/api.w.org\/{rel}","templated":true}]}}