{"id":40394,"date":"2023-02-15T17:50:33","date_gmt":"2023-02-15T23:50:33","guid":{"rendered":"https:\/\/informativoelvalledeaguascalientes.online\/?p=40394"},"modified":"2023-02-15T17:50:33","modified_gmt":"2023-02-15T23:50:33","slug":"rinden-homenaje-a-policias-municipales-de-aguascalientes-caidos-en-el-cumplimiento-del-deber","status":"publish","type":"post","link":"https:\/\/informativoelvalledeaguascalientes.online\/?p=40394","title":{"rendered":"RINDEN HOMENAJE A POLIC\u00cdAS MUNICIPALES DE AGUASCALIENTES CA\u00cdDOS EN EL CUMPLIMIENTO DEL DEBER"},"content":{"rendered":"<p><strong><a href=\"https:\/\/www.facebook.com\/hashtag\/informativoelvalledeaguascalientes\">#informativoelvalledeaguascalientes<\/a><\/strong><\/p>\n<p><strong><a href=\"https:\/\/www.facebook.com\/hashtag\/novaradioaguascalientes\">#novaradioaguascalientes<\/a><\/strong><\/p>\n<p><strong><a class=\"x1i10hfl xjbqb8w x6umtig x1b1mbwd xaqea5y xav7gou x9f619 x1ypdohk xt0psk2 xe8uvvx xdj266r x11i5rnm xat24cr x1mh8g0r xexx8yu x4uap5 x18d9i69 xkhd6sd x16tdsg8 x1hl2dhg xggy1nq x1a2a7pz xt0b8zv x1qq9wsj xo1l8bm\" tabindex=\"0\" role=\"link\" href=\"https:\/\/www.facebook.com\/hashtag\/laciudaddetuvida?__eep__=6&amp;__cft__[0]=AZVUzG-uzEgkHBxlWi4clX4-qXx_nfGicugdShvx3oYxvDeUIl1My5bfFXiXTmVU7O9FCNwHdVuQiVqIjO99-u7dxeUq1S3CqcB1PNpBXLQtm-Q1JLiRFFX8c4SEMe3VqRRgSs9kS8-Ajp6HnW6ebLd3GeB3j-SCsEGrTUVXz1WdbDeQs8bs0Dry33nLaV6fVU4&amp;__tn__=*NK-R\">#LaCiudadDeTuVida<\/a><\/strong><\/p>\n<p>&nbsp;<\/p>\n<ul>\n<li><strong>Se guard\u00f3 un minuto de silencio por los polic\u00edas ca\u00eddos en el \u201cJueves Negro\u201d, adem\u00e1s por cuatro polic\u00edas que cumplen aniversario luctuoso en febrero<\/strong><\/li>\n<\/ul>\n<p>En la Secretar\u00eda de Seguridad P\u00fablica Municipal de Aguascalientes el presidente municipal\u00a0<strong>Leo Monta\u00f1ez<\/strong>, encabez\u00f3 un sentido homenaje en honor a los uniformados que perdieron la vida en cumplimiento de su deber, y se conmemora su aniversario luctuoso en el mes de febrero.<\/p>\n<p>Durante la ceremonia se guard\u00f3 un minuto de silencio y se rindi\u00f3 un breve homenaje al comandante\u00a0<strong>Juan Navarro Rinc\u00f3n<\/strong>, as\u00ed como a los suboficiales\u00a0<strong>Eduardo Flores, Juan Rivera Molina y Genaro Sandoval Salas<\/strong>,\u00a0 de quienes se reconoci\u00f3 su honor, valor y entrega en beneficio de los habitantes del municipio capital, a 16 a\u00f1os de haber ofrendado su vida por proteger la de los dem\u00e1s, en el fat\u00eddico \u201cjueves negro\u201d del 15 de febrero del a\u00f1o 2007 registrado sobre Boulevard Juan Pablo II.<\/p>\n<p>Adem\u00e1s se homenaje\u00f3 de manera p\u00f3stuma a los polic\u00edas\u00a0<strong>Diana Tamis Paredes M\u00e1rquez, Juan Miguel Ubario Flores y Miguel \u00c1ngel Salas V\u00e1zquez<\/strong>\u00a0fallecidos el 15 de febrero del a\u00f1o 2019, as\u00ed como al subcomandante\u00a0<strong>Gerardo Medina P\u00e9rez,\u00a0<\/strong>quien perdi\u00f3 la vida el 9 de febrero del a\u00f1o 2010.<\/p>\n<p>En esta ceremonia de homenaje luctuoso de los compa\u00f1eros ca\u00eddos en el mes de febrero, se cont\u00f3 con la presencia de las regidoras\u00a0<strong>Alejandra Pe\u00f1a Curiel, Patricia Garc\u00eda Garc\u00eda y Mirna Medina Ruvalcaba<\/strong>, el secretario de Seguridad P\u00fablica Municipal,\u00a0<strong>Antonio Mart\u00ednez Romo,\u00a0<\/strong>as\u00ed como familiares de los polic\u00edas homenajeados.<\/p>\n<p>Finalmente, se mont\u00f3 una guardia en el Muro de Honor, en el que se encuentran grabados los nombres de los polic\u00edas que han perdido la vida en el cumplimiento del deber.<\/p>\n","protected":false},"excerpt":{"rendered":"<p>#informativoelvalledeaguascalientes #novaradioaguascalientes #LaCiudadDeTuVida &nbsp; Se guard\u00f3 un minuto de silencio por los polic\u00edas ca\u00eddos en el \u201cJueves Negro\u201d, adem\u00e1s por cuatro polic\u00edas que cumplen aniversario luctuoso en febrero En la Secretar\u00eda de Seguridad P\u00fablica Municipal de Aguascalientes el presidente municipal\u00a0Leo Monta\u00f1ez, encabez\u00f3 un sentido homenaje en honor a los uniformados que perdieron la vida en [&hellip;]<\/p>\n","protected":false},"author":1,"featured_media":40396,"comment_status":"closed","ping_status":"open","sticky":false,"template":"","format":"standard","meta":{"advanced_seo_description":"","jetpack_seo_html_title":"","jetpack_seo_noindex":false,"_jetpack_memberships_contains_paid_content":false,"footnotes":"","jetpack_publicize_message":"","jetpack_publicize_feature_enabled":true,"jetpack_social_post_already_shared":true,"jetpack_social_options":{"image_generator_settings":{"template":"highway","default_image_id":0,"font":"","enabled":false},"version":2}},"categories":[21,3],"tags":[22,116],"class_list":["post-40394","post","type-post","status-publish","format-standard","has-post-thumbnail","hentry","category-aguascalientes","category-municipio-aguascalientes","tag-aguascalientes","tag-mpio-aguascalientes-sspm"],"jetpack_publicize_connections":[],"jetpack_featured_media_url":"https:\/\/i0.wp.com\/informativoelvalledeaguascalientes.online\/wp-content\/uploads\/2023\/02\/mpio-ags-sspm-homenaje.jpg?fit=683%2C1024&ssl=1","jetpack-related-posts":[],"jetpack_sharing_enabled":true,"jetpack_likes_enabled":true,"_links":{"self":[{"href":"https:\/\/informativoelvalledeaguascalientes.online\/index.php?rest_route=\/wp\/v2\/posts\/40394","targetHints":{"allow":["GET"]}}],"collection":[{"href":"https:\/\/informativoelvalledeaguascalientes.online\/index.php?rest_route=\/wp\/v2\/posts"}],"about":[{"href":"https:\/\/informativoelvalledeaguascalientes.online\/index.php?rest_route=\/wp\/v2\/types\/post"}],"author":[{"embeddable":true,"href":"https:\/\/informativoelvalledeaguascalientes.online\/index.php?rest_route=\/wp\/v2\/users\/1"}],"replies":[{"embeddable":true,"href":"https:\/\/informativoelvalledeaguascalientes.online\/index.php?rest_route=%2Fwp%2Fv2%2Fcomments&post=40394"}],"version-history":[{"count":1,"href":"https:\/\/informativoelvalledeaguascalientes.online\/index.php?rest_route=\/wp\/v2\/posts\/40394\/revisions"}],"predecessor-version":[{"id":40397,"href":"https:\/\/informativoelvalledeaguascalientes.online\/index.php?rest_route=\/wp\/v2\/posts\/40394\/revisions\/40397"}],"wp:featuredmedia":[{"embeddable":true,"href":"https:\/\/informativoelvalledeaguascalientes.online\/index.php?rest_route=\/wp\/v2\/media\/40396"}],"wp:attachment":[{"href":"https:\/\/informativoelvalledeaguascalientes.online\/index.php?rest_route=%2Fwp%2Fv2%2Fmedia&parent=40394"}],"wp:term":[{"taxonomy":"category","embeddable":true,"href":"https:\/\/informativoelvalledeaguascalientes.online\/index.php?rest_route=%2Fwp%2Fv2%2Fcategories&post=40394"},{"taxonomy":"post_tag","embeddable":true,"href":"https:\/\/informativoelvalledeaguascalientes.online\/index.php?rest_route=%2Fwp%2Fv2%2Ftags&post=40394"}],"curies":[{"name":"wp","href":"https:\/\/api.w.org\/{rel}","templated":true}]}}