{"id":40391,"date":"2023-02-15T17:43:30","date_gmt":"2023-02-15T23:43:30","guid":{"rendered":"https:\/\/informativoelvalledeaguascalientes.online\/?p=40391"},"modified":"2023-02-15T17:43:30","modified_gmt":"2023-02-15T23:43:30","slug":"coordinan-esfuerzos-municipio-aguascalientes-y-patronato-para-que-la-feria-nacional-de-san-marcos-2023-sea-una-celebracion-exitosa","status":"publish","type":"post","link":"https:\/\/informativoelvalledeaguascalientes.online\/?p=40391","title":{"rendered":"COORDINAN ESFUERZOS MUNICIPIO AGUASCALIENTES Y PATRONATO PARA QUE LA FERIA NACIONAL DE SAN MARCOS 2023 SEA UNA CELEBRACI\u00d3N EXITOSA"},"content":{"rendered":"<p><strong><a href=\"https:\/\/www.facebook.com\/hashtag\/informativoelvalledeaguascalientes\">#informativoelvalledeaguascalientes<\/a><\/strong><\/p>\n<p><strong><a href=\"https:\/\/www.facebook.com\/hashtag\/novaradioaguascalientes\">#novaradioaguascalientes<\/a><\/strong><\/p>\n<p><strong><a class=\"x1i10hfl xjbqb8w x6umtig x1b1mbwd xaqea5y xav7gou x9f619 x1ypdohk xt0psk2 xe8uvvx xdj266r x11i5rnm xat24cr x1mh8g0r xexx8yu x4uap5 x18d9i69 xkhd6sd x16tdsg8 x1hl2dhg xggy1nq x1a2a7pz xt0b8zv x1qq9wsj xo1l8bm\" tabindex=\"0\" role=\"link\" href=\"https:\/\/www.facebook.com\/hashtag\/laciudaddetuvida?__eep__=6&amp;__cft__[0]=AZVUzG-uzEgkHBxlWi4clX4-qXx_nfGicugdShvx3oYxvDeUIl1My5bfFXiXTmVU7O9FCNwHdVuQiVqIjO99-u7dxeUq1S3CqcB1PNpBXLQtm-Q1JLiRFFX8c4SEMe3VqRRgSs9kS8-Ajp6HnW6ebLd3GeB3j-SCsEGrTUVXz1WdbDeQs8bs0Dry33nLaV6fVU4&amp;__tn__=*NK-R\">#LaCiudadDeTuVida<\/a><\/strong><\/p>\n<p>&nbsp;<\/p>\n<ul>\n<li><strong>Leo Monta\u00f1ez y Jos\u00e9 \u00c1ngel Gonz\u00e1lez encabezaron reuni\u00f3n de coordinaci\u00f3n para una verbena ordenada, segura y con los mejores servicios p\u00fablicos<\/strong><\/li>\n<\/ul>\n<p>El presidente municipal,\u00a0<strong>Leo Monta\u00f1ez<\/strong>\u00a0y el presidente del Patronato de la Feria Nacional de San Marcos,\u00a0<strong>Jos\u00e9 \u00c1ngel Gonz\u00e1lez Serna<\/strong>, encabezaron la primera reuni\u00f3n de coordinaci\u00f3n, en la que refrendaron el compromiso de conjuntar esfuerzos para que la edici\u00f3n 2023 de la verbena abrile\u00f1a se celebre con el mayor de los \u00e9xitos, de forma ordenada, segura y con los mejores servicios p\u00fablicos.<\/p>\n<p><strong>Leo Monta\u00f1ez<\/strong>\u00a0asegur\u00f3 que con base en el convenio anual establecido, todas y cada una de las \u00e1reas del Municipio involucradas, como Seguridad P\u00fablica, Servicios P\u00fablicos, Desarrollo Urbano, Protecci\u00f3n Civil, H. Ayuntamiento y Direcci\u00f3n General de Gobierno, Mercados, Reglamentos, Polic\u00eda Vial, Guardia Sanitaria, Cultura, Medio Ambiente, Finanzas, Justicia C\u00edvica y Comunicaci\u00f3n, dar\u00e1n su mayor esfuerzo para que millones de feriantes de Aguascalientes, la Rep\u00fablica Mexicana y otros pa\u00edses, disfruten de la feria en un clima de paz, tranquilidad y sana recreaci\u00f3n.<\/p>\n<p>Ciudadanos y visitantes gozar\u00e1n adem\u00e1s de una feria segura, de espacios p\u00fablicos limpios e iluminados, como el Jard\u00edn de San Marcos, el andador J. Pani, la Expoplaza y el Corredor Cultural Carranza, entre otros, en donde prevalezca el orden urbano, que den una imagen positiva a la promoci\u00f3n de la cultura y tradiciones de Aguascalientes e incentivando el turismo y la econom\u00eda.<\/p>\n<p>A su vez,\u00a0<strong>Jos\u00e9 \u00c1ngel Gonz\u00e1lez Serna<\/strong>, reconoci\u00f3 que la coordinaci\u00f3n y labor del Ayuntamiento es fundamental para que la Feria de San Marcos que se llevar\u00e1 a cabo del 16 de abril al 8 de mayo se desarrolle exitosamente en las m\u00e1s de 90 hect\u00e1reas y escenarios desde la Isla y Arena San Marcos, el Centro de Convenciones, el Palenque, Foro del Lago, Foro de las Estrellas, as\u00ed como la ceremonia de coronaci\u00f3n de la reina y el desfile de primavera.<\/p>\n<p>En este sentido, dijo que se encuentra lista la estrategia de planeaci\u00f3n de toda la fiesta abrile\u00f1a, en donde al igual que el a\u00f1o pasado se tienen grandes expectativas y se espera conjuntar la participaci\u00f3n de m\u00e1s de 300 mil personas en la cuenta regresiva y en diferentes espacios.<\/p>\n<p>En la reuni\u00f3n efectuada en el sal\u00f3n de Cabildo, en la que estuvieron presentes los titulares de las \u00e1reas participantes en la organizaci\u00f3n, la representante de\u00a0 Municipio ante la Junta de Gobierno del Patronato de la Feria Nacional de San Marcos, la regidora\u00a0<strong>Mar\u00eda Dolores Verd\u00edn Almanza<\/strong>, recalc\u00f3 la importancia de trabajar coordinadamente en beneficio de los paseantes y para atender de manera oportuna cualquier eventualidad.<\/p>\n","protected":false},"excerpt":{"rendered":"<p>#informativoelvalledeaguascalientes #novaradioaguascalientes #LaCiudadDeTuVida &nbsp; Leo Monta\u00f1ez y Jos\u00e9 \u00c1ngel Gonz\u00e1lez encabezaron reuni\u00f3n de coordinaci\u00f3n para una verbena ordenada, segura y con los mejores servicios p\u00fablicos El presidente municipal,\u00a0Leo Monta\u00f1ez\u00a0y el presidente del Patronato de la Feria Nacional de San Marcos,\u00a0Jos\u00e9 \u00c1ngel Gonz\u00e1lez Serna, encabezaron la primera reuni\u00f3n de coordinaci\u00f3n, en la que refrendaron el compromiso [&hellip;]<\/p>\n","protected":false},"author":1,"featured_media":40392,"comment_status":"closed","ping_status":"open","sticky":false,"template":"","format":"standard","meta":{"advanced_seo_description":"","jetpack_seo_html_title":"","jetpack_seo_noindex":false,"_jetpack_memberships_contains_paid_content":false,"footnotes":"","jetpack_publicize_message":"","jetpack_publicize_feature_enabled":true,"jetpack_social_post_already_shared":true,"jetpack_social_options":{"image_generator_settings":{"template":"highway","default_image_id":0,"font":"","enabled":false},"version":2}},"categories":[21,3],"tags":[22,25,632],"class_list":["post-40391","post","type-post","status-publish","format-standard","has-post-thumbnail","hentry","category-aguascalientes","category-municipio-aguascalientes","tag-aguascalientes","tag-mpio-aguascalientes","tag-pfnsm-2023"],"jetpack_publicize_connections":[],"jetpack_featured_media_url":"https:\/\/i0.wp.com\/informativoelvalledeaguascalientes.online\/wp-content\/uploads\/2023\/02\/mpio-ags-pfnsm2023.jpg?fit=1243%2C727&ssl=1","jetpack-related-posts":[],"jetpack_sharing_enabled":true,"jetpack_likes_enabled":true,"_links":{"self":[{"href":"https:\/\/informativoelvalledeaguascalientes.online\/index.php?rest_route=\/wp\/v2\/posts\/40391","targetHints":{"allow":["GET"]}}],"collection":[{"href":"https:\/\/informativoelvalledeaguascalientes.online\/index.php?rest_route=\/wp\/v2\/posts"}],"about":[{"href":"https:\/\/informativoelvalledeaguascalientes.online\/index.php?rest_route=\/wp\/v2\/types\/post"}],"author":[{"embeddable":true,"href":"https:\/\/informativoelvalledeaguascalientes.online\/index.php?rest_route=\/wp\/v2\/users\/1"}],"replies":[{"embeddable":true,"href":"https:\/\/informativoelvalledeaguascalientes.online\/index.php?rest_route=%2Fwp%2Fv2%2Fcomments&post=40391"}],"version-history":[{"count":1,"href":"https:\/\/informativoelvalledeaguascalientes.online\/index.php?rest_route=\/wp\/v2\/posts\/40391\/revisions"}],"predecessor-version":[{"id":40393,"href":"https:\/\/informativoelvalledeaguascalientes.online\/index.php?rest_route=\/wp\/v2\/posts\/40391\/revisions\/40393"}],"wp:featuredmedia":[{"embeddable":true,"href":"https:\/\/informativoelvalledeaguascalientes.online\/index.php?rest_route=\/wp\/v2\/media\/40392"}],"wp:attachment":[{"href":"https:\/\/informativoelvalledeaguascalientes.online\/index.php?rest_route=%2Fwp%2Fv2%2Fmedia&parent=40391"}],"wp:term":[{"taxonomy":"category","embeddable":true,"href":"https:\/\/informativoelvalledeaguascalientes.online\/index.php?rest_route=%2Fwp%2Fv2%2Fcategories&post=40391"},{"taxonomy":"post_tag","embeddable":true,"href":"https:\/\/informativoelvalledeaguascalientes.online\/index.php?rest_route=%2Fwp%2Fv2%2Ftags&post=40391"}],"curies":[{"name":"wp","href":"https:\/\/api.w.org\/{rel}","templated":true}]}}