{"id":40372,"date":"2023-02-15T00:36:40","date_gmt":"2023-02-15T06:36:40","guid":{"rendered":"https:\/\/informativoelvalledeaguascalientes.online\/?p=40372"},"modified":"2023-02-15T00:36:40","modified_gmt":"2023-02-15T06:36:40","slug":"destaca-aguascalientes-a-nivel-nacional-por-ser-un-estado-donde-se-promueven-oportunidades-para-todos","status":"publish","type":"post","link":"https:\/\/informativoelvalledeaguascalientes.online\/?p=40372","title":{"rendered":"DESTACA AGUASCALIENTES A NIVEL NACIONAL POR SER UN ESTADO DONDE SE PROMUEVEN OPORTUNIDADES PARA TODOS"},"content":{"rendered":"<p><strong><a href=\"https:\/\/www.facebook.com\/hashtag\/informativoelvalledeaguascalientes\">#informativoelvalledeaguascalientes<\/a><\/strong><\/p>\n<p><strong><a href=\"https:\/\/www.facebook.com\/hashtag\/novaradioaguascalientes\">#novaradioaguascalientes<\/a><\/strong><\/p>\n<p><strong><a href=\"https:\/\/www.facebook.com\/GobiernodeAguascalientes\">#ElGiganteDeMexico<\/a><\/strong><\/p>\n<p>&nbsp;<\/p>\n<ul class=\"public-DraftStyleDefault-ul\">\n<li id=\"viewer-foo\" class=\"_3Kjjs _78FBa public-DraftStyleDefault-unorderedListItem public-DraftStyleDefault-depth0 public-DraftStyleDefault-list-ltr fixed-tab-size public-DraftStyleDefault-reset _1FoOD _78FBa\">\n<p class=\"_1j-51 _1FoOD _78FBa undefined\"><strong><em>Se ubic\u00f3 en el tercer lugar del \u00cdndice Nacional de Desarrollo Inclusivo por fomentar la inclusi\u00f3n, la equidad y el bienestar de la poblaci\u00f3n<\/em><\/strong><\/p>\n<\/li>\n<li id=\"viewer-6tvr66548\" class=\"_3Kjjs _78FBa public-DraftStyleDefault-unorderedListItem public-DraftStyleDefault-depth0 public-DraftStyleDefault-list-ltr fixed-tab-size _1FoOD _78FBa\">\n<p class=\"_1j-51 _1FoOD _78FBa undefined\"><strong><em>Para Tere Jim\u00e9nez es prioritario promover programas y acciones orientados a mejorar la calidad de vida de las y los aguascalentenses<\/em><\/strong><\/p>\n<\/li>\n<li id=\"viewer-ira3m6551\" class=\"_3Kjjs _78FBa public-DraftStyleDefault-unorderedListItem public-DraftStyleDefault-depth0 public-DraftStyleDefault-list-ltr fixed-tab-size _1FoOD _78FBa\">\n<p class=\"_1j-51 _1FoOD _78FBa undefined\"><strong><em>Con la representaci\u00f3n de la gobernadora del estado, la presidenta del Sistema DIF Estatal recibi\u00f3 el reconocimiento que avala dicha calificaci\u00f3n<\/em><\/strong><\/p>\n<\/li>\n<\/ul>\n<div id=\"viewer-71set6553\" class=\"mm8Nw _1j-51 _1FoOD _78FBa public-DraftStyleDefault-block-depth0 fixed-tab-size public-DraftStyleDefault-text-ltr\"><span class=\"_2PHJq public-DraftStyleDefault-ltr\">\u00a0<\/span><\/div>\n<p id=\"viewer-bjcx06554\" class=\"mm8Nw _1j-51 _1FoOD _78FBa public-DraftStyleDefault-block-depth0 fixed-tab-size public-DraftStyleDefault-text-ltr\"><span class=\"_2PHJq public-DraftStyleDefault-ltr\">Aguascalientes fue reconocido como el tercer estado del pa\u00eds en promover la inclusi\u00f3n, la equidad y el bienestar de la poblaci\u00f3n, de acuerdo con los \u00faltimos resultados del \u00cdndice Nacional de Desarrollo Inclusivo (INDI).<\/span><\/p>\n<div id=\"viewer-2t7ea6556\" class=\"mm8Nw _1j-51 _1FoOD _78FBa public-DraftStyleDefault-block-depth0 fixed-tab-size public-DraftStyleDefault-text-ltr\"><span class=\"_2PHJq public-DraftStyleDefault-ltr\">\u00a0<\/span><\/div>\n<p id=\"viewer-msdv16557\" class=\"mm8Nw _1j-51 _1FoOD _78FBa public-DraftStyleDefault-block-depth0 fixed-tab-size public-DraftStyleDefault-text-ltr\"><span class=\"_2PHJq public-DraftStyleDefault-ltr\">Esta medici\u00f3n que realiza la asociaci\u00f3n civil <em>Naci\u00f3n Incluyente<\/em> determina qu\u00e9 tanto acceso tiene la poblaci\u00f3n a la educaci\u00f3n, servicios b\u00e1sicos, infraestructura, programas de emprendimiento empresarial, servicios financieros, as\u00ed como a condiciones favorables de trabajo y de igualdad entre hombres y mujeres, entre otros aspectos.<\/span><\/p>\n<div id=\"viewer-6ofgl6561\" class=\"mm8Nw _1j-51 _1FoOD _78FBa public-DraftStyleDefault-block-depth0 fixed-tab-size public-DraftStyleDefault-text-ltr\"><span class=\"_2PHJq public-DraftStyleDefault-ltr\">\u00a0<\/span><\/div>\n<p id=\"viewer-ucf8a6562\" class=\"mm8Nw _1j-51 _1FoOD _78FBa public-DraftStyleDefault-block-depth0 fixed-tab-size public-DraftStyleDefault-text-ltr\"><span class=\"_2PHJq public-DraftStyleDefault-ltr\">Con la representaci\u00f3n de la gobernadora Tere Jim\u00e9nez, la presidenta del Sistema DIF Estatal de Aguascalientes, Aurora Jim\u00e9nez Esquivel, recibi\u00f3 el reconocimiento que respalda dicha calificaci\u00f3n, de manos de Soraya P\u00e9rez Mungu\u00eda, presidenta fundadora de <em>Naci\u00f3n Incluyente A.C.<\/em><\/span><\/p>\n<div id=\"viewer-pfl636565\" class=\"mm8Nw _1j-51 _1FoOD _78FBa public-DraftStyleDefault-block-depth0 fixed-tab-size public-DraftStyleDefault-text-ltr\"><span class=\"_2PHJq public-DraftStyleDefault-ltr\">\u00a0<\/span><\/div>\n<p id=\"viewer-zmn696566\" class=\"mm8Nw _1j-51 _1FoOD _78FBa public-DraftStyleDefault-block-depth0 fixed-tab-size public-DraftStyleDefault-text-ltr\"><span class=\"_2PHJq public-DraftStyleDefault-ltr\">Durante el evento que se realiz\u00f3 en la Ciudad de M\u00e9xico, la titular del Sistema DIF Estatal mencion\u00f3 que para el gobierno que encabeza Tere Jim\u00e9nez es una prioridad impulsar programas que ayuden a las y los aguascalentenses a tener mayores oportunidades de desarrollo y con ello una mejor calidad de vida, por ello se impulsar\u00e1n posibilidades que permitan avanzar en este sentido.\u00a0<\/span><\/p>\n<div id=\"viewer-l7hzz6568\" class=\"mm8Nw _1j-51 _1FoOD _78FBa public-DraftStyleDefault-block-depth0 fixed-tab-size public-DraftStyleDefault-text-ltr\"><span class=\"_2PHJq public-DraftStyleDefault-ltr\">\u00a0<\/span><\/div>\n<p id=\"viewer-zs06v6569\" class=\"mm8Nw _1j-51 _1FoOD _78FBa public-DraftStyleDefault-block-depth0 fixed-tab-size public-DraftStyleDefault-text-ltr\"><span class=\"_2PHJq public-DraftStyleDefault-ltr\">Destac\u00f3 que durante la actual administraci\u00f3n la encomienda es impulsar acciones y programas efectivos que verdaderamente den respuesta a las necesidades de la poblaci\u00f3n.<\/span><\/p>\n<div id=\"viewer-ngy586571\" class=\"mm8Nw _1j-51 _1FoOD _78FBa public-DraftStyleDefault-block-depth0 fixed-tab-size public-DraftStyleDefault-text-ltr\"><span class=\"_2PHJq public-DraftStyleDefault-ltr\">\u00a0<\/span><\/div>\n<p id=\"viewer-kibky6572\" class=\"mm8Nw _1j-51 _1FoOD _78FBa public-DraftStyleDefault-block-depth0 fixed-tab-size public-DraftStyleDefault-text-ltr\"><span class=\"_2PHJq public-DraftStyleDefault-ltr\">\u201cEste reconocimiento es un est\u00edmulo y un gran compromiso para seguir trabajando por el bienestar de las familias y lograr hacer de Aguascalientes \u201cEl Gigante de M\u00e9xico\u201d, subray\u00f3.<\/span><\/p>\n<div id=\"viewer-6x83b6574\" class=\"mm8Nw _1j-51 _1FoOD _78FBa public-DraftStyleDefault-block-depth0 fixed-tab-size public-DraftStyleDefault-text-ltr\"><span class=\"_2PHJq public-DraftStyleDefault-ltr\">\u00a0<\/span><\/div>\n<p id=\"viewer-wargb6575\" class=\"mm8Nw _1j-51 _1FoOD _78FBa public-DraftStyleDefault-block-depth0 fixed-tab-size public-DraftStyleDefault-text-ltr\"><span class=\"_2PHJq public-DraftStyleDefault-ltr\">Por su parte, Soraya P\u00e9rez Mungu\u00eda asever\u00f3 que <em>Naci\u00f3n Incluyente<\/em> es una asociaci\u00f3n sin fines de lucro que busca crear nuevos modelos de desarrollo y una participaci\u00f3n m\u00e1s incluyente de toda la poblaci\u00f3n en la vida econ\u00f3mica, social y pol\u00edtica del pa\u00eds.<\/span><\/p>\n<div id=\"viewer-5memj6579\" class=\"mm8Nw _1j-51 _1FoOD _78FBa public-DraftStyleDefault-block-depth0 fixed-tab-size public-DraftStyleDefault-text-ltr\"><span class=\"_2PHJq public-DraftStyleDefault-ltr\">\u00a0<\/span><\/div>\n<p id=\"viewer-7b9ud6580\" class=\"mm8Nw _1j-51 _1FoOD _78FBa public-DraftStyleDefault-block-depth0 fixed-tab-size public-DraftStyleDefault-text-ltr\"><span class=\"_2PHJq public-DraftStyleDefault-ltr\">El evento se llev\u00f3 a cabo en el auditorio del peri\u00f3dico El Economista, en donde tambi\u00e9n estuvieron presentes Francisco Cervantes D\u00edaz, presidente del Consejo Coordinador Empresarial; Mauricio M\u00e1rquez Corona, vicepresidente de la Junta de Gobierno del Instituto Nacional de Estad\u00edstica y Geograf\u00eda; Enrique de la Madrid Cordero, acad\u00e9mico y exsecretario de Turismo federal; y Norma Guel Sald\u00edvar, secretaria de la Familia de Aguascalientes.<\/span><\/p>\n","protected":false},"excerpt":{"rendered":"<p>#informativoelvalledeaguascalientes #novaradioaguascalientes #ElGiganteDeMexico &nbsp; Se ubic\u00f3 en el tercer lugar del \u00cdndice Nacional de Desarrollo Inclusivo por fomentar la inclusi\u00f3n, la equidad y el bienestar de la poblaci\u00f3n Para Tere Jim\u00e9nez es prioritario promover programas y acciones orientados a mejorar la calidad de vida de las y los aguascalentenses Con la representaci\u00f3n de la gobernadora [&hellip;]<\/p>\n","protected":false},"author":1,"featured_media":40376,"comment_status":"closed","ping_status":"open","sticky":false,"template":"","format":"standard","meta":{"advanced_seo_description":"","jetpack_seo_html_title":"","jetpack_seo_noindex":false,"_jetpack_memberships_contains_paid_content":false,"footnotes":"","jetpack_publicize_message":"","jetpack_publicize_feature_enabled":true,"jetpack_social_post_already_shared":true,"jetpack_social_options":{"image_generator_settings":{"template":"highway","default_image_id":0,"font":"","enabled":false},"version":2}},"categories":[21,4],"tags":[22,65,161],"class_list":["post-40372","post","type-post","status-publish","format-standard","has-post-thumbnail","hentry","category-aguascalientes","category-gobierno-del-estado-aguascalientes","tag-aguascalientes","tag-dif-estatal-aguascalientes","tag-gobierno-del-estado-aguascalientes"],"jetpack_publicize_connections":[],"jetpack_featured_media_url":"https:\/\/i0.wp.com\/informativoelvalledeaguascalientes.online\/wp-content\/uploads\/2023\/02\/gob-edo-dif.webp?fit=452%2C452&ssl=1","jetpack-related-posts":[],"jetpack_sharing_enabled":true,"jetpack_likes_enabled":true,"_links":{"self":[{"href":"https:\/\/informativoelvalledeaguascalientes.online\/index.php?rest_route=\/wp\/v2\/posts\/40372","targetHints":{"allow":["GET"]}}],"collection":[{"href":"https:\/\/informativoelvalledeaguascalientes.online\/index.php?rest_route=\/wp\/v2\/posts"}],"about":[{"href":"https:\/\/informativoelvalledeaguascalientes.online\/index.php?rest_route=\/wp\/v2\/types\/post"}],"author":[{"embeddable":true,"href":"https:\/\/informativoelvalledeaguascalientes.online\/index.php?rest_route=\/wp\/v2\/users\/1"}],"replies":[{"embeddable":true,"href":"https:\/\/informativoelvalledeaguascalientes.online\/index.php?rest_route=%2Fwp%2Fv2%2Fcomments&post=40372"}],"version-history":[{"count":1,"href":"https:\/\/informativoelvalledeaguascalientes.online\/index.php?rest_route=\/wp\/v2\/posts\/40372\/revisions"}],"predecessor-version":[{"id":40377,"href":"https:\/\/informativoelvalledeaguascalientes.online\/index.php?rest_route=\/wp\/v2\/posts\/40372\/revisions\/40377"}],"wp:featuredmedia":[{"embeddable":true,"href":"https:\/\/informativoelvalledeaguascalientes.online\/index.php?rest_route=\/wp\/v2\/media\/40376"}],"wp:attachment":[{"href":"https:\/\/informativoelvalledeaguascalientes.online\/index.php?rest_route=%2Fwp%2Fv2%2Fmedia&parent=40372"}],"wp:term":[{"taxonomy":"category","embeddable":true,"href":"https:\/\/informativoelvalledeaguascalientes.online\/index.php?rest_route=%2Fwp%2Fv2%2Fcategories&post=40372"},{"taxonomy":"post_tag","embeddable":true,"href":"https:\/\/informativoelvalledeaguascalientes.online\/index.php?rest_route=%2Fwp%2Fv2%2Ftags&post=40372"}],"curies":[{"name":"wp","href":"https:\/\/api.w.org\/{rel}","templated":true}]}}