{"id":40295,"date":"2023-02-13T13:54:30","date_gmt":"2023-02-13T19:54:30","guid":{"rendered":"https:\/\/informativoelvalledeaguascalientes.online\/?p=40295"},"modified":"2023-02-13T13:54:30","modified_gmt":"2023-02-13T19:54:30","slug":"jovenes-boxeadores-podran-participar-en-eventos-internacionales-gracias-a-proyecto-impulsado-por-tere-jimenez-y-juan-manuel-marquez","status":"publish","type":"post","link":"https:\/\/informativoelvalledeaguascalientes.online\/?p=40295","title":{"rendered":"J\u00d3VENES BOXEADORES PODR\u00c1N PARTICIPAR EN EVENTOS INTERNACIONALES GRACIAS A PROYECTO IMPULSADO POR TERE JIM\u00c9NEZ Y JUAN MANUEL M\u00c1RQUEZ"},"content":{"rendered":"<p><strong><a href=\"https:\/\/www.facebook.com\/hashtag\/informativoelvalledeaguascalientes\">#informativoelvalledeaguascalientes<\/a><\/strong><\/p>\n<p><strong><a href=\"https:\/\/www.facebook.com\/hashtag\/novaradioaguascalientes\">#novaradioaguascalientes<\/a><\/strong><\/p>\n<p><strong><a href=\"https:\/\/www.facebook.com\/GobiernodeAguascalientes\">#ElGiganteDeMexico<\/a><\/strong><\/p>\n<p>&nbsp;<\/p>\n<ul class=\"public-DraftStyleDefault-ul\">\n<li id=\"viewer-foo\" class=\"_3Kjjs public-DraftStyleDefault-unorderedListItem public-DraftStyleDefault-depth0 public-DraftStyleDefault-list-ltr fixed-tab-size public-DraftStyleDefault-reset _1FoOD _3M0Fe\">\n<p class=\"_1j-51 _1FoOD _3M0Fe\"><strong><em>Promueven en conjunto el programa \u201cBuscando al Gigante de M\u00e9xico\u2026 De la Calle a Las Vegas\u201d<\/em><\/strong><\/p>\n<\/li>\n<li id=\"viewer-clscg229\" class=\"_3Kjjs public-DraftStyleDefault-unorderedListItem public-DraftStyleDefault-depth0 public-DraftStyleDefault-list-ltr fixed-tab-size _1FoOD _3M0Fe\">\n<p class=\"_1j-51 _1FoOD _3M0Fe\"><strong><em>Esto es una muestra del compromiso que la gobernadora Tere Jim\u00e9nez tiene con el deporte para reconstruir el tejido social: JMM<\/em><\/strong><\/p>\n<\/li>\n<li id=\"viewer-ghfw1232\" class=\"_3Kjjs public-DraftStyleDefault-unorderedListItem public-DraftStyleDefault-depth0 public-DraftStyleDefault-list-ltr fixed-tab-size _1FoOD _3M0Fe\">\n<p class=\"_1j-51 _1FoOD _3M0Fe\"><strong><em>Tambi\u00e9n se anunci\u00f3 la \u201cFeria de Campeones\u201d, que ser\u00e1 una funci\u00f3n gratuita de boxeo internacional, en el marco de la FNSM 2023<\/em><\/strong><\/p>\n<\/li>\n<\/ul>\n<div id=\"viewer-50h5a285\" class=\"mm8Nw _1j-51 _1FoOD _3M0Fe public-DraftStyleDefault-block-depth0 fixed-tab-size public-DraftStyleDefault-text-ltr\"><span class=\"_2PHJq public-DraftStyleDefault-ltr\">\u00a0<\/span><\/div>\n<p id=\"viewer-d1zke234\" class=\"mm8Nw _1j-51 _1FoOD _78FBa public-DraftStyleDefault-block-depth0 fixed-tab-size public-DraftStyleDefault-text-ltr\"><span class=\"_2PHJq public-DraftStyleDefault-ltr\">En un ambiente festivo y respaldado por el cari\u00f1o de los aguascalentenses, el excampe\u00f3n de box, Juan Manuel \u201cDinamita\u201d M\u00e1rquez, anunci\u00f3 el programa \u201cBuscando al Gigante de M\u00e9xico\u2026 De la Calle a Las Vegas\u201d, a trav\u00e9s del cual se busca fomentar la pr\u00e1ctica del boxeo en el estado y encontrar j\u00f3venes talentos en esta disciplina deportiva.<\/span><\/p>\n<div id=\"viewer-b7176236\" class=\"mm8Nw _1j-51 _1FoOD _78FBa public-DraftStyleDefault-block-depth0 fixed-tab-size public-DraftStyleDefault-text-ltr\"><span class=\"_2PHJq public-DraftStyleDefault-ltr\">\u00a0<\/span><\/div>\n<p id=\"viewer-5wyel237\" class=\"mm8Nw _1j-51 _1FoOD _78FBa public-DraftStyleDefault-block-depth0 fixed-tab-size public-DraftStyleDefault-text-ltr\"><span class=\"_2PHJq public-DraftStyleDefault-ltr\">\u201cEsto es parte de los proyectos que acord\u00e9 con la gobernadora Tere Jim\u00e9nez, pero sobre todo, es una muestra del compromiso que ella tiene con el impulso del deporte para reconstruir el tejido social y alejar a los j\u00f3venes de todo aquello que los perjudica\u201d, subray\u00f3.<\/span><\/p>\n<div id=\"viewer-atq99239\" class=\"mm8Nw _1j-51 _1FoOD _78FBa public-DraftStyleDefault-block-depth0 fixed-tab-size public-DraftStyleDefault-text-ltr\"><span class=\"_2PHJq public-DraftStyleDefault-ltr\">\u00a0<\/span><\/div>\n<p id=\"viewer-k283r240\" class=\"mm8Nw _1j-51 _1FoOD _78FBa public-DraftStyleDefault-block-depth0 fixed-tab-size public-DraftStyleDefault-text-ltr\"><span class=\"_2PHJq public-DraftStyleDefault-ltr\">\u201cDinamita\u201d M\u00e1rquez reconoci\u00f3 la labor que se realiza en la entidad en materia de promoci\u00f3n deportiva, especialmente en el fomento del boxeo entre las nuevas generaciones, por lo que reiter\u00f3 su disposici\u00f3n de colaborar con el Gobierno del Estado y apoyar a los j\u00f3venes de Aguascalientes para que logren sus metas.<\/span><\/p>\n<div id=\"viewer-9fbu5242\" class=\"mm8Nw _1j-51 _1FoOD _78FBa public-DraftStyleDefault-block-depth0 fixed-tab-size public-DraftStyleDefault-text-ltr\"><span class=\"_2PHJq public-DraftStyleDefault-ltr\">\u00a0<\/span><\/div>\n<p id=\"viewer-y47jg243\" class=\"mm8Nw _1j-51 _1FoOD _78FBa public-DraftStyleDefault-block-depth0 fixed-tab-size public-DraftStyleDefault-text-ltr\"><span class=\"_2PHJq public-DraftStyleDefault-ltr\">\u201cAl igual que su gobernadora, yo creo que los sue\u00f1os se alcanzan y que nunca debemos rendirnos, porque con disciplina y esfuerzo siempre es posible alcanzar lo que nos proponemos\u201d, indic\u00f3.<\/span><\/p>\n<div id=\"viewer-iz8tb245\" class=\"mm8Nw _1j-51 _1FoOD _78FBa public-DraftStyleDefault-block-depth0 fixed-tab-size public-DraftStyleDefault-text-ltr\"><span class=\"_2PHJq public-DraftStyleDefault-ltr\">\u00a0<\/span><\/div>\n<p id=\"viewer-e5kd4246\" class=\"mm8Nw _1j-51 _1FoOD _78FBa public-DraftStyleDefault-block-depth0 fixed-tab-size public-DraftStyleDefault-text-ltr\"><span class=\"_2PHJq public-DraftStyleDefault-ltr\">En su intervenci\u00f3n, el director del Instituto del Deporte del Estado de Aguascalientes (IDEA), Arturo Fern\u00e1ndez Estrada, detall\u00f3 que \u201cBuscando al Gigante de M\u00e9xico\u2026 De la Calle a Las Vegas\u201d, es un torneo amateur de boxeo para seleccionar a 18 peleadores de la entidad que se presentar\u00e1n en una funci\u00f3n de exhibici\u00f3n en Las Vegas, con el apoyo de Juan Manuel M\u00e1rquez.<\/span><\/p>\n<div id=\"viewer-b4484248\" class=\"mm8Nw _1j-51 _1FoOD _78FBa public-DraftStyleDefault-block-depth0 fixed-tab-size public-DraftStyleDefault-text-ltr\"><span class=\"_2PHJq public-DraftStyleDefault-ltr\">\u00a0<\/span><\/div>\n<p id=\"viewer-4j0cw249\" class=\"mm8Nw _1j-51 _1FoOD _78FBa public-DraftStyleDefault-block-depth0 fixed-tab-size public-DraftStyleDefault-text-ltr\"><span class=\"_2PHJq public-DraftStyleDefault-ltr\">Coment\u00f3 que el torneo durar\u00e1 seis meses y constar\u00e1 de 12 etapas, 11 de ellas eliminatorias y una gran final; dijo que podr\u00e1n participar boxeadores de todo el estado en cuatro categor\u00edas: de 13 a 14 a\u00f1os, de 15 a 16, de 17 a 18 y de 19 a 35, tanto en rama femenil como varonil.<\/span><\/p>\n<div id=\"viewer-3ypw3399\" class=\"mm8Nw _1j-51 _1FoOD _78FBa public-DraftStyleDefault-block-depth0 fixed-tab-size public-DraftStyleDefault-text-ltr\"><span class=\"_2PHJq public-DraftStyleDefault-ltr\">\u00a0<\/span><\/div>\n<p id=\"viewer-m3it4251\" class=\"mm8Nw _1j-51 _1FoOD _78FBa public-DraftStyleDefault-block-depth0 fixed-tab-size public-DraftStyleDefault-text-ltr\"><span class=\"_2PHJq public-DraftStyleDefault-ltr\">Inform\u00f3 que la primera etapa eliminatoria se realizar\u00e1 el d\u00eda 11 de marzo y la gran final el d\u00eda 26 de agosto del presente a\u00f1o.\u00a0<\/span><\/p>\n<div id=\"viewer-7dg18384\" class=\"mm8Nw _1j-51 _1FoOD _78FBa public-DraftStyleDefault-block-depth0 fixed-tab-size public-DraftStyleDefault-text-ltr\"><span class=\"_2PHJq public-DraftStyleDefault-ltr\">\u00a0<\/span><\/div>\n<p id=\"viewer-kilyk253\" class=\"mm8Nw _1j-51 _1FoOD _78FBa public-DraftStyleDefault-block-depth0 fixed-tab-size public-DraftStyleDefault-text-ltr\"><span class=\"_2PHJq public-DraftStyleDefault-ltr\">Durante la rueda de prensa que se realiz\u00f3 en la explanada de la Arena San Marcos, tambi\u00e9n se present\u00f3 el evento \u201cFeria de Campeones\u201d, el cual ser\u00e1 una funci\u00f3n internacional de boxeo que se realizar\u00e1 en el marco de los festejos de la Feria Nacional de San Marcos el d\u00eda 29 de abril.<\/span><\/p>\n<div id=\"viewer-ecoyf369\" class=\"mm8Nw _1j-51 _1FoOD _78FBa public-DraftStyleDefault-block-depth0 fixed-tab-size public-DraftStyleDefault-text-ltr\"><span class=\"_2PHJq public-DraftStyleDefault-ltr\">\u00a0<\/span><\/div>\n<p id=\"viewer-sxuqg255\" class=\"mm8Nw _1j-51 _1FoOD _78FBa public-DraftStyleDefault-block-depth0 fixed-tab-size public-DraftStyleDefault-text-ltr\"><span class=\"_2PHJq public-DraftStyleDefault-ltr\">Estrada Fern\u00e1ndez dijo que el evento tendr\u00e1 acceso gratuito y se realizar\u00e1 en las instalaciones de la Arena San Marcos, adem\u00e1s ser\u00e1 transmitido a nivel nacional e internacional con la participaci\u00f3n de boxeadores como Issac \u201cCanelito\u201d Avelar y Brandon Le\u00f3n; asimismo, tres peleadores de Aguascalientes buscar\u00e1n mostrar su talento para firmar con la empresa M\u00e1rquez Promotion.<\/span><\/p>\n<div id=\"viewer-km962418\" class=\"mm8Nw _1j-51 _1FoOD _78FBa public-DraftStyleDefault-block-depth0 fixed-tab-size public-DraftStyleDefault-text-ltr\"><span class=\"_2PHJq public-DraftStyleDefault-ltr\">\u00a0<\/span><\/div>\n<p id=\"viewer-zwpo3257\" class=\"mm8Nw _1j-51 _1FoOD _78FBa public-DraftStyleDefault-block-depth0 fixed-tab-size public-DraftStyleDefault-text-ltr\"><span class=\"_2PHJq public-DraftStyleDefault-ltr\">Por su parte, Ver\u00f3nica Gonz\u00e1lez L\u00f3pez, titular del Bur\u00f3 de Congresos y Visitantes del Estado, agradeci\u00f3 la presencia de Juan Manuel \u201cDinamita\u201d M\u00e1rquez en Aguascalientes; \u201ceste es tu estado, tu ciudad, y queremos hacer muchos proyectos en conjunto; la visi\u00f3n de nuestra gobernadora es promover el turismo a nivel nacional e internacional y gran muestra de ello son estos programas que vamos a impulsar con nuestro campe\u00f3n de box\u201d, destac\u00f3.<\/span><\/p>\n<div id=\"viewer-jwreg435\" class=\"mm8Nw _1j-51 _1FoOD _78FBa public-DraftStyleDefault-block-depth0 fixed-tab-size public-DraftStyleDefault-text-ltr\"><span class=\"_2PHJq public-DraftStyleDefault-ltr\">\u00a0<\/span><\/div>\n<p id=\"viewer-vx6t8259\" class=\"mm8Nw _1j-51 _1FoOD _78FBa public-DraftStyleDefault-block-depth0 fixed-tab-size public-DraftStyleDefault-text-ltr\"><span class=\"_2PHJq public-DraftStyleDefault-ltr\">En la rueda de prensa tambi\u00e9n estuvieron presentes el alcalde de Aguascalientes, Leonardo Monta\u00f1ez Castro; Ricardo Cummings Cruz, promotor de Boxeo; y los peleadores profesionales Issac \u201cCanelito\u201d Avelar y Brandon Le\u00f3n.\u00a0<\/span><\/p>\n<div id=\"viewer-qg9pz452\" class=\"mm8Nw _1j-51 _1FoOD _78FBa public-DraftStyleDefault-block-depth0 fixed-tab-size public-DraftStyleDefault-text-ltr\"><span class=\"_2PHJq public-DraftStyleDefault-ltr\">\u00a0<\/span><\/div>\n<p id=\"viewer-4devi261\" class=\"mm8Nw _1j-51 _1FoOD _78FBa public-DraftStyleDefault-block-depth0 fixed-tab-size public-DraftStyleDefault-text-ltr\"><span class=\"_2PHJq public-DraftStyleDefault-ltr\">Posteriormente, el excampe\u00f3n convivi\u00f3 con las familias de Aguascalientes y alent\u00f3 a los j\u00f3venes boxeadores a luchar por sus sue\u00f1os.<\/span><\/p>\n","protected":false},"excerpt":{"rendered":"<p>#informativoelvalledeaguascalientes #novaradioaguascalientes #ElGiganteDeMexico &nbsp; Promueven en conjunto el programa \u201cBuscando al Gigante de M\u00e9xico\u2026 De la Calle a Las Vegas\u201d Esto es una muestra del compromiso que la gobernadora Tere Jim\u00e9nez tiene con el deporte para reconstruir el tejido social: JMM Tambi\u00e9n se anunci\u00f3 la \u201cFeria de Campeones\u201d, que ser\u00e1 una funci\u00f3n gratuita de boxeo [&hellip;]<\/p>\n","protected":false},"author":1,"featured_media":40296,"comment_status":"closed","ping_status":"open","sticky":false,"template":"","format":"standard","meta":{"advanced_seo_description":"","jetpack_seo_html_title":"","jetpack_seo_noindex":false,"_jetpack_memberships_contains_paid_content":false,"footnotes":"","jetpack_publicize_message":"","jetpack_publicize_feature_enabled":true,"jetpack_social_post_already_shared":true,"jetpack_social_options":{"image_generator_settings":{"template":"highway","default_image_id":0,"font":"","enabled":false},"version":2}},"categories":[21,4],"tags":[22,631,615,113],"class_list":["post-40295","post","type-post","status-publish","format-standard","has-post-thumbnail","hentry","category-aguascalientes","category-gobierno-del-estado-aguascalientes","tag-aguascalientes","tag-buro-de-congresos-y-visitantes-del-estado","tag-gobierno-del-estado-de-aguascalientes","tag-idea"],"jetpack_publicize_connections":[],"jetpack_featured_media_url":"https:\/\/i0.wp.com\/informativoelvalledeaguascalientes.online\/wp-content\/uploads\/2023\/02\/gob-edo-box-2.webp?fit=677%2C452&ssl=1","jetpack-related-posts":[],"jetpack_sharing_enabled":true,"jetpack_likes_enabled":true,"_links":{"self":[{"href":"https:\/\/informativoelvalledeaguascalientes.online\/index.php?rest_route=\/wp\/v2\/posts\/40295","targetHints":{"allow":["GET"]}}],"collection":[{"href":"https:\/\/informativoelvalledeaguascalientes.online\/index.php?rest_route=\/wp\/v2\/posts"}],"about":[{"href":"https:\/\/informativoelvalledeaguascalientes.online\/index.php?rest_route=\/wp\/v2\/types\/post"}],"author":[{"embeddable":true,"href":"https:\/\/informativoelvalledeaguascalientes.online\/index.php?rest_route=\/wp\/v2\/users\/1"}],"replies":[{"embeddable":true,"href":"https:\/\/informativoelvalledeaguascalientes.online\/index.php?rest_route=%2Fwp%2Fv2%2Fcomments&post=40295"}],"version-history":[{"count":1,"href":"https:\/\/informativoelvalledeaguascalientes.online\/index.php?rest_route=\/wp\/v2\/posts\/40295\/revisions"}],"predecessor-version":[{"id":40297,"href":"https:\/\/informativoelvalledeaguascalientes.online\/index.php?rest_route=\/wp\/v2\/posts\/40295\/revisions\/40297"}],"wp:featuredmedia":[{"embeddable":true,"href":"https:\/\/informativoelvalledeaguascalientes.online\/index.php?rest_route=\/wp\/v2\/media\/40296"}],"wp:attachment":[{"href":"https:\/\/informativoelvalledeaguascalientes.online\/index.php?rest_route=%2Fwp%2Fv2%2Fmedia&parent=40295"}],"wp:term":[{"taxonomy":"category","embeddable":true,"href":"https:\/\/informativoelvalledeaguascalientes.online\/index.php?rest_route=%2Fwp%2Fv2%2Fcategories&post=40295"},{"taxonomy":"post_tag","embeddable":true,"href":"https:\/\/informativoelvalledeaguascalientes.online\/index.php?rest_route=%2Fwp%2Fv2%2Ftags&post=40295"}],"curies":[{"name":"wp","href":"https:\/\/api.w.org\/{rel}","templated":true}]}}