{"id":40248,"date":"2023-02-13T11:56:40","date_gmt":"2023-02-13T17:56:40","guid":{"rendered":"https:\/\/informativoelvalledeaguascalientes.online\/?p=40248"},"modified":"2023-02-13T11:56:40","modified_gmt":"2023-02-13T17:56:40","slug":"expresa-ctm-todo-su-apoyo-y-respaldo-a-alejandro-moreno","status":"publish","type":"post","link":"https:\/\/informativoelvalledeaguascalientes.online\/?p=40248","title":{"rendered":"EXPRESA CTM TODO SU APOYO Y RESPALDO A ALEJANDRO MORENO"},"content":{"rendered":"<p><strong><a href=\"https:\/\/www.facebook.com\/hashtag\/informativoelvalledeaguascalientes\">#informativoelvalledeaguascalientes<\/a><\/strong><\/p>\n<p><strong><a href=\"https:\/\/www.facebook.com\/hashtag\/novaradioaguascalientes\">#novaradioaguascalientes<\/a><\/strong><\/p>\n<p>&nbsp;<\/p>\n<p>\u2022 El PRI es el partido de la clase trabajadora, asegur\u00f3 el Presidente del CEN del tricolor en un encuentro con la estructura y liderazgos de la Confederaci\u00f3n de Trabajadores de M\u00e9xico.<\/p>\n<p>Los liderazgos de la Confederaci\u00f3n de Trabajadores de M\u00e9xico (CTM), encabezados por su Secretario General, Carlos Aceves del Olmo, expresaron hoy todo su apoyo y respaldo a Alejandro Moreno, Presidente del Comit\u00e9 Ejecutivo Nacional (CEN) del Partido Revolucionario Institucional (PRI).<\/p>\n<p>El dirigente nacional del tricolor resalt\u00f3 la importancia de que todos los sectores y organizaciones del partido se mantengan unidos y trabajen en coordinaci\u00f3n para enfrentar los desaf\u00edos de este instituto pol\u00edtico.<\/p>\n<p>En reuni\u00f3n celebrada en la sede nacional del partido, el Presidente Alejandro Moreno expres\u00f3 su reconocimiento a la labor de don Carlos Aceves del Olmo, l\u00edder de la organizaci\u00f3n obrera y Senador de la Rep\u00fablica.<\/p>\n<p>Destac\u00f3 el trabajo territorial y el gran arraigo que tiene la CTM en todo el territorio nacional a trav\u00e9s de sus federaciones y recibi\u00f3 el apoyo a su gesti\u00f3n por parte de las confederaciones estatales y municipales, gremios y sindicatos representados.<\/p>\n<p>En ese sentido, ante los dirigentes de las federaciones cetemistas de las 32 entidades y dirigentes de sindicatos nacionales que pertenecen a la central obrera, el l\u00edder nacional del tricolor afirm\u00f3 que el PRI es el partido que m\u00e1s respalda las causas de los trabajadores mexicanos. El PRI, dijo, es el partido de la clase trabajadora.<\/p>\n<p>Asever\u00f3 que \u201choy tenemos un PRI que trabaja en unidad, profesional y con propuesta\u201d, y argument\u00f3 que \u201clas y los trabajadores pueden confiar en el PRI porque nuestros gobiernos siempre favorecieron a los sectores productivos y condiciones laborales dignas y bien remuneradas\u201d.<\/p>\n<p>Despu\u00e9s de escuchar las propuestas de los liderazgos de las organizaciones de trabajadores, consider\u00f3 que la CTM ser\u00e1 fundamental en los triunfos que el partido obtendr\u00e1 en el Estado de M\u00e9xico y Coahuila. Adem\u00e1s, se\u00f1al\u00f3 que la central obrera ser\u00e1 la fuerza para llegar bien posicionados a la elecci\u00f3n del 2024.<\/p>\n","protected":false},"excerpt":{"rendered":"<p>#informativoelvalledeaguascalientes #novaradioaguascalientes &nbsp; \u2022 El PRI es el partido de la clase trabajadora, asegur\u00f3 el Presidente del CEN del tricolor en un encuentro con la estructura y liderazgos de la Confederaci\u00f3n de Trabajadores de M\u00e9xico. Los liderazgos de la Confederaci\u00f3n de Trabajadores de M\u00e9xico (CTM), encabezados por su Secretario General, Carlos Aceves del Olmo, expresaron [&hellip;]<\/p>\n","protected":false},"author":1,"featured_media":40249,"comment_status":"closed","ping_status":"open","sticky":false,"template":"","format":"standard","meta":{"advanced_seo_description":"","jetpack_seo_html_title":"","jetpack_seo_noindex":false,"_jetpack_memberships_contains_paid_content":false,"footnotes":"","jetpack_publicize_message":"","jetpack_publicize_feature_enabled":true,"jetpack_social_post_already_shared":true,"jetpack_social_options":{"image_generator_settings":{"template":"highway","default_image_id":0,"font":"","enabled":false},"version":2}},"categories":[21,19,6,9],"tags":[22,390,157],"class_list":["post-40248","post","type-post","status-publish","format-standard","has-post-thumbnail","hentry","category-aguascalientes","category-informacion-general","category-partidos-politicos","category-pri-aguascalientes","tag-aguascalientes","tag-pri-aguascalientes-cen","tag-pri-cde-aguascalientes"],"jetpack_publicize_connections":[],"jetpack_featured_media_url":"https:\/\/i0.wp.com\/informativoelvalledeaguascalientes.online\/wp-content\/uploads\/2023\/02\/pri-cdmx.jpg?fit=1600%2C1066&ssl=1","jetpack-related-posts":[],"jetpack_sharing_enabled":true,"jetpack_likes_enabled":true,"_links":{"self":[{"href":"https:\/\/informativoelvalledeaguascalientes.online\/index.php?rest_route=\/wp\/v2\/posts\/40248","targetHints":{"allow":["GET"]}}],"collection":[{"href":"https:\/\/informativoelvalledeaguascalientes.online\/index.php?rest_route=\/wp\/v2\/posts"}],"about":[{"href":"https:\/\/informativoelvalledeaguascalientes.online\/index.php?rest_route=\/wp\/v2\/types\/post"}],"author":[{"embeddable":true,"href":"https:\/\/informativoelvalledeaguascalientes.online\/index.php?rest_route=\/wp\/v2\/users\/1"}],"replies":[{"embeddable":true,"href":"https:\/\/informativoelvalledeaguascalientes.online\/index.php?rest_route=%2Fwp%2Fv2%2Fcomments&post=40248"}],"version-history":[{"count":1,"href":"https:\/\/informativoelvalledeaguascalientes.online\/index.php?rest_route=\/wp\/v2\/posts\/40248\/revisions"}],"predecessor-version":[{"id":40250,"href":"https:\/\/informativoelvalledeaguascalientes.online\/index.php?rest_route=\/wp\/v2\/posts\/40248\/revisions\/40250"}],"wp:featuredmedia":[{"embeddable":true,"href":"https:\/\/informativoelvalledeaguascalientes.online\/index.php?rest_route=\/wp\/v2\/media\/40249"}],"wp:attachment":[{"href":"https:\/\/informativoelvalledeaguascalientes.online\/index.php?rest_route=%2Fwp%2Fv2%2Fmedia&parent=40248"}],"wp:term":[{"taxonomy":"category","embeddable":true,"href":"https:\/\/informativoelvalledeaguascalientes.online\/index.php?rest_route=%2Fwp%2Fv2%2Fcategories&post=40248"},{"taxonomy":"post_tag","embeddable":true,"href":"https:\/\/informativoelvalledeaguascalientes.online\/index.php?rest_route=%2Fwp%2Fv2%2Ftags&post=40248"}],"curies":[{"name":"wp","href":"https:\/\/api.w.org\/{rel}","templated":true}]}}