{"id":40195,"date":"2023-02-09T22:22:28","date_gmt":"2023-02-10T04:22:28","guid":{"rendered":"https:\/\/informativoelvalledeaguascalientes.online\/?p=40195"},"modified":"2023-02-09T22:22:28","modified_gmt":"2023-02-10T04:22:28","slug":"refrenda-tere-jimenez-su-lealtad-y-compromiso-con-los-y-las-aguascalentenses","status":"publish","type":"post","link":"https:\/\/informativoelvalledeaguascalientes.online\/?p=40195","title":{"rendered":"REFRENDA TERE JIM\u00c9NEZ SU LEALTAD Y COMPROMISO CON LOS Y LAS AGUASCALENTENSES"},"content":{"rendered":"<p><strong><a href=\"https:\/\/www.facebook.com\/hashtag\/informativoelvalledeaguascalientes\">#informativoelvalledeaguascalientes<\/a><\/strong><\/p>\n<p><strong><a href=\"https:\/\/www.facebook.com\/hashtag\/novaradioaguascalientes\">#novaradioaguascalientes<\/a><\/strong><\/p>\n<p><strong><a href=\"https:\/\/www.facebook.com\/GobiernodeAguascalientes\">#ElGiganteDeMexico<\/a><\/strong><\/p>\n<p>&nbsp;<\/p>\n<ul class=\"public-DraftStyleDefault-ul\">\n<li id=\"viewer-bjvny312\" class=\"_3Kjjs _78FBa public-DraftStyleDefault-unorderedListItem public-DraftStyleDefault-depth0 public-DraftStyleDefault-list-ltr fixed-tab-size public-DraftStyleDefault-reset _1FoOD _78FBa\">\n<p class=\"_1j-51 _1FoOD _78FBa undefined\"><strong><em>La gobernadora del estado encabez\u00f3 la ceremonia conmemorativa del 110\u00b0 Aniversario de la Marcha de la Lealtad<\/em><\/strong><\/p>\n<\/li>\n<li id=\"viewer-37fgq315\" class=\"_3Kjjs _78FBa public-DraftStyleDefault-unorderedListItem public-DraftStyleDefault-depth0 public-DraftStyleDefault-list-ltr fixed-tab-size _1FoOD _78FBa\">\n<p class=\"_1j-51 _1FoOD _78FBa undefined\"><strong><em>Dijo que los tres \u00f3rdenes y Poderes del Estado deben ser la escolta leal que garantice el respeto a la dignidad humana y una mejor calidad de vida para todos<\/em><\/strong><\/p>\n<\/li>\n<li id=\"viewer-6ux1l318\" class=\"_3Kjjs _78FBa public-DraftStyleDefault-unorderedListItem public-DraftStyleDefault-depth0 public-DraftStyleDefault-list-ltr fixed-tab-size _1FoOD _78FBa\">\n<p class=\"_1j-51 _1FoOD _78FBa undefined\"><strong><em>Tere Jim\u00e9nez llam\u00f3 a sus colaboradores a demostrar su lealtad a Aguascalientes, dando buenos resultados en el cumplimiento de sus responsabilidades<\/em><\/strong><\/p>\n<\/li>\n<\/ul>\n<div id=\"viewer-m3gjc320\" class=\"mm8Nw _1j-51 _1FoOD _78FBa public-DraftStyleDefault-block-depth0 fixed-tab-size public-DraftStyleDefault-text-ltr\"><span class=\"_2PHJq public-DraftStyleDefault-ltr\">\u00a0<\/span><\/div>\n<p id=\"viewer-7mtx4321\" class=\"mm8Nw _1j-51 _1FoOD _78FBa public-DraftStyleDefault-block-depth0 fixed-tab-size public-DraftStyleDefault-text-ltr\"><span class=\"_2PHJq public-DraftStyleDefault-ltr\">Al encabezar la ceremonia conmemorativa del 110\u00b0 Aniversario de la Marcha de la Lealtad, la gobernadora Tere Jim\u00e9nez\u00a0 refrend\u00f3 su compromiso de servir a los intereses de la ciudadan\u00eda y fortalecer las instituciones, impulsando caminos hacia la igualdad, la equidad y la justicia.<\/span><\/p>\n<div id=\"viewer-tz57y323\" class=\"mm8Nw _1j-51 _1FoOD _78FBa public-DraftStyleDefault-block-depth0 fixed-tab-size public-DraftStyleDefault-text-ltr\"><span class=\"_2PHJq public-DraftStyleDefault-ltr\">\u00a0<\/span><\/div>\n<p id=\"viewer-wk0ws324\" class=\"mm8Nw _1j-51 _1FoOD _78FBa public-DraftStyleDefault-block-depth0 fixed-tab-size public-DraftStyleDefault-text-ltr\"><span class=\"_2PHJq public-DraftStyleDefault-ltr\">\u201cHoy como autoridades debemos de repetir el gesto realizado hace 110 a\u00f1os por los cadetes del Colegio Militar. Los tres \u00f3rdenes y Poderes de Gobierno, por encima de cualquier diferencia, debemos ser la escolta leal que acompa\u00f1e, defienda y garantice el respeto a la dignidad humana, as\u00ed como el acceso de nuestra gente a una mejor calidad de vida\u201d, subray\u00f3.<\/span><\/p>\n<div id=\"viewer-haqeg326\" class=\"mm8Nw _1j-51 _1FoOD _78FBa public-DraftStyleDefault-block-depth0 fixed-tab-size public-DraftStyleDefault-text-ltr\"><span class=\"_2PHJq public-DraftStyleDefault-ltr\">\u00a0<\/span><\/div>\n<p id=\"viewer-3mb1o327\" class=\"mm8Nw _1j-51 _1FoOD _78FBa public-DraftStyleDefault-block-depth0 fixed-tab-size public-DraftStyleDefault-text-ltr\"><span class=\"_2PHJq public-DraftStyleDefault-ltr\">Asimismo, la gobernadora hizo un llamado a cada uno de sus colaboradores para que demuestren su lealtad a M\u00e9xico, a Aguascalientes y a su gente, dando buenos resultados en el cumplimiento de sus responsabilidades: \u201cSeamos leales a los ideales y convicciones que nos han convertido en un ejemplo nacional e internacional de progreso y de desarrollo\u201d, les dijo.<\/span><\/p>\n<div id=\"viewer-n7wzs329\" class=\"mm8Nw _1j-51 _1FoOD _78FBa public-DraftStyleDefault-block-depth0 fixed-tab-size public-DraftStyleDefault-text-ltr\"><span class=\"_2PHJq public-DraftStyleDefault-ltr\">\u00a0<\/span><\/div>\n<p id=\"viewer-h9z7r330\" class=\"mm8Nw _1j-51 _1FoOD _78FBa public-DraftStyleDefault-block-depth0 fixed-tab-size public-DraftStyleDefault-text-ltr\"><span class=\"_2PHJq public-DraftStyleDefault-ltr\">Acompa\u00f1ada del Gral. de Brigada D.E.M. Rub\u00e9n Barraza Rodr\u00edguez, comandante de la 14a Zona Militar, as\u00ed como de los representantes de los Poderes Legislativo y Judicial, adem\u00e1s de los integrantes de su gabinete, la gobernadora realiz\u00f3 una marcha de la calle Madero en su cruce con Morelos, hasta la Plaza de la Patria, para recordar el recorrido que realiz\u00f3 el presidente Francisco I. Madero el 9 de febrero de 1913, del Castillo de Chapultepec al Palacio Nacional, escoltado por los cadetes del Heroico Colegio Militar durante el inicio del golpe de estado conocido como Decena Tr\u00e1gica.<\/span><\/p>\n<div id=\"viewer-9672k332\" class=\"mm8Nw _1j-51 _1FoOD _78FBa public-DraftStyleDefault-block-depth0 fixed-tab-size public-DraftStyleDefault-text-ltr\"><span class=\"_2PHJq public-DraftStyleDefault-ltr\">\u00a0<\/span><\/div>\n<p id=\"viewer-u8acf333\" class=\"mm8Nw _1j-51 _1FoOD _78FBa public-DraftStyleDefault-block-depth0 fixed-tab-size public-DraftStyleDefault-text-ltr\"><span class=\"_2PHJq public-DraftStyleDefault-ltr\">Durante el evento c\u00edvico, el Gral. de Brigada D.E.M. Rub\u00e9n Barraza Rodr\u00edguez, comandante de la 14a Zona Militar, destac\u00f3 que las Fuerzas Armadas son y ser\u00e1n siempre ejemplo de lealtad a las instituciones y al pueblo de M\u00e9xico: \u201cAnte el ambiente nacional que se presenta, cada uno de los hijos de la patria debemos cerrar filas y demostrar al mundo entero la lealtad hacia nuestro pa\u00eds\u201d, subray\u00f3.<\/span><\/p>\n<div id=\"viewer-7qmqb335\" class=\"mm8Nw _1j-51 _1FoOD _78FBa public-DraftStyleDefault-block-depth0 fixed-tab-size public-DraftStyleDefault-text-ltr\"><span class=\"_2PHJq public-DraftStyleDefault-ltr\">\u00a0<\/span><\/div>\n<p id=\"viewer-2u6iy336\" class=\"mm8Nw _1j-51 _1FoOD _78FBa public-DraftStyleDefault-block-depth0 fixed-tab-size public-DraftStyleDefault-text-ltr\"><span class=\"_2PHJq public-DraftStyleDefault-ltr\">Finalmente, el secretario general de Gobierno, Florentino Reyes Berlie, dijo que la democracia en Aguascalientes se sustenta en el respeto irrestricto a la ley, a la lealtad y a las instituciones: \u201cEste gobierno respeta los derechos humanos y las libertades de la sociedad, trabaja para garantizar la igualdad de oportunidades y la justicia para todas y todos\u201d, expres\u00f3.<\/span><\/p>\n<div id=\"viewer-uvi05338\" class=\"mm8Nw _1j-51 _1FoOD _78FBa public-DraftStyleDefault-block-depth0 fixed-tab-size public-DraftStyleDefault-text-ltr\"><span class=\"_2PHJq public-DraftStyleDefault-ltr\">\u00a0<\/span><\/div>\n<p id=\"viewer-5plbm339\" class=\"mm8Nw _1j-51 _1FoOD _78FBa public-DraftStyleDefault-block-depth0 fixed-tab-size public-DraftStyleDefault-text-ltr\"><span class=\"_2PHJq public-DraftStyleDefault-ltr\">Durante el acto c\u00edvico tambi\u00e9n estuvieron presentes la diputada Sanjuana Mart\u00ednez Mel\u00e9ndez; Ma. de los \u00c1ngeles Viguer\u00edas Guzm\u00e1n, magistrada presidenta de la Sala Civil del Supremo Tribunal de Justicia del Estado; Florentino Reyes Berlie, secretario general de Gobierno; Lorena Mart\u00ednez Rodr\u00edguez, directora general del Instituto de Educaci\u00f3n de Aguascalientes; Jes\u00fas Figueroa Ortega, fiscal general del Estado; Jon\u00e1s Ch\u00e1vez Mar\u00edn, subsecretario de Seguridad P\u00fablica del Estado; David Ram\u00edrez Pi\u00f1\u00f3n, coordinador general de la Guardia Nacional en Aguascalientes.<\/span><\/p>\n<div id=\"viewer-8659b341\" class=\"mm8Nw _1j-51 _1FoOD _78FBa public-DraftStyleDefault-block-depth0 fixed-tab-size public-DraftStyleDefault-text-ltr\"><\/div>\n","protected":false},"excerpt":{"rendered":"<p>#informativoelvalledeaguascalientes #novaradioaguascalientes #ElGiganteDeMexico &nbsp; La gobernadora del estado encabez\u00f3 la ceremonia conmemorativa del 110\u00b0 Aniversario de la Marcha de la Lealtad Dijo que los tres \u00f3rdenes y Poderes del Estado deben ser la escolta leal que garantice el respeto a la dignidad humana y una mejor calidad de vida para todos Tere Jim\u00e9nez llam\u00f3 a [&hellip;]<\/p>\n","protected":false},"author":1,"featured_media":40196,"comment_status":"closed","ping_status":"open","sticky":false,"template":"","format":"standard","meta":{"advanced_seo_description":"","jetpack_seo_html_title":"","jetpack_seo_noindex":false,"_jetpack_memberships_contains_paid_content":false,"footnotes":"","jetpack_publicize_message":"","jetpack_publicize_feature_enabled":true,"jetpack_social_post_already_shared":true,"jetpack_social_options":{"image_generator_settings":{"template":"highway","default_image_id":0,"font":"","enabled":false},"version":2}},"categories":[21,4],"tags":[22,161,320],"class_list":["post-40195","post","type-post","status-publish","format-standard","has-post-thumbnail","hentry","category-aguascalientes","category-gobierno-del-estado-aguascalientes","tag-aguascalientes","tag-gobierno-del-estado-aguascalientes","tag-tere-jimenez"],"jetpack_publicize_connections":[],"jetpack_featured_media_url":"https:\/\/i0.wp.com\/informativoelvalledeaguascalientes.online\/wp-content\/uploads\/2023\/02\/gob-edo-marcha-lealtad.webp?fit=677%2C451&ssl=1","jetpack-related-posts":[],"jetpack_sharing_enabled":true,"jetpack_likes_enabled":true,"_links":{"self":[{"href":"https:\/\/informativoelvalledeaguascalientes.online\/index.php?rest_route=\/wp\/v2\/posts\/40195","targetHints":{"allow":["GET"]}}],"collection":[{"href":"https:\/\/informativoelvalledeaguascalientes.online\/index.php?rest_route=\/wp\/v2\/posts"}],"about":[{"href":"https:\/\/informativoelvalledeaguascalientes.online\/index.php?rest_route=\/wp\/v2\/types\/post"}],"author":[{"embeddable":true,"href":"https:\/\/informativoelvalledeaguascalientes.online\/index.php?rest_route=\/wp\/v2\/users\/1"}],"replies":[{"embeddable":true,"href":"https:\/\/informativoelvalledeaguascalientes.online\/index.php?rest_route=%2Fwp%2Fv2%2Fcomments&post=40195"}],"version-history":[{"count":1,"href":"https:\/\/informativoelvalledeaguascalientes.online\/index.php?rest_route=\/wp\/v2\/posts\/40195\/revisions"}],"predecessor-version":[{"id":40197,"href":"https:\/\/informativoelvalledeaguascalientes.online\/index.php?rest_route=\/wp\/v2\/posts\/40195\/revisions\/40197"}],"wp:featuredmedia":[{"embeddable":true,"href":"https:\/\/informativoelvalledeaguascalientes.online\/index.php?rest_route=\/wp\/v2\/media\/40196"}],"wp:attachment":[{"href":"https:\/\/informativoelvalledeaguascalientes.online\/index.php?rest_route=%2Fwp%2Fv2%2Fmedia&parent=40195"}],"wp:term":[{"taxonomy":"category","embeddable":true,"href":"https:\/\/informativoelvalledeaguascalientes.online\/index.php?rest_route=%2Fwp%2Fv2%2Fcategories&post=40195"},{"taxonomy":"post_tag","embeddable":true,"href":"https:\/\/informativoelvalledeaguascalientes.online\/index.php?rest_route=%2Fwp%2Fv2%2Ftags&post=40195"}],"curies":[{"name":"wp","href":"https:\/\/api.w.org\/{rel}","templated":true}]}}