{"id":40137,"date":"2023-02-07T21:15:54","date_gmt":"2023-02-08T03:15:54","guid":{"rendered":"https:\/\/informativoelvalledeaguascalientes.online\/?p=40137"},"modified":"2023-02-07T21:15:54","modified_gmt":"2023-02-08T03:15:54","slug":"tere-jimenez-y-su-gabinete-son-primer-lugar-nacional-en-presentar-su-3-de-3","status":"publish","type":"post","link":"https:\/\/informativoelvalledeaguascalientes.online\/?p=40137","title":{"rendered":"TERE JIM\u00c9NEZ Y SU GABINETE SON PRIMER LUGAR NACIONAL EN PRESENTAR SU 3 DE 3"},"content":{"rendered":"<p><strong><a href=\"https:\/\/www.facebook.com\/hashtag\/informativoelvalledeaguascalientes\">#informativoelvalledeaguascalientes<\/a><\/strong><\/p>\n<p><strong><a href=\"https:\/\/www.facebook.com\/hashtag\/novaradioaguascalientes\">#novaradioaguascalientes<\/a><\/strong><\/p>\n<p><strong><a href=\"https:\/\/www.facebook.com\/GobiernodeAguascalientes\">#ElGiganteDeMexico<\/a><\/strong><\/p>\n<p>&nbsp;<\/p>\n<ul class=\"public-DraftStyleDefault-ul\">\n<li id=\"viewer-foo\" class=\"_3Kjjs public-DraftStyleDefault-unorderedListItem public-DraftStyleDefault-depth0 public-DraftStyleDefault-list-ltr fixed-tab-size public-DraftStyleDefault-reset _1FoOD _3M0Fe\">\n<p class=\"_1j-51 _1FoOD _3M0Fe\"><strong><em>Esto como muestra del compromiso que este gobierno mantiene con el combate a la corrupci\u00f3n y la cultura de transparencia, rendici\u00f3n de cuentas y legalidad<\/em><\/strong><\/p>\n<\/li>\n<li id=\"viewer-djxus328\" class=\"_3Kjjs public-DraftStyleDefault-unorderedListItem public-DraftStyleDefault-depth0 public-DraftStyleDefault-list-ltr fixed-tab-size _1FoOD _3M0Fe\">\n<p class=\"_1j-51 _1FoOD _3M0Fe\"><strong><em>Los gobiernos son de y para la ciudadan\u00eda; la gente es la que nos brinda su confianza, y es a ellos a quienes debemos rendir cuentas: Tere Jim\u00e9nez<\/em><\/strong><\/p>\n<\/li>\n<li id=\"viewer-lzrk3331\" class=\"_3Kjjs public-DraftStyleDefault-unorderedListItem public-DraftStyleDefault-depth0 public-DraftStyleDefault-list-ltr fixed-tab-size _1FoOD _3M0Fe\">\n<p class=\"_1j-51 _1FoOD _3M0Fe\"><strong><em>La 3 de 3 incluye las declaraciones patrimonial, de intereses y fiscal; esta \u00faltima la present\u00f3 la gobernadora y su Gabinete a pesar de que la ley no lo obliga<\/em><\/strong><\/p>\n<\/li>\n<\/ul>\n<div id=\"viewer-u6nv7333\" class=\"mm8Nw _1j-51 _1FoOD _3M0Fe public-DraftStyleDefault-block-depth0 fixed-tab-size public-DraftStyleDefault-text-ltr\"><span class=\"_2PHJq public-DraftStyleDefault-ltr\">\u00a0<\/span><\/div>\n<p id=\"viewer-k2p4r334\" class=\"mm8Nw _1j-51 _1FoOD _78FBa public-DraftStyleDefault-block-depth0 fixed-tab-size public-DraftStyleDefault-text-ltr\"><span class=\"_2PHJq public-DraftStyleDefault-ltr\">En un hecho hist\u00f3rico y como muestra del compromiso que mantiene con la cultura de transparencia, rendici\u00f3n de cuentas y legalidad, la gobernadora Tere Jim\u00e9nez y su Gabinete se ubicaron en el primer lugar nacional en presentar su Declaraci\u00f3n 3 de 3.<\/span><\/p>\n<div id=\"viewer-wt7sf336\" class=\"mm8Nw _1j-51 _1FoOD _78FBa public-DraftStyleDefault-block-depth0 fixed-tab-size public-DraftStyleDefault-text-ltr\"><span class=\"_2PHJq public-DraftStyleDefault-ltr\">\u00a0<\/span><\/div>\n<p id=\"viewer-sdcd0337\" class=\"mm8Nw _1j-51 _1FoOD _78FBa public-DraftStyleDefault-block-depth0 fixed-tab-size public-DraftStyleDefault-text-ltr\"><span class=\"_2PHJq public-DraftStyleDefault-ltr\">&#8220;Los gobiernos son de y para la ciudadan\u00eda; la gente es la que nos brinda su confianza y esperanza, y es a ellos a quienes debemos rendir cuentas\u201d, asegur\u00f3 la gobernadora al entregar el paquete de declaraciones al director ejecutivo de Transparencia Mexicana, Eduardo Boh\u00f3rquez.<\/span><\/p>\n<div id=\"viewer-d6k29339\" class=\"mm8Nw _1j-51 _1FoOD _78FBa public-DraftStyleDefault-block-depth0 fixed-tab-size public-DraftStyleDefault-text-ltr\"><span class=\"_2PHJq public-DraftStyleDefault-ltr\">\u00a0<\/span><\/div>\n<p id=\"viewer-j6la7340\" class=\"mm8Nw _1j-51 _1FoOD _78FBa public-DraftStyleDefault-block-depth0 fixed-tab-size public-DraftStyleDefault-text-ltr\"><span class=\"_2PHJq public-DraftStyleDefault-ltr\">Durante el evento que se realiz\u00f3 en Palacio de Gobierno, Tere Jim\u00e9nez dej\u00f3 en claro que la sociedad y el gobierno deben sumar esfuerzos para cerrar espacios a la corrupci\u00f3n y a la opacidad; \u201clo he dicho antes y lo reitero con mayor \u00e9nfasis ahora: en este gobierno no habr\u00e1 impunidad, en este gobierno nadie, sin importar nombres o cargos, estar\u00e1 por encima o al margen de la ley y del inter\u00e9s ciudadano\u201d, precis\u00f3.<\/span><\/p>\n<div id=\"viewer-yx3cw342\" class=\"mm8Nw _1j-51 _1FoOD _78FBa public-DraftStyleDefault-block-depth0 fixed-tab-size public-DraftStyleDefault-text-ltr\"><span class=\"_2PHJq public-DraftStyleDefault-ltr\">\u00a0<\/span><\/div>\n<p id=\"viewer-hg3cj343\" class=\"mm8Nw _1j-51 _1FoOD _78FBa public-DraftStyleDefault-block-depth0 fixed-tab-size public-DraftStyleDefault-text-ltr\"><span class=\"_2PHJq public-DraftStyleDefault-ltr\">Destac\u00f3 que durante su gesti\u00f3n, el presupuesto ser\u00e1 ejercido con visi\u00f3n de estado, equilibrio, disciplina, eficiencia, sentido social y estableciendo prioridades, de tal manera que este gobierno se consolide como sin\u00f3nimo de cercan\u00eda, apertura y siempre dispuesto al escrutinio permanente de la sociedad.<\/span><\/p>\n<div id=\"viewer-cmjkr345\" class=\"mm8Nw _1j-51 _1FoOD _78FBa public-DraftStyleDefault-block-depth0 fixed-tab-size public-DraftStyleDefault-text-ltr\"><span class=\"_2PHJq public-DraftStyleDefault-ltr\">\u00a0<\/span><\/div>\n<p id=\"viewer-jnqvs346\" class=\"mm8Nw _1j-51 _1FoOD _78FBa public-DraftStyleDefault-block-depth0 fixed-tab-size public-DraftStyleDefault-text-ltr\"><span class=\"_2PHJq public-DraftStyleDefault-ltr\">La gobernadora detall\u00f3 que la 3 de 3 incluye las declaraciones patrimonial, de intereses y fiscal; esta \u00faltima, dijo, se present\u00f3 a pesar de que la ley no lo obliga; \u201cm\u00e1s all\u00e1 de la obligaci\u00f3n, en este gobierno cumplimos por convicci\u00f3n, lo hacemos con el fin de consolidar un gobierno eficiente, transparente y de puertas abiertas\u201d, coment\u00f3.<\/span><\/p>\n<div id=\"viewer-lrjpc348\" class=\"mm8Nw _1j-51 _1FoOD _78FBa public-DraftStyleDefault-block-depth0 fixed-tab-size public-DraftStyleDefault-text-ltr\"><span class=\"_2PHJq public-DraftStyleDefault-ltr\">\u00a0<\/span><\/div>\n<p id=\"viewer-9130y349\" class=\"mm8Nw _1j-51 _1FoOD _78FBa public-DraftStyleDefault-block-depth0 fixed-tab-size public-DraftStyleDefault-text-ltr\"><span class=\"_2PHJq public-DraftStyleDefault-ltr\">En ese sentido, invit\u00f3 a los alcaldes de los 11 municipios, as\u00ed como a sus gabinetes, a sumarse a este ejercicio; de igual manera adelant\u00f3 que los servidores p\u00fablicos de segundo nivel, es decir, directores y subdirectores del Gobierno del Estado, tambi\u00e9n presentar\u00e1n su Declaraci\u00f3n 3 de 3.<\/span><\/p>\n<div id=\"viewer-f2msb351\" class=\"mm8Nw _1j-51 _1FoOD _78FBa public-DraftStyleDefault-block-depth0 fixed-tab-size public-DraftStyleDefault-text-ltr\"><span class=\"_2PHJq public-DraftStyleDefault-ltr\">\u00a0<\/span><\/div>\n<p id=\"viewer-c88du352\" class=\"mm8Nw _1j-51 _1FoOD _78FBa public-DraftStyleDefault-block-depth0 fixed-tab-size public-DraftStyleDefault-text-ltr\"><span class=\"_2PHJq public-DraftStyleDefault-ltr\">Por su parte, el director ejecutivo de Transparencia Mexicana reconoci\u00f3 la iniciativa de la gobernadora Tere Jim\u00e9nez y de su Gabinete por cumplir con su 3 de 3; \u201cpor fortuna hoy en Aguascalientes, el Estado, por cuenta propia y a partir de la instrucci\u00f3n de su gobernadora, ha decidido presentar y publicar sin que en este momento se le obligue por ninguna otra raz\u00f3n, sus declaraciones de cara a la sociedad mexicana y de los aguascalentenses, cumpliendo as\u00ed una exigencia social\u201d, concluy\u00f3.<\/span><\/p>\n<p>&nbsp;<\/p>\n<p>&nbsp;<\/p>\n","protected":false},"excerpt":{"rendered":"<p>#informativoelvalledeaguascalientes #novaradioaguascalientes #ElGiganteDeMexico &nbsp; Esto como muestra del compromiso que este gobierno mantiene con el combate a la corrupci\u00f3n y la cultura de transparencia, rendici\u00f3n de cuentas y legalidad Los gobiernos son de y para la ciudadan\u00eda; la gente es la que nos brinda su confianza, y es a ellos a quienes debemos rendir cuentas: [&hellip;]<\/p>\n","protected":false},"author":1,"featured_media":40138,"comment_status":"closed","ping_status":"open","sticky":false,"template":"","format":"standard","meta":{"advanced_seo_description":"","jetpack_seo_html_title":"","jetpack_seo_noindex":false,"_jetpack_memberships_contains_paid_content":false,"footnotes":"","jetpack_publicize_message":"","jetpack_publicize_feature_enabled":true,"jetpack_social_post_already_shared":true,"jetpack_social_options":{"image_generator_settings":{"template":"highway","default_image_id":0,"font":"","enabled":false},"version":2}},"categories":[21,4],"tags":[22,161,320],"class_list":["post-40137","post","type-post","status-publish","format-standard","has-post-thumbnail","hentry","category-aguascalientes","category-gobierno-del-estado-aguascalientes","tag-aguascalientes","tag-gobierno-del-estado-aguascalientes","tag-tere-jimenez"],"jetpack_publicize_connections":[],"jetpack_featured_media_url":"https:\/\/i0.wp.com\/informativoelvalledeaguascalientes.online\/wp-content\/uploads\/2023\/02\/gob-edo-tj-3de3.webp?fit=666%2C451&ssl=1","jetpack-related-posts":[],"jetpack_sharing_enabled":true,"jetpack_likes_enabled":true,"_links":{"self":[{"href":"https:\/\/informativoelvalledeaguascalientes.online\/index.php?rest_route=\/wp\/v2\/posts\/40137","targetHints":{"allow":["GET"]}}],"collection":[{"href":"https:\/\/informativoelvalledeaguascalientes.online\/index.php?rest_route=\/wp\/v2\/posts"}],"about":[{"href":"https:\/\/informativoelvalledeaguascalientes.online\/index.php?rest_route=\/wp\/v2\/types\/post"}],"author":[{"embeddable":true,"href":"https:\/\/informativoelvalledeaguascalientes.online\/index.php?rest_route=\/wp\/v2\/users\/1"}],"replies":[{"embeddable":true,"href":"https:\/\/informativoelvalledeaguascalientes.online\/index.php?rest_route=%2Fwp%2Fv2%2Fcomments&post=40137"}],"version-history":[{"count":1,"href":"https:\/\/informativoelvalledeaguascalientes.online\/index.php?rest_route=\/wp\/v2\/posts\/40137\/revisions"}],"predecessor-version":[{"id":40139,"href":"https:\/\/informativoelvalledeaguascalientes.online\/index.php?rest_route=\/wp\/v2\/posts\/40137\/revisions\/40139"}],"wp:featuredmedia":[{"embeddable":true,"href":"https:\/\/informativoelvalledeaguascalientes.online\/index.php?rest_route=\/wp\/v2\/media\/40138"}],"wp:attachment":[{"href":"https:\/\/informativoelvalledeaguascalientes.online\/index.php?rest_route=%2Fwp%2Fv2%2Fmedia&parent=40137"}],"wp:term":[{"taxonomy":"category","embeddable":true,"href":"https:\/\/informativoelvalledeaguascalientes.online\/index.php?rest_route=%2Fwp%2Fv2%2Fcategories&post=40137"},{"taxonomy":"post_tag","embeddable":true,"href":"https:\/\/informativoelvalledeaguascalientes.online\/index.php?rest_route=%2Fwp%2Fv2%2Ftags&post=40137"}],"curies":[{"name":"wp","href":"https:\/\/api.w.org\/{rel}","templated":true}]}}