{"id":40119,"date":"2023-02-07T17:44:32","date_gmt":"2023-02-07T23:44:32","guid":{"rendered":"https:\/\/informativoelvalledeaguascalientes.online\/?p=40119"},"modified":"2023-02-07T17:44:32","modified_gmt":"2023-02-07T23:44:32","slug":"mas-de-6-mil-asistentes-y-una-derrama-economica-cercana-a-6-mdp-dejo-el-4o-festival-del-tamal-y-el-atole","status":"publish","type":"post","link":"https:\/\/informativoelvalledeaguascalientes.online\/?p=40119","title":{"rendered":"M\u00c1S DE 6 MIL ASISTENTES Y UNA DERRAMA ECON\u00d3MICA CERCANA A 6 MDP DEJ\u00d3 EL 4\u00ba FESTIVAL DEL TAMAL Y EL ATOLE"},"content":{"rendered":"<p><strong><a href=\"https:\/\/www.facebook.com\/hashtag\/informativoelvalledeaguascalientes\">#informativoelvalledeaguascalientes<\/a><\/strong><\/p>\n<p><strong><a href=\"https:\/\/www.facebook.com\/hashtag\/novaradioaguascalientes\">#novaradioaguascalientes<\/a><\/strong><\/p>\n<p>#CiudadQueTrasciende<\/p>\n<p>&nbsp;<\/p>\n<p>El Pabell\u00f3n Gastron\u00f3mico del Tamal y el Atole ofreci\u00f3 una rica variedad en sabores y olores.<br \/>\nSe realiz\u00f3 la Segunda Edici\u00f3n del Concurso del Mejor Tamal de Calvillo que cont\u00f3 con 12 participantes<\/p>\n<p>Con una derrama econ\u00f3mica cercana a 6 millones de pesos y una asistencia superior a las 6 mil personas, entre visitantes y locales, se desarroll\u00f3 en Calvillo el 4\u00ba Festival del Tamal y el Atole, convirti\u00e9ndose en unas de las ediciones m\u00e1s exitosas, anunci\u00f3 el alcalde, Daniel Romo Urrutia.<\/p>\n<p>Ver\u00f3nica Ball\u00edn de Luna, secretaria de Turismo y Cultura, mencion\u00f3 que, el evento ofreci\u00f3 una experiencia rica en sabores, colores y cultura en un ambiente familiar para el disfrute de los asistentes, los cuales probaron una parte del basto saz\u00f3n calvillense, en el Pabell\u00f3n Gastron\u00f3mico del Tamal y el Atole se ofrecieron tamales de mole de guayaba, de birria, costilla, picadillo, salsa verde, mole rojo, elote y de dulce y los atoles de guayaba, nuez, galleta y cacahuate.<\/p>\n<p>Se realiz\u00f3 la Segunda Edici\u00f3n del Concurso del Mejor Tamal de Calvillo que cont\u00f3 con 12 participantes, la ganadora del primer lugar fue Mar\u00eda Aurelia Serna, el segundo para Ma Guadalupe Serna Ort\u00edz y tercer lugar para Cecilia Mabel Mart\u00ednez Villagr\u00e1n, para finalizar se presentaron los grupos folcl\u00f3ricos Cherekis de Aguascalientes y Mitotiani de San Luis Potos\u00ed; quienes presentaron por primera vez en Calvillo una colecci\u00f3n de danzas representativas de diferentes regiones de nuestro pa\u00eds.<\/p>\n<p>Este festival gastron\u00f3mico se realiz\u00f3 en Calvillo con el objetivo de fortalecer la econom\u00eda, valorizar la gastronom\u00eda local a trav\u00e9s de la participaci\u00f3n de la gente, promover nuestra cultura y mostrar la diversidad culinaria, se recibi\u00f3 la visita de turistas nacionales e internacionales, las Candidatas a Reina de la Feria Nacional de San Marcos 2023 tambi\u00e9n asistieron para disfrutar de lo mejor de la gastronom\u00eda mexicana.<\/p>\n","protected":false},"excerpt":{"rendered":"<p>#informativoelvalledeaguascalientes #novaradioaguascalientes #CiudadQueTrasciende &nbsp; El Pabell\u00f3n Gastron\u00f3mico del Tamal y el Atole ofreci\u00f3 una rica variedad en sabores y olores. Se realiz\u00f3 la Segunda Edici\u00f3n del Concurso del Mejor Tamal de Calvillo que cont\u00f3 con 12 participantes Con una derrama econ\u00f3mica cercana a 6 millones de pesos y una asistencia superior a las 6 mil [&hellip;]<\/p>\n","protected":false},"author":1,"featured_media":40120,"comment_status":"closed","ping_status":"open","sticky":false,"template":"","format":"standard","meta":{"advanced_seo_description":"","jetpack_seo_html_title":"","jetpack_seo_noindex":false,"_jetpack_memberships_contains_paid_content":false,"footnotes":"","jetpack_publicize_message":"","jetpack_publicize_feature_enabled":true,"jetpack_social_post_already_shared":true,"jetpack_social_options":{"image_generator_settings":{"template":"highway","default_image_id":0,"font":"","enabled":false},"version":2}},"categories":[21,13],"tags":[22,88,29],"class_list":["post-40119","post","type-post","status-publish","format-standard","has-post-thumbnail","hentry","category-aguascalientes","category-calvillo-aguascalientes","tag-aguascalientes","tag-calvillo","tag-calvillo-aguascalientes"],"jetpack_publicize_connections":[],"jetpack_featured_media_url":"https:\/\/i0.wp.com\/informativoelvalledeaguascalientes.online\/wp-content\/uploads\/2023\/02\/calvillo-festival-tamal-2.jpg?fit=1024%2C520&ssl=1","jetpack-related-posts":[],"jetpack_sharing_enabled":true,"jetpack_likes_enabled":true,"_links":{"self":[{"href":"https:\/\/informativoelvalledeaguascalientes.online\/index.php?rest_route=\/wp\/v2\/posts\/40119","targetHints":{"allow":["GET"]}}],"collection":[{"href":"https:\/\/informativoelvalledeaguascalientes.online\/index.php?rest_route=\/wp\/v2\/posts"}],"about":[{"href":"https:\/\/informativoelvalledeaguascalientes.online\/index.php?rest_route=\/wp\/v2\/types\/post"}],"author":[{"embeddable":true,"href":"https:\/\/informativoelvalledeaguascalientes.online\/index.php?rest_route=\/wp\/v2\/users\/1"}],"replies":[{"embeddable":true,"href":"https:\/\/informativoelvalledeaguascalientes.online\/index.php?rest_route=%2Fwp%2Fv2%2Fcomments&post=40119"}],"version-history":[{"count":1,"href":"https:\/\/informativoelvalledeaguascalientes.online\/index.php?rest_route=\/wp\/v2\/posts\/40119\/revisions"}],"predecessor-version":[{"id":40121,"href":"https:\/\/informativoelvalledeaguascalientes.online\/index.php?rest_route=\/wp\/v2\/posts\/40119\/revisions\/40121"}],"wp:featuredmedia":[{"embeddable":true,"href":"https:\/\/informativoelvalledeaguascalientes.online\/index.php?rest_route=\/wp\/v2\/media\/40120"}],"wp:attachment":[{"href":"https:\/\/informativoelvalledeaguascalientes.online\/index.php?rest_route=%2Fwp%2Fv2%2Fmedia&parent=40119"}],"wp:term":[{"taxonomy":"category","embeddable":true,"href":"https:\/\/informativoelvalledeaguascalientes.online\/index.php?rest_route=%2Fwp%2Fv2%2Fcategories&post=40119"},{"taxonomy":"post_tag","embeddable":true,"href":"https:\/\/informativoelvalledeaguascalientes.online\/index.php?rest_route=%2Fwp%2Fv2%2Ftags&post=40119"}],"curies":[{"name":"wp","href":"https:\/\/api.w.org\/{rel}","templated":true}]}}