{"id":40116,"date":"2023-02-06T20:41:34","date_gmt":"2023-02-07T02:41:34","guid":{"rendered":"https:\/\/informativoelvalledeaguascalientes.online\/?p=40116"},"modified":"2023-02-06T20:41:34","modified_gmt":"2023-02-07T02:41:34","slug":"anuncia-tere-jimenez-apertura-de-la-convocatoria-para-el-programa-100-dias-100-viviendas","status":"publish","type":"post","link":"https:\/\/informativoelvalledeaguascalientes.online\/?p=40116","title":{"rendered":"ANUNCIA TERE JIM\u00c9NEZ APERTURA DE LA CONVOCATORIA PARA EL PROGRAMA \u201c100 D\u00cdAS-100 VIVIENDAS\u201d"},"content":{"rendered":"<p><strong><a href=\"https:\/\/www.facebook.com\/hashtag\/informativoelvalledeaguascalientes\">#informativoelvalledeaguascalientes<\/a><\/strong><\/p>\n<p><strong><a href=\"https:\/\/www.facebook.com\/hashtag\/novaradioaguascalientes\">#novaradioaguascalientes<\/a><\/strong><\/p>\n<p><strong><a href=\"https:\/\/www.facebook.com\/GobiernodeAguascalientes\">#ElGiganteDeMexico<\/a><\/strong><\/p>\n<p>&nbsp;<\/p>\n<ul class=\"public-DraftStyleDefault-ul\">\n<li id=\"viewer-foo\" class=\"_3Kjjs public-DraftStyleDefault-unorderedListItem public-DraftStyleDefault-depth0 public-DraftStyleDefault-list-ltr fixed-tab-size public-DraftStyleDefault-reset _1FoOD _3M0Fe\">\n<p class=\"_1j-51 _1FoOD _3M0Fe\"><strong><em>Todas las familias tienen derecho a disfrutar de una vivienda digna y las vamos a apoyar para que puedan lograrlo: Tere Jim\u00e9nez<\/em><\/strong><\/p>\n<\/li>\n<li id=\"viewer-xx6rd4807\" class=\"_3Kjjs public-DraftStyleDefault-unorderedListItem public-DraftStyleDefault-depth0 public-DraftStyleDefault-list-ltr fixed-tab-size _1FoOD _3M0Fe\">\n<p class=\"_1j-51 _1FoOD _3M0Fe\"><strong><em>Pueden participar personas que no tienen casa propia ni seguridad social, como taxistas, tianguistas, personas de la tercera edad y con discapacidad<\/em><\/strong><\/p>\n<\/li>\n<li id=\"viewer-vjp0n4810\" class=\"_3Kjjs public-DraftStyleDefault-unorderedListItem public-DraftStyleDefault-depth0 public-DraftStyleDefault-list-ltr fixed-tab-size _1FoOD _3M0Fe\">\n<p class=\"_1j-51 _1FoOD _3M0Fe\"><strong><em>Las y los interesados deber\u00e1n llenar el formato de inscripci\u00f3n que se encuentra en la p\u00e1gina <\/em><\/strong><a class=\"_3Bkfb _1lsz7\" href=\"http:\/\/www.aguascalientes.gob.mx\/ivsop\" target=\"_self\" rel=\"noopener noreferrer\" data-hook=\"linkViewer\"><strong><em>www.aguascalientes.gob.mx\/ivsop<\/em><\/strong><\/a><\/p>\n<\/li>\n<\/ul>\n<div id=\"viewer-l0f6t4813\" class=\"mm8Nw _1j-51 _1FoOD _3M0Fe public-DraftStyleDefault-block-depth0 fixed-tab-size public-DraftStyleDefault-text-ltr\"><span class=\"_2PHJq public-DraftStyleDefault-ltr\">\u00a0<\/span><\/div>\n<p id=\"viewer-dbaki4896\" class=\"mm8Nw _1j-51 _1FoOD _78FBa public-DraftStyleDefault-block-depth0 fixed-tab-size public-DraftStyleDefault-text-ltr\"><span class=\"_2PHJq public-DraftStyleDefault-ltr\">La gobernadora de Aguascalientes, Tere Jim\u00e9nez, anunci\u00f3 que ya se encuentra abierta la convocatoria para el programa \u201c100 d\u00edas, 100 viviendas\u201d, dirigida a todas aquellas personas que no cuentan con seguridad social y que no tienen una casa propia, como taxistas, tianguistas, comerciantes, madres solteras, personas de la tercera edad y con discapacidad.<\/span><\/p>\n<div id=\"viewer-rj1id4926\" class=\"mm8Nw _1j-51 _1FoOD _78FBa public-DraftStyleDefault-block-depth0 fixed-tab-size public-DraftStyleDefault-text-ltr\"><span class=\"_2PHJq public-DraftStyleDefault-ltr\">\u00a0<\/span><\/div>\n<p id=\"viewer-szf3y4815\" class=\"mm8Nw _1j-51 _1FoOD _78FBa public-DraftStyleDefault-block-depth0 fixed-tab-size public-DraftStyleDefault-text-ltr\"><span class=\"_2PHJq public-DraftStyleDefault-ltr\">\u201cTodas las familias tienen derecho a disfrutar de una vivienda digna y decorosa, y las vamos a apoyar para que puedan lograrlo\u201d, subray\u00f3.<\/span><\/p>\n<div id=\"viewer-catk54817\" class=\"mm8Nw _1j-51 _1FoOD _78FBa public-DraftStyleDefault-block-depth0 fixed-tab-size public-DraftStyleDefault-text-ltr\"><span class=\"_2PHJq public-DraftStyleDefault-ltr\">\u00a0<\/span><\/div>\n<p id=\"viewer-coquw4942\" class=\"mm8Nw _1j-51 _1FoOD _78FBa public-DraftStyleDefault-block-depth0 fixed-tab-size public-DraftStyleDefault-text-ltr\"><span class=\"_2PHJq public-DraftStyleDefault-ltr\">En ese sentido, la titular del Instituto de Vivienda Social y Ordenamiento de la Propiedad (IVSOP), Claudia Gabriela Caudel de Luna, resalt\u00f3 que en la primera etapa del programa se entregar\u00e1n 100 departamentos en el fraccionamiento Morelos II, a personas de todo el estado que no tienen acceso a un esquema de vivienda social.\u00a0<\/span><\/p>\n<div id=\"viewer-e2skf4819\" class=\"mm8Nw _1j-51 _1FoOD _78FBa public-DraftStyleDefault-block-depth0 fixed-tab-size public-DraftStyleDefault-text-ltr\"><span class=\"_2PHJq public-DraftStyleDefault-ltr\">\u00a0<\/span><\/div>\n<p id=\"viewer-y02ip4958\" class=\"mm8Nw _1j-51 _1FoOD _78FBa public-DraftStyleDefault-block-depth0 fixed-tab-size public-DraftStyleDefault-text-ltr\"><span class=\"_2PHJq public-DraftStyleDefault-ltr\">Dijo que las y los interesados en participar, deber\u00e1n llenar un formato digital que se encuentra en la p\u00e1gina <a class=\"_3Bkfb _1lsz7\" href=\"https:\/\/www.aguascalientes.gob.mx\/ivsop\" target=\"_self\" rel=\"noopener noreferrer\" data-hook=\"linkViewer\"><u class=\"_3zM-5\">https:\/\/www.aguascalientes.gob.mx\/ivsop<\/u><\/a>, a trav\u00e9s del cual se recabar\u00e1 informaci\u00f3n personal del beneficiario y su familia para la evaluaci\u00f3n de solicitudes.<\/span><\/p>\n<div id=\"viewer-f3kl74823\" class=\"mm8Nw _1j-51 _1FoOD _78FBa public-DraftStyleDefault-block-depth0 fixed-tab-size public-DraftStyleDefault-text-ltr\"><span class=\"_2PHJq public-DraftStyleDefault-ltr\">\u00a0<\/span><\/div>\n<p id=\"viewer-m4i934976\" class=\"mm8Nw _1j-51 _1FoOD _78FBa public-DraftStyleDefault-block-depth0 fixed-tab-size public-DraftStyleDefault-text-ltr\"><span class=\"_2PHJq public-DraftStyleDefault-ltr\">Posteriormente, el IVSOP har\u00e1 el an\u00e1lisis de cada solicitud y revisar\u00e1 qui\u00e9nes cumplen con el perfil que establecen las reglas de operaci\u00f3n, y que incluye el contar con una residencia en el estado de al menos dos a\u00f1os; no estar afiliado a otro r\u00e9gimen de asistencia habitacional; no tener alguna propiedad a su nombre; y no haber sido beneficiario del IVSOP, entre otros.<\/span><\/p>\n<div id=\"viewer-w1lpm4825\" class=\"mm8Nw _1j-51 _1FoOD _78FBa public-DraftStyleDefault-block-depth0 fixed-tab-size public-DraftStyleDefault-text-ltr\"><span class=\"_2PHJq public-DraftStyleDefault-ltr\">\u00a0<\/span><\/div>\n<p id=\"viewer-1zup14992\" class=\"mm8Nw _1j-51 _1FoOD _78FBa public-DraftStyleDefault-block-depth0 fixed-tab-size public-DraftStyleDefault-text-ltr\"><span class=\"_2PHJq public-DraftStyleDefault-ltr\">Caudel de Luna coment\u00f3 que la lista de solicitantes que continuar\u00e1n en el proceso de selecci\u00f3n se publicar\u00e1 en la p\u00e1gina de internet del Instituto de Vivienda; a partir de esa fecha el solicitante contar\u00e1 con un plazo no mayor a 15 d\u00edas naturales para la entrega de la documentaci\u00f3n correspondiente.<\/span><\/p>\n<div id=\"viewer-dttbq4827\" class=\"mm8Nw _1j-51 _1FoOD _78FBa public-DraftStyleDefault-block-depth0 fixed-tab-size public-DraftStyleDefault-text-ltr\"><span class=\"_2PHJq public-DraftStyleDefault-ltr\">\u00a0<\/span><\/div>\n<p id=\"viewer-b2rc25008\" class=\"mm8Nw _1j-51 _1FoOD _78FBa public-DraftStyleDefault-block-depth0 fixed-tab-size public-DraftStyleDefault-text-ltr\"><span class=\"_2PHJq public-DraftStyleDefault-ltr\">Precis\u00f3 que para cualquier duda, las y los interesados se pueden comunicar al 449 910 25 60 ext. 5507, o acudir a las oficinas del IVSOP en Av. Eugenio Garza Sada No.124-D, fracc. La Plazuela, Pocitos, 3er piso.<\/span><\/p>\n<div id=\"viewer-236p14829\" class=\"mm8Nw _1j-51 _1FoOD _78FBa public-DraftStyleDefault-block-depth0 fixed-tab-size public-DraftStyleDefault-text-ltr\"><span class=\"_2PHJq public-DraftStyleDefault-ltr\">\u00a0<\/span><\/div>\n<p id=\"viewer-fs4gi5024\" class=\"mm8Nw _1j-51 _1FoOD _78FBa public-DraftStyleDefault-block-depth0 fixed-tab-size public-DraftStyleDefault-text-ltr\"><span class=\"_2PHJq public-DraftStyleDefault-ltr\">Finalmente, la titular del IVSOP hizo hincapi\u00e9 en que los tr\u00e1mites son personales, por lo que no se permitir\u00e1 que estos se realicen a trav\u00e9s de gestores, representantes, organizaciones sociales o partidos pol\u00edticos; cabe mencionar que s\u00f3lo se podr\u00e1 asignar una vivienda por familia.<\/span><\/p>\n","protected":false},"excerpt":{"rendered":"<p>#informativoelvalledeaguascalientes #novaradioaguascalientes #ElGiganteDeMexico &nbsp; Todas las familias tienen derecho a disfrutar de una vivienda digna y las vamos a apoyar para que puedan lograrlo: Tere Jim\u00e9nez Pueden participar personas que no tienen casa propia ni seguridad social, como taxistas, tianguistas, personas de la tercera edad y con discapacidad Las y los interesados deber\u00e1n llenar el [&hellip;]<\/p>\n","protected":false},"author":1,"featured_media":40117,"comment_status":"closed","ping_status":"open","sticky":false,"template":"","format":"standard","meta":{"advanced_seo_description":"","jetpack_seo_html_title":"","jetpack_seo_noindex":false,"_jetpack_memberships_contains_paid_content":false,"footnotes":"","jetpack_publicize_message":"","jetpack_publicize_feature_enabled":true,"jetpack_social_post_already_shared":true,"jetpack_social_options":{"image_generator_settings":{"template":"highway","default_image_id":0,"font":"","enabled":false},"version":2}},"categories":[21,4],"tags":[22,161,271],"class_list":["post-40116","post","type-post","status-publish","format-standard","has-post-thumbnail","hentry","category-aguascalientes","category-gobierno-del-estado-aguascalientes","tag-aguascalientes","tag-gobierno-del-estado-aguascalientes","tag-ivsop"],"jetpack_publicize_connections":[],"jetpack_featured_media_url":"https:\/\/i0.wp.com\/informativoelvalledeaguascalientes.online\/wp-content\/uploads\/2023\/02\/gob-edo-ivsop-100-viviendas.webp?fit=632%2C451&ssl=1","jetpack-related-posts":[],"jetpack_sharing_enabled":true,"jetpack_likes_enabled":true,"_links":{"self":[{"href":"https:\/\/informativoelvalledeaguascalientes.online\/index.php?rest_route=\/wp\/v2\/posts\/40116","targetHints":{"allow":["GET"]}}],"collection":[{"href":"https:\/\/informativoelvalledeaguascalientes.online\/index.php?rest_route=\/wp\/v2\/posts"}],"about":[{"href":"https:\/\/informativoelvalledeaguascalientes.online\/index.php?rest_route=\/wp\/v2\/types\/post"}],"author":[{"embeddable":true,"href":"https:\/\/informativoelvalledeaguascalientes.online\/index.php?rest_route=\/wp\/v2\/users\/1"}],"replies":[{"embeddable":true,"href":"https:\/\/informativoelvalledeaguascalientes.online\/index.php?rest_route=%2Fwp%2Fv2%2Fcomments&post=40116"}],"version-history":[{"count":1,"href":"https:\/\/informativoelvalledeaguascalientes.online\/index.php?rest_route=\/wp\/v2\/posts\/40116\/revisions"}],"predecessor-version":[{"id":40118,"href":"https:\/\/informativoelvalledeaguascalientes.online\/index.php?rest_route=\/wp\/v2\/posts\/40116\/revisions\/40118"}],"wp:featuredmedia":[{"embeddable":true,"href":"https:\/\/informativoelvalledeaguascalientes.online\/index.php?rest_route=\/wp\/v2\/media\/40117"}],"wp:attachment":[{"href":"https:\/\/informativoelvalledeaguascalientes.online\/index.php?rest_route=%2Fwp%2Fv2%2Fmedia&parent=40116"}],"wp:term":[{"taxonomy":"category","embeddable":true,"href":"https:\/\/informativoelvalledeaguascalientes.online\/index.php?rest_route=%2Fwp%2Fv2%2Fcategories&post=40116"},{"taxonomy":"post_tag","embeddable":true,"href":"https:\/\/informativoelvalledeaguascalientes.online\/index.php?rest_route=%2Fwp%2Fv2%2Ftags&post=40116"}],"curies":[{"name":"wp","href":"https:\/\/api.w.org\/{rel}","templated":true}]}}