{"id":40113,"date":"2023-02-06T20:37:18","date_gmt":"2023-02-07T02:37:18","guid":{"rendered":"https:\/\/informativoelvalledeaguascalientes.online\/?p=40113"},"modified":"2023-02-06T20:37:18","modified_gmt":"2023-02-07T02:37:18","slug":"encabeza-tere-jimenez-comision-de-derechos-humanos-y-de-la-agenda-de-desarrollo-sostenible-20-30-de-la-onu-en-la-conago","status":"publish","type":"post","link":"https:\/\/informativoelvalledeaguascalientes.online\/?p=40113","title":{"rendered":"ENCABEZA TERE JIM\u00c9NEZ COMISI\u00d3N DE DERECHOS HUMANOS Y DE LA AGENDA DE DESARROLLO SOSTENIBLE 20-30 DE LA ONU EN LA CONAGO"},"content":{"rendered":"<p><strong><a href=\"https:\/\/www.facebook.com\/hashtag\/informativoelvalledeaguascalientes\">#informativoelvalledeaguascalientes<\/a><\/strong><\/p>\n<p><strong><a href=\"https:\/\/www.facebook.com\/hashtag\/novaradioaguascalientes\">#novaradioaguascalientes<\/a><\/strong><\/p>\n<p><strong><a href=\"https:\/\/www.facebook.com\/GobiernodeAguascalientes\">#ElGiganteDeMexico<\/a><\/strong><\/p>\n<p>&nbsp;<\/p>\n<p id=\"viewer-foo\" class=\"mm8Nw _1j-51 _1FoOD _78FBa public-DraftStyleDefault-block-depth0 fixed-tab-size public-DraftStyleDefault-text-ltr\"><span class=\"_2PHJq public-DraftStyleDefault-ltr\">La gobernadora de Aguascalientes, Tere Jim\u00e9nez, particip\u00f3 en la LXIII Reuni\u00f3n Ordinaria de la Conferencia Nacional de Gobernadores (Conago) que se realiz\u00f3 en la ciudad de Quer\u00e9taro, Qro., donde fue nombrada presidenta de la Comisi\u00f3n que encabeza la Agenda para el Desarrollo Sostenible 20-30 que marca la ONU; de la Comisi\u00f3n de Derechos Humanos, as\u00ed como vicepresidenta de la Comisi\u00f3n de Recursos H\u00eddricos.<\/span><\/p>\n<div id=\"viewer-bf5041639\" class=\"mm8Nw _1j-51 _1FoOD _78FBa public-DraftStyleDefault-block-depth0 fixed-tab-size public-DraftStyleDefault-text-ltr\"><span class=\"_2PHJq public-DraftStyleDefault-ltr\">\u00a0<\/span><\/div>\n<p id=\"viewer-xvdoa1645\" class=\"mm8Nw _1j-51 _1FoOD _78FBa public-DraftStyleDefault-block-depth0 fixed-tab-size public-DraftStyleDefault-text-ltr\"><span class=\"_2PHJq public-DraftStyleDefault-ltr\">Cabe destacar que la Asamblea General de la ONU adopt\u00f3 la Agenda 20-30 para el Desarrollo Sostenible como un plan de acci\u00f3n a favor de las personas, el planeta y la prosperidad, y que tambi\u00e9n tiene la intenci\u00f3n de fortalecer la paz universal y el acceso a la justicia.<\/span><\/p>\n<div id=\"viewer-fubex558\" class=\"mm8Nw _1j-51 _1FoOD _78FBa public-DraftStyleDefault-block-depth0 fixed-tab-size public-DraftStyleDefault-text-ltr\"><span class=\"_2PHJq public-DraftStyleDefault-ltr\">\u00a0<\/span><\/div>\n<p id=\"viewer-hcp8v250\" class=\"mm8Nw _1j-51 _1FoOD _78FBa public-DraftStyleDefault-block-depth0 fixed-tab-size public-DraftStyleDefault-text-ltr\"><span class=\"_2PHJq public-DraftStyleDefault-ltr\">Durante el encuentro de gobernadores, se acord\u00f3 trabajar de forma conjunta para analizar y replantear los objetivos de este organismo, a fin de que respondan a los cambios, retos y desaf\u00edos que actualmente enfrenta el pa\u00eds.<\/span><\/p>\n<div id=\"viewer-dcelv3333\" class=\"mm8Nw _1j-51 _1FoOD _78FBa public-DraftStyleDefault-block-depth0 fixed-tab-size public-DraftStyleDefault-text-ltr\"><span class=\"_2PHJq public-DraftStyleDefault-ltr\">\u00a0<\/span><\/div>\n<p id=\"viewer-5kcgj252\" class=\"mm8Nw _1j-51 _1FoOD _78FBa public-DraftStyleDefault-block-depth0 fixed-tab-size public-DraftStyleDefault-text-ltr\"><span class=\"_2PHJq public-DraftStyleDefault-ltr\">En ese sentido, Tere Jim\u00e9nez reiter\u00f3 la disposici\u00f3n del Estado de Aguascalientes por participar en aquellas iniciativas encaminadas a fortalecer el federalismo a trav\u00e9s de mecanismos democr\u00e1ticos y con pleno respeto a las instituciones.<\/span><\/p>\n<div id=\"viewer-9dg6j3491\" class=\"mm8Nw _1j-51 _1FoOD _78FBa public-DraftStyleDefault-block-depth0 fixed-tab-size public-DraftStyleDefault-text-ltr\"><span class=\"_2PHJq public-DraftStyleDefault-ltr\">\u00a0<\/span><\/div>\n<p id=\"viewer-ec27f254\" class=\"mm8Nw _1j-51 _1FoOD _78FBa public-DraftStyleDefault-block-depth0 fixed-tab-size public-DraftStyleDefault-text-ltr\"><span class=\"_2PHJq public-DraftStyleDefault-ltr\">Los integrantes de la Conago eligieron al gobernador de Oaxaca, Salom\u00f3n Jara Cruz, como nuevo presidente de este organismo<\/span><\/p>\n<div id=\"viewer-l41vk3499\" class=\"mm8Nw _1j-51 _1FoOD _78FBa public-DraftStyleDefault-block-depth0 fixed-tab-size public-DraftStyleDefault-text-ltr\"><span class=\"_2PHJq public-DraftStyleDefault-ltr\">\u00a0<\/span><\/div>\n<p id=\"viewer-b5dno256\" class=\"mm8Nw _1j-51 _1FoOD _78FBa public-DraftStyleDefault-block-depth0 fixed-tab-size public-DraftStyleDefault-text-ltr\"><span class=\"_2PHJq public-DraftStyleDefault-ltr\">El evento se desarroll\u00f3 en el marco de la ceremonia conmemorativa por el CVI Aniversario de la Promulgaci\u00f3n de la Constituci\u00f3n Pol\u00edtica de los Estados Unidos Mexicanos.<\/span><\/p>\n","protected":false},"excerpt":{"rendered":"<p>#informativoelvalledeaguascalientes #novaradioaguascalientes #ElGiganteDeMexico &nbsp; La gobernadora de Aguascalientes, Tere Jim\u00e9nez, particip\u00f3 en la LXIII Reuni\u00f3n Ordinaria de la Conferencia Nacional de Gobernadores (Conago) que se realiz\u00f3 en la ciudad de Quer\u00e9taro, Qro., donde fue nombrada presidenta de la Comisi\u00f3n que encabeza la Agenda para el Desarrollo Sostenible 20-30 que marca la ONU; de la Comisi\u00f3n [&hellip;]<\/p>\n","protected":false},"author":1,"featured_media":40114,"comment_status":"closed","ping_status":"open","sticky":false,"template":"","format":"standard","meta":{"advanced_seo_description":"","jetpack_seo_html_title":"","jetpack_seo_noindex":false,"_jetpack_memberships_contains_paid_content":false,"footnotes":"","jetpack_publicize_message":"","jetpack_publicize_feature_enabled":true,"jetpack_social_post_already_shared":true,"jetpack_social_options":{"image_generator_settings":{"template":"highway","default_image_id":0,"font":"","enabled":false},"version":2}},"categories":[21,4],"tags":[22,161,320],"class_list":["post-40113","post","type-post","status-publish","format-standard","has-post-thumbnail","hentry","category-aguascalientes","category-gobierno-del-estado-aguascalientes","tag-aguascalientes","tag-gobierno-del-estado-aguascalientes","tag-tere-jimenez"],"jetpack_publicize_connections":[],"jetpack_featured_media_url":"https:\/\/i0.wp.com\/informativoelvalledeaguascalientes.online\/wp-content\/uploads\/2023\/02\/gob-edo-tj-amlo-dh.webp?fit=803%2C452&ssl=1","jetpack-related-posts":[],"jetpack_sharing_enabled":true,"jetpack_likes_enabled":true,"_links":{"self":[{"href":"https:\/\/informativoelvalledeaguascalientes.online\/index.php?rest_route=\/wp\/v2\/posts\/40113","targetHints":{"allow":["GET"]}}],"collection":[{"href":"https:\/\/informativoelvalledeaguascalientes.online\/index.php?rest_route=\/wp\/v2\/posts"}],"about":[{"href":"https:\/\/informativoelvalledeaguascalientes.online\/index.php?rest_route=\/wp\/v2\/types\/post"}],"author":[{"embeddable":true,"href":"https:\/\/informativoelvalledeaguascalientes.online\/index.php?rest_route=\/wp\/v2\/users\/1"}],"replies":[{"embeddable":true,"href":"https:\/\/informativoelvalledeaguascalientes.online\/index.php?rest_route=%2Fwp%2Fv2%2Fcomments&post=40113"}],"version-history":[{"count":1,"href":"https:\/\/informativoelvalledeaguascalientes.online\/index.php?rest_route=\/wp\/v2\/posts\/40113\/revisions"}],"predecessor-version":[{"id":40115,"href":"https:\/\/informativoelvalledeaguascalientes.online\/index.php?rest_route=\/wp\/v2\/posts\/40113\/revisions\/40115"}],"wp:featuredmedia":[{"embeddable":true,"href":"https:\/\/informativoelvalledeaguascalientes.online\/index.php?rest_route=\/wp\/v2\/media\/40114"}],"wp:attachment":[{"href":"https:\/\/informativoelvalledeaguascalientes.online\/index.php?rest_route=%2Fwp%2Fv2%2Fmedia&parent=40113"}],"wp:term":[{"taxonomy":"category","embeddable":true,"href":"https:\/\/informativoelvalledeaguascalientes.online\/index.php?rest_route=%2Fwp%2Fv2%2Fcategories&post=40113"},{"taxonomy":"post_tag","embeddable":true,"href":"https:\/\/informativoelvalledeaguascalientes.online\/index.php?rest_route=%2Fwp%2Fv2%2Ftags&post=40113"}],"curies":[{"name":"wp","href":"https:\/\/api.w.org\/{rel}","templated":true}]}}