{"id":40110,"date":"2023-02-06T20:32:41","date_gmt":"2023-02-07T02:32:41","guid":{"rendered":"https:\/\/informativoelvalledeaguascalientes.online\/?p=40110"},"modified":"2023-02-06T20:32:41","modified_gmt":"2023-02-07T02:32:41","slug":"gracias-al-trabajo-coordinado-aguascalientes-se-mantiene-dentro-de-los-estados-mas-seguros-del-pais","status":"publish","type":"post","link":"https:\/\/informativoelvalledeaguascalientes.online\/?p=40110","title":{"rendered":"GRACIAS AL TRABAJO COORDINADO, AGUASCALIENTES SE MANTIENE DENTRO DE LOS ESTADOS M\u00c1S SEGUROS DEL PA\u00cdS"},"content":{"rendered":"<p><strong><a href=\"https:\/\/www.facebook.com\/hashtag\/informativoelvalledeaguascalientes\">#informativoelvalledeaguascalientes<\/a><\/strong><\/p>\n<p><strong><a href=\"https:\/\/www.facebook.com\/hashtag\/novaradioaguascalientes\">#novaradioaguascalientes<\/a><\/strong><\/p>\n<p><strong><a href=\"https:\/\/www.facebook.com\/GobiernodeAguascalientes\">#ElGiganteDeMexico<\/a><\/strong><\/p>\n<p>&nbsp;<\/p>\n<p id=\"viewer-foo\" class=\"mm8Nw _1j-51 _1FoOD _78FBa public-DraftStyleDefault-block-depth0 fixed-tab-size public-DraftStyleDefault-text-ltr\"><span class=\"_2PHJq public-DraftStyleDefault-ltr\">La gobernadora de Aguascalientes, Tere Jim\u00e9nez, felicit\u00f3 por su desempe\u00f1o a las corporaciones de seguridad p\u00fablica de los tres niveles de gobierno y Ej\u00e9rcito Mexicano, quienes desde el inicio de su gesti\u00f3n han trabajado coordinadamente con el Estado. Gracias a esto, anunci\u00f3 que Aguascalientes fue considerado como el primer lugar en materia de Seguridad P\u00fablica de todo el pa\u00eds, seg\u00fan datos del Secretariado Ejecutivo del Sistema Nacional de Seguridad P\u00fablica, al reducir en un 56% los homicidios dolosos, cifra que aunque no es alentadora representa un avance importante en el tema, por lo que se enfocar\u00e1n esfuerzos para mejorar en este \u00e1mbito y tambi\u00e9n para fortalecer la justicia en Aguascalientes, pues \u201cno habr\u00e1 espacio para la impunidad\u201d, coment\u00f3.<\/span><\/p>\n<p>&nbsp;<\/p>\n<p id=\"viewer-tkmsw800\" class=\"mm8Nw _1j-51 _1FoOD _78FBa public-DraftStyleDefault-block-depth0 fixed-tab-size public-DraftStyleDefault-text-ltr\"><span class=\"_2PHJq public-DraftStyleDefault-ltr\">\u201cHemos estado trabajando en coordinaci\u00f3n y en la vigilancia de carreteras para que Aguascalientes est\u00e9 blindado, para que Aguascalientes sea ese oasis que tenemos y debemos seguir conservando\u201d, se\u00f1al\u00f3.<\/span><\/p>\n<div id=\"viewer-f5jfa802\" class=\"mm8Nw _1j-51 _1FoOD _78FBa public-DraftStyleDefault-block-depth0 fixed-tab-size public-DraftStyleDefault-text-ltr\"><span class=\"_2PHJq public-DraftStyleDefault-ltr\">\u00a0<\/span><\/div>\n<p id=\"viewer-zsli2803\" class=\"mm8Nw _1j-51 _1FoOD _78FBa public-DraftStyleDefault-block-depth0 fixed-tab-size public-DraftStyleDefault-text-ltr\"><span class=\"_2PHJq public-DraftStyleDefault-ltr\">Asegur\u00f3 que el tema de seguridad y salud son una prioridad, por lo que ambos rubros tendr\u00e1n importante impulso durante su gesti\u00f3n, de ah\u00ed que reiter\u00f3 su compromiso de trabajar incansablemente y mano a mano con los 3 niveles de gobierno en el blindaje del estado.<\/span><\/p>\n<div id=\"viewer-1sx27805\" class=\"mm8Nw _1j-51 _1FoOD _78FBa public-DraftStyleDefault-block-depth0 fixed-tab-size public-DraftStyleDefault-text-ltr\"><span class=\"_2PHJq public-DraftStyleDefault-ltr\">\u00a0<\/span><\/div>\n<p id=\"viewer-txqho806\" class=\"mm8Nw _1j-51 _1FoOD _78FBa public-DraftStyleDefault-block-depth0 fixed-tab-size public-DraftStyleDefault-text-ltr\"><span class=\"_2PHJq public-DraftStyleDefault-ltr\">\u201cCuenten con nosotros para que Aguascalientes est\u00e9 en paz y est\u00e9 tranquilo, nosotros no vamos a descansar porque Aguascalientes merece lo mejor\u201d, finaliz\u00f3.<\/span><\/p>\n<p>&nbsp;<\/p>\n<p>&nbsp;<\/p>\n","protected":false},"excerpt":{"rendered":"<p>#informativoelvalledeaguascalientes #novaradioaguascalientes #ElGiganteDeMexico &nbsp; La gobernadora de Aguascalientes, Tere Jim\u00e9nez, felicit\u00f3 por su desempe\u00f1o a las corporaciones de seguridad p\u00fablica de los tres niveles de gobierno y Ej\u00e9rcito Mexicano, quienes desde el inicio de su gesti\u00f3n han trabajado coordinadamente con el Estado. Gracias a esto, anunci\u00f3 que Aguascalientes fue considerado como el primer lugar en [&hellip;]<\/p>\n","protected":false},"author":1,"featured_media":40111,"comment_status":"closed","ping_status":"open","sticky":false,"template":"","format":"standard","meta":{"advanced_seo_description":"","jetpack_seo_html_title":"","jetpack_seo_noindex":false,"_jetpack_memberships_contains_paid_content":false,"footnotes":"","jetpack_publicize_message":"","jetpack_publicize_feature_enabled":true,"jetpack_social_post_already_shared":true,"jetpack_social_options":{"image_generator_settings":{"template":"highway","default_image_id":0,"font":"","enabled":false},"version":2}},"categories":[21,4],"tags":[22,161,122],"class_list":["post-40110","post","type-post","status-publish","format-standard","has-post-thumbnail","hentry","category-aguascalientes","category-gobierno-del-estado-aguascalientes","tag-aguascalientes","tag-gobierno-del-estado-aguascalientes","tag-sspe-aguascalientes"],"jetpack_publicize_connections":[],"jetpack_featured_media_url":"https:\/\/i0.wp.com\/informativoelvalledeaguascalientes.online\/wp-content\/uploads\/2023\/02\/gob-edo-sspe.webp?fit=602%2C452&ssl=1","jetpack-related-posts":[],"jetpack_sharing_enabled":true,"jetpack_likes_enabled":true,"_links":{"self":[{"href":"https:\/\/informativoelvalledeaguascalientes.online\/index.php?rest_route=\/wp\/v2\/posts\/40110","targetHints":{"allow":["GET"]}}],"collection":[{"href":"https:\/\/informativoelvalledeaguascalientes.online\/index.php?rest_route=\/wp\/v2\/posts"}],"about":[{"href":"https:\/\/informativoelvalledeaguascalientes.online\/index.php?rest_route=\/wp\/v2\/types\/post"}],"author":[{"embeddable":true,"href":"https:\/\/informativoelvalledeaguascalientes.online\/index.php?rest_route=\/wp\/v2\/users\/1"}],"replies":[{"embeddable":true,"href":"https:\/\/informativoelvalledeaguascalientes.online\/index.php?rest_route=%2Fwp%2Fv2%2Fcomments&post=40110"}],"version-history":[{"count":1,"href":"https:\/\/informativoelvalledeaguascalientes.online\/index.php?rest_route=\/wp\/v2\/posts\/40110\/revisions"}],"predecessor-version":[{"id":40112,"href":"https:\/\/informativoelvalledeaguascalientes.online\/index.php?rest_route=\/wp\/v2\/posts\/40110\/revisions\/40112"}],"wp:featuredmedia":[{"embeddable":true,"href":"https:\/\/informativoelvalledeaguascalientes.online\/index.php?rest_route=\/wp\/v2\/media\/40111"}],"wp:attachment":[{"href":"https:\/\/informativoelvalledeaguascalientes.online\/index.php?rest_route=%2Fwp%2Fv2%2Fmedia&parent=40110"}],"wp:term":[{"taxonomy":"category","embeddable":true,"href":"https:\/\/informativoelvalledeaguascalientes.online\/index.php?rest_route=%2Fwp%2Fv2%2Fcategories&post=40110"},{"taxonomy":"post_tag","embeddable":true,"href":"https:\/\/informativoelvalledeaguascalientes.online\/index.php?rest_route=%2Fwp%2Fv2%2Ftags&post=40110"}],"curies":[{"name":"wp","href":"https:\/\/api.w.org\/{rel}","templated":true}]}}