{"id":40104,"date":"2023-02-06T20:22:24","date_gmt":"2023-02-07T02:22:24","guid":{"rendered":"https:\/\/informativoelvalledeaguascalientes.online\/?p=40104"},"modified":"2023-02-06T20:22:24","modified_gmt":"2023-02-07T02:22:24","slug":"avanza-municipio-aguascalientes-en-el-proyecto-de-readecuacion-de-la-linea-de-fuego-poniente","status":"publish","type":"post","link":"https:\/\/informativoelvalledeaguascalientes.online\/?p=40104","title":{"rendered":"AVANZA MUNICIPIO AGUASCALIENTES EN EL PROYECTO DE READECUACI\u00d3N DE LA L\u00cdNEA DE FUEGO PONIENTE"},"content":{"rendered":"<p><strong><a href=\"https:\/\/www.facebook.com\/hashtag\/informativoelvalledeaguascalientes\">#informativoelvalledeaguascalientes<\/a><\/strong><\/p>\n<p><strong><a href=\"https:\/\/www.facebook.com\/hashtag\/novaradioaguascalientes\">#novaradioaguascalientes<\/a><\/strong><\/p>\n<p><strong><a class=\"x1i10hfl xjbqb8w x6umtig x1b1mbwd xaqea5y xav7gou x9f619 x1ypdohk xt0psk2 xe8uvvx xdj266r x11i5rnm xat24cr x1mh8g0r xexx8yu x4uap5 x18d9i69 xkhd6sd x16tdsg8 x1hl2dhg xggy1nq x1a2a7pz xt0b8zv x1qq9wsj xo1l8bm\" tabindex=\"0\" role=\"link\" href=\"https:\/\/www.facebook.com\/hashtag\/laciudaddetuvida?__eep__=6&amp;__cft__[0]=AZVUzG-uzEgkHBxlWi4clX4-qXx_nfGicugdShvx3oYxvDeUIl1My5bfFXiXTmVU7O9FCNwHdVuQiVqIjO99-u7dxeUq1S3CqcB1PNpBXLQtm-Q1JLiRFFX8c4SEMe3VqRRgSs9kS8-Ajp6HnW6ebLd3GeB3j-SCsEGrTUVXz1WdbDeQs8bs0Dry33nLaV6fVU4&amp;__tn__=*NK-R\">#LaCiudadDeTuVida<\/a><\/strong><\/p>\n<p>&nbsp;<\/p>\n<p>&nbsp;<\/p>\n<ul>\n<li><strong>Regidores aprobaron la adquisici\u00f3n de locales en dicho espacio; reiteran colaboraci\u00f3n con el IEA a favor de la mejora de planteles escolares<\/strong><\/li>\n<\/ul>\n<p>En sesi\u00f3n ordinaria de la Comisi\u00f3n Permanente de Gobernaci\u00f3n, presidida por la regidora\u00a0<strong>Edith Citlalli Rodr\u00edguez Gonz\u00e1lez<\/strong>, se trabaj\u00f3 en el destino de algunos bienes inmuebles municipales, as\u00ed como la adquisici\u00f3n de algunos predios ubicados al poniente de la ciudad con el objetivo de hacer una intervenci\u00f3n y readecuaci\u00f3n a favor de la ciudadan\u00eda, con un mejor entorno urbano y social.<\/p>\n<p>Para el H. Ayuntamiento es de suma importancia que la ciudadan\u00eda cuente con espacios dignos y seguros, por lo que la Comisi\u00f3n vot\u00f3 por unanimidad la aprobaci\u00f3n del dictamen que aprueba la compra de nueve locales ubicados en el desarrollo especial nueva l\u00ednea de fuego.<\/p>\n<p>La regidora mencion\u00f3 que la finalidad de adquirirlos, es demolerlos y sanear el \u00e1rea; agreg\u00f3 que es un tema que preocupa desde hace a\u00f1os, pues la meta inicial de crear un mercado y reubicar a algunos comerciantes no se concret\u00f3 y el lugar se transform\u00f3 en una zona de riesgo; ahora lo imperante es recuperar el lugar para que posteriormente se lleve a cabo un proyecto adecuado a las necesidades de los habitantes de las colonias aleda\u00f1as.<\/p>\n<p>Por otra parte,\u00a0<strong>Citlalli Rodr\u00edguez<\/strong>, indic\u00f3 que, se sigue colaborando con el Instituto de Educaci\u00f3n de Aguascalientes (IEA) en la regularizaci\u00f3n de predios municipales a favor de las escuelas. En este sentido resalt\u00f3 la aprobaci\u00f3n por parte de la Comisi\u00f3n del dictamen para la revocaci\u00f3n y posterior donaci\u00f3n condicionada de tres predios al oriente de la ciudad, donde el IEA trabajar\u00e1 en conjunto con el CONALEP para la construir un nuevo plantel.<\/p>\n<p>En otros temas,\u00a0<strong>Jaime Gallo Camacho<\/strong>, secretario de Desarrollo Urbano, expuso sobre el estatus de algunos bienes inmuebles en comodato y\u00a0<strong>Antonio Mart\u00ednez Romo<\/strong>, secretario de Seguridad P\u00fablica Municipal, acord\u00f3 con los regidores presentes realizar un recorrido por diversos m\u00f3dulos de polic\u00eda.<\/p>\n<p>Al respecto las regidoras\u00a0<strong>Dolores Verd\u00edn Almanza, Patricia Garc\u00eda Garc\u00eda, Jaqueline Azcona Ram\u00edrez<\/strong>\u00a0y los s\u00edndicos\u00a0<strong>Martha Gonz\u00e1lez Estrada y Hugo Aguilera Cordero<\/strong>, estuvieron de acuerdo en sumar a la gira los salones de usos m\u00faltiples y parques, y hacer part\u00edcipes a los titulares de las dependencias correspondientes.<\/p>\n","protected":false},"excerpt":{"rendered":"<p>#informativoelvalledeaguascalientes #novaradioaguascalientes #LaCiudadDeTuVida &nbsp; &nbsp; Regidores aprobaron la adquisici\u00f3n de locales en dicho espacio; reiteran colaboraci\u00f3n con el IEA a favor de la mejora de planteles escolares En sesi\u00f3n ordinaria de la Comisi\u00f3n Permanente de Gobernaci\u00f3n, presidida por la regidora\u00a0Edith Citlalli Rodr\u00edguez Gonz\u00e1lez, se trabaj\u00f3 en el destino de algunos bienes inmuebles municipales, as\u00ed como [&hellip;]<\/p>\n","protected":false},"author":1,"featured_media":40105,"comment_status":"closed","ping_status":"open","sticky":false,"template":"","format":"standard","meta":{"advanced_seo_description":"","jetpack_seo_html_title":"","jetpack_seo_noindex":false,"_jetpack_memberships_contains_paid_content":false,"footnotes":"","jetpack_publicize_message":"","jetpack_publicize_feature_enabled":true,"jetpack_social_post_already_shared":true,"jetpack_social_options":{"image_generator_settings":{"template":"highway","default_image_id":0,"font":"","enabled":false},"version":2}},"categories":[21,3],"tags":[22,25],"class_list":["post-40104","post","type-post","status-publish","format-standard","has-post-thumbnail","hentry","category-aguascalientes","category-municipio-aguascalientes","tag-aguascalientes","tag-mpio-aguascalientes"],"jetpack_publicize_connections":[],"jetpack_featured_media_url":"https:\/\/i0.wp.com\/informativoelvalledeaguascalientes.online\/wp-content\/uploads\/2023\/02\/mpio-ags-regidores.jpg?fit=2560%2C1844&ssl=1","jetpack-related-posts":[],"jetpack_sharing_enabled":true,"jetpack_likes_enabled":true,"_links":{"self":[{"href":"https:\/\/informativoelvalledeaguascalientes.online\/index.php?rest_route=\/wp\/v2\/posts\/40104","targetHints":{"allow":["GET"]}}],"collection":[{"href":"https:\/\/informativoelvalledeaguascalientes.online\/index.php?rest_route=\/wp\/v2\/posts"}],"about":[{"href":"https:\/\/informativoelvalledeaguascalientes.online\/index.php?rest_route=\/wp\/v2\/types\/post"}],"author":[{"embeddable":true,"href":"https:\/\/informativoelvalledeaguascalientes.online\/index.php?rest_route=\/wp\/v2\/users\/1"}],"replies":[{"embeddable":true,"href":"https:\/\/informativoelvalledeaguascalientes.online\/index.php?rest_route=%2Fwp%2Fv2%2Fcomments&post=40104"}],"version-history":[{"count":1,"href":"https:\/\/informativoelvalledeaguascalientes.online\/index.php?rest_route=\/wp\/v2\/posts\/40104\/revisions"}],"predecessor-version":[{"id":40106,"href":"https:\/\/informativoelvalledeaguascalientes.online\/index.php?rest_route=\/wp\/v2\/posts\/40104\/revisions\/40106"}],"wp:featuredmedia":[{"embeddable":true,"href":"https:\/\/informativoelvalledeaguascalientes.online\/index.php?rest_route=\/wp\/v2\/media\/40105"}],"wp:attachment":[{"href":"https:\/\/informativoelvalledeaguascalientes.online\/index.php?rest_route=%2Fwp%2Fv2%2Fmedia&parent=40104"}],"wp:term":[{"taxonomy":"category","embeddable":true,"href":"https:\/\/informativoelvalledeaguascalientes.online\/index.php?rest_route=%2Fwp%2Fv2%2Fcategories&post=40104"},{"taxonomy":"post_tag","embeddable":true,"href":"https:\/\/informativoelvalledeaguascalientes.online\/index.php?rest_route=%2Fwp%2Fv2%2Ftags&post=40104"}],"curies":[{"name":"wp","href":"https:\/\/api.w.org\/{rel}","templated":true}]}}