{"id":40094,"date":"2023-02-06T20:07:01","date_gmt":"2023-02-07T02:07:01","guid":{"rendered":"https:\/\/informativoelvalledeaguascalientes.online\/?p=40094"},"modified":"2023-02-06T20:07:01","modified_gmt":"2023-02-07T02:07:01","slug":"impulsa-municipio-aguascalientes-actividades-con-padres-de-familia-para-prevenir-el-maltrato-infantil","status":"publish","type":"post","link":"https:\/\/informativoelvalledeaguascalientes.online\/?p=40094","title":{"rendered":"IMPULSA MUNICIPIO AGUASCALIENTES ACTIVIDADES CON PADRES DE FAMILIA PARA PREVENIR EL MALTRATO INFANTIL"},"content":{"rendered":"<p><strong><a href=\"https:\/\/www.facebook.com\/hashtag\/informativoelvalledeaguascalientes\">#informativoelvalledeaguascalientes<\/a><\/strong><\/p>\n<p><strong><a href=\"https:\/\/www.facebook.com\/hashtag\/novaradioaguascalientes\">#novaradioaguascalientes<\/a><\/strong><\/p>\n<p><strong><a class=\"x1i10hfl xjbqb8w x6umtig x1b1mbwd xaqea5y xav7gou x9f619 x1ypdohk xt0psk2 xe8uvvx xdj266r x11i5rnm xat24cr x1mh8g0r xexx8yu x4uap5 x18d9i69 xkhd6sd x16tdsg8 x1hl2dhg xggy1nq x1a2a7pz xt0b8zv x1qq9wsj xo1l8bm\" tabindex=\"0\" role=\"link\" href=\"https:\/\/www.facebook.com\/hashtag\/laciudaddetuvida?__eep__=6&amp;__cft__[0]=AZVUzG-uzEgkHBxlWi4clX4-qXx_nfGicugdShvx3oYxvDeUIl1My5bfFXiXTmVU7O9FCNwHdVuQiVqIjO99-u7dxeUq1S3CqcB1PNpBXLQtm-Q1JLiRFFX8c4SEMe3VqRRgSs9kS8-Ajp6HnW6ebLd3GeB3j-SCsEGrTUVXz1WdbDeQs8bs0Dry33nLaV6fVU4&amp;__tn__=*NK-R\">#LaCiudadDeTuVida<\/a><\/strong><\/p>\n<p>&nbsp;<\/p>\n<p>&nbsp;<\/p>\n<ul>\n<li><strong>Personal de los Centros de Infancia Feliz brindan capacitaci\u00f3n a padres de familia y maestros\u00a0<\/strong><\/li>\n<\/ul>\n<p>De acuerdo a las pol\u00edticas p\u00fablicas del presidente municipal,\u00a0<strong>Leo Monta\u00f1ez<\/strong>\u00a0para fomentar una mejor salud emocional y con el objetivo de combatir el maltrato infantil, personal de los Centros de Infancia Feliz, denominados \u201cPaquipillis\u201d del Instituto Municipal de Salud Mental (Imasam), visitan escuelas para brindar capacitaci\u00f3n a padres de familia y a maestros para sensibilizarlos respecto a este importante tema, adem\u00e1s de darles herramientas para su erradicaci\u00f3n.<\/p>\n<p><strong>Brenda Barrientos Delgado<\/strong>, directora general del Imasam refrend\u00f3 el compromiso del presidente municipal\u00a0para fortalecer las acciones en favor de la prevenci\u00f3n, por lo que en esta administraci\u00f3n se ha dado impulso al programa \u201cAprendo a Cuidarme\u201d para que tanto padres de familia y maestros participen, pues son ellos el primer contacto con los menores. Con estas acciones, indic\u00f3, se identifica el maltrato infantil, se visibiliza para erradicarlo y se previene que se repita.<\/p>\n<p>Indic\u00f3 que se da asesor\u00eda de c\u00f3mo abordar las emociones de los peque\u00f1os de entre 4 y 5 a\u00f1os de edad; adem\u00e1s invit\u00f3 a la poblaci\u00f3n para acercarse a las oficinas del Imasam, ubicado en avenida Poliducto s\/n, fraccionamiento Mujeres Ilustres,\u00a0 de 8:00 a 14:00 horas para menores de edad y de 8:00 a 20:00 horas para adultos; para mayor informaci\u00f3n se pone a disposici\u00f3n el tel\u00e9fono 449 968 4503.<\/p>\n","protected":false},"excerpt":{"rendered":"<p>#informativoelvalledeaguascalientes #novaradioaguascalientes #LaCiudadDeTuVida &nbsp; &nbsp; Personal de los Centros de Infancia Feliz brindan capacitaci\u00f3n a padres de familia y maestros\u00a0 De acuerdo a las pol\u00edticas p\u00fablicas del presidente municipal,\u00a0Leo Monta\u00f1ez\u00a0para fomentar una mejor salud emocional y con el objetivo de combatir el maltrato infantil, personal de los Centros de Infancia Feliz, denominados \u201cPaquipillis\u201d del Instituto [&hellip;]<\/p>\n","protected":false},"author":1,"featured_media":40095,"comment_status":"closed","ping_status":"open","sticky":false,"template":"","format":"standard","meta":{"advanced_seo_description":"","jetpack_seo_html_title":"","jetpack_seo_noindex":false,"_jetpack_memberships_contains_paid_content":false,"footnotes":"","jetpack_publicize_message":"","jetpack_publicize_feature_enabled":true,"jetpack_social_post_already_shared":true,"jetpack_social_options":{"image_generator_settings":{"template":"highway","default_image_id":0,"font":"","enabled":false},"version":2}},"categories":[21,3],"tags":[22,72],"class_list":["post-40094","post","type-post","status-publish","format-standard","has-post-thumbnail","hentry","category-aguascalientes","category-municipio-aguascalientes","tag-aguascalientes","tag-mpio-aguascalientes-dif"],"jetpack_publicize_connections":[],"jetpack_featured_media_url":"https:\/\/i0.wp.com\/informativoelvalledeaguascalientes.online\/wp-content\/uploads\/2023\/02\/mpio-ags-dif-maltrato.jpg?fit=1280%2C960&ssl=1","jetpack-related-posts":[],"jetpack_sharing_enabled":true,"jetpack_likes_enabled":true,"_links":{"self":[{"href":"https:\/\/informativoelvalledeaguascalientes.online\/index.php?rest_route=\/wp\/v2\/posts\/40094","targetHints":{"allow":["GET"]}}],"collection":[{"href":"https:\/\/informativoelvalledeaguascalientes.online\/index.php?rest_route=\/wp\/v2\/posts"}],"about":[{"href":"https:\/\/informativoelvalledeaguascalientes.online\/index.php?rest_route=\/wp\/v2\/types\/post"}],"author":[{"embeddable":true,"href":"https:\/\/informativoelvalledeaguascalientes.online\/index.php?rest_route=\/wp\/v2\/users\/1"}],"replies":[{"embeddable":true,"href":"https:\/\/informativoelvalledeaguascalientes.online\/index.php?rest_route=%2Fwp%2Fv2%2Fcomments&post=40094"}],"version-history":[{"count":1,"href":"https:\/\/informativoelvalledeaguascalientes.online\/index.php?rest_route=\/wp\/v2\/posts\/40094\/revisions"}],"predecessor-version":[{"id":40096,"href":"https:\/\/informativoelvalledeaguascalientes.online\/index.php?rest_route=\/wp\/v2\/posts\/40094\/revisions\/40096"}],"wp:featuredmedia":[{"embeddable":true,"href":"https:\/\/informativoelvalledeaguascalientes.online\/index.php?rest_route=\/wp\/v2\/media\/40095"}],"wp:attachment":[{"href":"https:\/\/informativoelvalledeaguascalientes.online\/index.php?rest_route=%2Fwp%2Fv2%2Fmedia&parent=40094"}],"wp:term":[{"taxonomy":"category","embeddable":true,"href":"https:\/\/informativoelvalledeaguascalientes.online\/index.php?rest_route=%2Fwp%2Fv2%2Fcategories&post=40094"},{"taxonomy":"post_tag","embeddable":true,"href":"https:\/\/informativoelvalledeaguascalientes.online\/index.php?rest_route=%2Fwp%2Fv2%2Ftags&post=40094"}],"curies":[{"name":"wp","href":"https:\/\/api.w.org\/{rel}","templated":true}]}}