{"id":40078,"date":"2023-02-06T18:05:49","date_gmt":"2023-02-07T00:05:49","guid":{"rendered":"https:\/\/informativoelvalledeaguascalientes.online\/?p=40078"},"modified":"2023-02-06T18:05:59","modified_gmt":"2023-02-07T00:05:59","slug":"se-llevoa-cabo-este-domingo-el-%f0%9d%9f%b0%f0%9d%98%81%f0%9d%97%bc-%f0%9d%97%99%f0%9d%97%b2%f0%9d%98%80%f0%9d%98%81%f0%9d%97%b6%f0%9d%98%83%f0%9d%97%ae%f0%9d%97%b9-%f0%9d%97%b1%f0%9d%97%b2","status":"publish","type":"post","link":"https:\/\/informativoelvalledeaguascalientes.online\/?p=40078","title":{"rendered":"Se llev\u00f3 a cabo este domingo el \ud835\udff0\ud835\ude01\ud835\uddfc \ud835\uddd9\ud835\uddf2\ud835\ude00\ud835\ude01\ud835\uddf6\ud835\ude03\ud835\uddee\ud835\uddf9 \ud835\uddf1\ud835\uddf2\ud835\uddf9 \ud835\udde7\ud835\uddee\ud835\uddfa\ud835\uddee\ud835\uddf9 \ud835\ude06 \ud835\uddf2\ud835\uddf9 \ud835\uddd4\ud835\ude01\ud835\uddfc\ud835\uddf9\ud835\uddf2 \ud835\udfee\ud835\udfec\ud835\udfee\ud835\udfef en #CalvilloPuebloM\u00e1gico."},"content":{"rendered":"<p><strong><a href=\"https:\/\/www.facebook.com\/hashtag\/informativoelvalledeaguascalientes\">#informativoelvalledeaguascalientes<\/a><\/strong><\/p>\n<p><strong><a href=\"https:\/\/www.facebook.com\/hashtag\/novaradioaguascalientes\">#novaradioaguascalientes<\/a><\/strong><\/p>\n<p>&nbsp;<\/p>\n<p>El Gobierno de Calvillo a trav\u00e9s de la Secretar\u00eda de Turismo y Cultura llevaron a cabo este domingo el \ud835\udff0\ud835\ude01\ud835\uddfc \ud835\uddd9\ud835\uddf2\ud835\ude00\ud835\ude01\ud835\uddf6\ud835\ude03\ud835\uddee\ud835\uddf9 \ud835\uddf1\ud835\uddf2\ud835\uddf9 \ud835\udde7\ud835\uddee\ud835\uddfa\ud835\uddee\ud835\uddf9 \ud835\ude06 \ud835\uddf2\ud835\uddf9 \ud835\uddd4\ud835\ude01\ud835\uddfc\ud835\uddf9\ud835\uddf2 \ud835\udfee\ud835\udfec\ud835\udfee\ud835\udfef en #CalvilloPuebloM\u00e1gico.<\/p>\n<p>En la inauguraci\u00f3n del festival se cont\u00f3 con la presencia de las \ud835\udc6a\ud835\udc82\ud835\udc8f\ud835\udc85\ud835\udc8a\ud835\udc85\ud835\udc82\ud835\udc95\ud835\udc82\ud835\udc94 \ud835\udc82 \ud835\udc79\ud835\udc86\ud835\udc8a\ud835\udc8f\ud835\udc82 \ud835\udc85\ud835\udc86 \ud835\udc8d\ud835\udc82 \ud835\udc6d\ud835\udc86\ud835\udc93\ud835\udc8a\ud835\udc82 \ud835\udc75\ud835\udc82\ud835\udc84\ud835\udc8a\ud835\udc90\ud835\udc8f\ud835\udc82\ud835\udc8d \ud835\udc85\ud835\udc86 \ud835\udc7a\ud835\udc82\ud835\udc8f \ud835\udc74\ud835\udc82\ud835\udc93\ud835\udc84\ud835\udc90\ud835\udc94 2023.<\/p>\n<p>Dentro del programa de este festival se present\u00f3 una gran variedad de tamales y atoles con el toque \u00fanico de nuestro pueblo, as\u00ed mismo se realiz\u00f3 el concurso del Mejor Tamal de Calvillo en el que las y los participantes pusieron su toque personal.<\/p>\n<p>\u00a1Felicidades a las ganadoras!<\/p>\n<p>\ud83e\udd47Mar\u00eda Aurelia Serna<\/p>\n<p>\ud83e\udd48Ma Guadalupe Serna Ortiz<\/p>\n<p>\ud83e\udd49Cecilia Mabel Mart\u00ednez Villagr\u00e1n<\/p>\n<p>#TierraQueTrasciende<\/p>\n","protected":false},"excerpt":{"rendered":"<p>#informativoelvalledeaguascalientes #novaradioaguascalientes &nbsp; El Gobierno de Calvillo a trav\u00e9s de la Secretar\u00eda de Turismo y Cultura llevaron a cabo este domingo el \ud835\udff0\ud835\ude01\ud835\uddfc \ud835\uddd9\ud835\uddf2\ud835\ude00\ud835\ude01\ud835\uddf6\ud835\ude03\ud835\uddee\ud835\uddf9 \ud835\uddf1\ud835\uddf2\ud835\uddf9 \ud835\udde7\ud835\uddee\ud835\uddfa\ud835\uddee\ud835\uddf9 \ud835\ude06 \ud835\uddf2\ud835\uddf9 \ud835\uddd4\ud835\ude01\ud835\uddfc\ud835\uddf9\ud835\uddf2 \ud835\udfee\ud835\udfec\ud835\udfee\ud835\udfef en #CalvilloPuebloM\u00e1gico. En la inauguraci\u00f3n del festival se cont\u00f3 con la presencia de las \ud835\udc6a\ud835\udc82\ud835\udc8f\ud835\udc85\ud835\udc8a\ud835\udc85\ud835\udc82\ud835\udc95\ud835\udc82\ud835\udc94 \ud835\udc82 \ud835\udc79\ud835\udc86\ud835\udc8a\ud835\udc8f\ud835\udc82 \ud835\udc85\ud835\udc86 \ud835\udc8d\ud835\udc82 \ud835\udc6d\ud835\udc86\ud835\udc93\ud835\udc8a\ud835\udc82 \ud835\udc75\ud835\udc82\ud835\udc84\ud835\udc8a\ud835\udc90\ud835\udc8f\ud835\udc82\ud835\udc8d \ud835\udc85\ud835\udc86 \ud835\udc7a\ud835\udc82\ud835\udc8f \ud835\udc74\ud835\udc82\ud835\udc93\ud835\udc84\ud835\udc90\ud835\udc94 2023. [&hellip;]<\/p>\n","protected":false},"author":1,"featured_media":40079,"comment_status":"closed","ping_status":"open","sticky":false,"template":"","format":"standard","meta":{"advanced_seo_description":"","jetpack_seo_html_title":"","jetpack_seo_noindex":false,"_jetpack_memberships_contains_paid_content":false,"footnotes":"","jetpack_publicize_message":"","jetpack_publicize_feature_enabled":true,"jetpack_social_post_already_shared":true,"jetpack_social_options":{"image_generator_settings":{"template":"highway","default_image_id":0,"font":"","enabled":false},"version":2}},"categories":[21,13],"tags":[88,29],"class_list":["post-40078","post","type-post","status-publish","format-standard","has-post-thumbnail","hentry","category-aguascalientes","category-calvillo-aguascalientes","tag-calvillo","tag-calvillo-aguascalientes"],"jetpack_publicize_connections":[],"jetpack_featured_media_url":"https:\/\/i0.wp.com\/informativoelvalledeaguascalientes.online\/wp-content\/uploads\/2023\/02\/calvillo-tamales.jpg?fit=1600%2C1066&ssl=1","jetpack-related-posts":[],"jetpack_sharing_enabled":true,"jetpack_likes_enabled":true,"_links":{"self":[{"href":"https:\/\/informativoelvalledeaguascalientes.online\/index.php?rest_route=\/wp\/v2\/posts\/40078","targetHints":{"allow":["GET"]}}],"collection":[{"href":"https:\/\/informativoelvalledeaguascalientes.online\/index.php?rest_route=\/wp\/v2\/posts"}],"about":[{"href":"https:\/\/informativoelvalledeaguascalientes.online\/index.php?rest_route=\/wp\/v2\/types\/post"}],"author":[{"embeddable":true,"href":"https:\/\/informativoelvalledeaguascalientes.online\/index.php?rest_route=\/wp\/v2\/users\/1"}],"replies":[{"embeddable":true,"href":"https:\/\/informativoelvalledeaguascalientes.online\/index.php?rest_route=%2Fwp%2Fv2%2Fcomments&post=40078"}],"version-history":[{"count":2,"href":"https:\/\/informativoelvalledeaguascalientes.online\/index.php?rest_route=\/wp\/v2\/posts\/40078\/revisions"}],"predecessor-version":[{"id":40081,"href":"https:\/\/informativoelvalledeaguascalientes.online\/index.php?rest_route=\/wp\/v2\/posts\/40078\/revisions\/40081"}],"wp:featuredmedia":[{"embeddable":true,"href":"https:\/\/informativoelvalledeaguascalientes.online\/index.php?rest_route=\/wp\/v2\/media\/40079"}],"wp:attachment":[{"href":"https:\/\/informativoelvalledeaguascalientes.online\/index.php?rest_route=%2Fwp%2Fv2%2Fmedia&parent=40078"}],"wp:term":[{"taxonomy":"category","embeddable":true,"href":"https:\/\/informativoelvalledeaguascalientes.online\/index.php?rest_route=%2Fwp%2Fv2%2Fcategories&post=40078"},{"taxonomy":"post_tag","embeddable":true,"href":"https:\/\/informativoelvalledeaguascalientes.online\/index.php?rest_route=%2Fwp%2Fv2%2Ftags&post=40078"}],"curies":[{"name":"wp","href":"https:\/\/api.w.org\/{rel}","templated":true}]}}