{"id":40056,"date":"2023-02-04T22:58:00","date_gmt":"2023-02-05T04:58:00","guid":{"rendered":"https:\/\/informativoelvalledeaguascalientes.online\/?p=40056"},"modified":"2023-02-04T22:58:00","modified_gmt":"2023-02-05T04:58:00","slug":"respalda-leo-montanez-la-conformacion-de-la-comision-de-la-zona-metropolitana-de-aguascalientes","status":"publish","type":"post","link":"https:\/\/informativoelvalledeaguascalientes.online\/?p=40056","title":{"rendered":"RESPALDA LEO MONTA\u00d1EZ LA CONFORMACI\u00d3N DE LA COMISI\u00d3N DE LA ZONA METROPOLITANA DE AGUASCALIENTES"},"content":{"rendered":"<p>El presidente municipal,\u00a0<strong>Leo Monta\u00f1ez<\/strong>\u00a0asisti\u00f3 al inicio de los trabajos para la conformaci\u00f3n de la Comisi\u00f3n de la Zona Metropolitana de Aguascalientes donde la gobernadora del estado,\u00a0<strong>Tere Jim\u00e9nez<\/strong>\u00a0convoc\u00f3 a los alcaldes que conforman esta \u00e1rea conurbada,\u00a0 \u00a0 \u00a0 \u00a0 \u00a0 \u00a0 \u00a0 \u00a0 \u00a0 \u00a0 \u00a0 \u00a0 \u00a0 -Aguascalientes, Jes\u00fas Mar\u00eda y San Francisco de los Romo-, a trabajar de manera coordinada con el Gobierno del Estado, los legisladores federales y locales, con los colegios y la sociedad civil para la creaci\u00f3n de pol\u00edticas p\u00fablicas, a favor del crecimiento ordenado de esta zona para garantizar a la poblaci\u00f3n una mejor calidad de vida.<\/p>\n<p><strong>Leo Monta\u00f1ez<\/strong>\u00a0asegur\u00f3 que el municipio de Aguascalientes participar\u00e1 de una manera decidida para establecer una agenda com\u00fan que atienda la problem\u00e1tica ambiental, econ\u00f3mica y social que caracteriza a esta \u00e1rea conurbada, por medio de estrategias de planeaci\u00f3n metropolitana a largo plazo dada la din\u00e1mica demogr\u00e1fica por la migraci\u00f3n que se ha registrado en esta zona.<\/p>\n<p>Asegur\u00f3 que bajo el liderazgo de la gobernadora,\u00a0<strong>Tere Jim\u00e9nez<\/strong>\u00a0esta iniciativa llega en el momento oportuno para que Aguascalientes siga siendo ejemplo a nivel nacional.<\/p>\n","protected":false},"excerpt":{"rendered":"<p>El presidente municipal,\u00a0Leo Monta\u00f1ez\u00a0asisti\u00f3 al inicio de los trabajos para la conformaci\u00f3n de la Comisi\u00f3n de la Zona Metropolitana de Aguascalientes donde la gobernadora del estado,\u00a0Tere Jim\u00e9nez\u00a0convoc\u00f3 a los alcaldes que conforman esta \u00e1rea conurbada,\u00a0 \u00a0 \u00a0 \u00a0 \u00a0 \u00a0 \u00a0 \u00a0 \u00a0 \u00a0 \u00a0 \u00a0 \u00a0 -Aguascalientes, Jes\u00fas Mar\u00eda y San Francisco de los [&hellip;]<\/p>\n","protected":false},"author":1,"featured_media":40060,"comment_status":"closed","ping_status":"open","sticky":false,"template":"","format":"standard","meta":{"advanced_seo_description":"","jetpack_seo_html_title":"","jetpack_seo_noindex":false,"_jetpack_memberships_contains_paid_content":false,"footnotes":"","jetpack_publicize_message":"","jetpack_publicize_feature_enabled":true,"jetpack_social_post_already_shared":true,"jetpack_social_options":{"image_generator_settings":{"template":"highway","default_image_id":0,"font":"","enabled":false},"version":2}},"categories":[21,3],"tags":[22,25],"class_list":["post-40056","post","type-post","status-publish","format-standard","has-post-thumbnail","hentry","category-aguascalientes","category-municipio-aguascalientes","tag-aguascalientes","tag-mpio-aguascalientes"],"jetpack_publicize_connections":[],"jetpack_featured_media_url":"https:\/\/i0.wp.com\/informativoelvalledeaguascalientes.online\/wp-content\/uploads\/2023\/02\/IMG_6703-1.jpg?fit=1549%2C1027&ssl=1","jetpack-related-posts":[],"jetpack_sharing_enabled":true,"jetpack_likes_enabled":true,"_links":{"self":[{"href":"https:\/\/informativoelvalledeaguascalientes.online\/index.php?rest_route=\/wp\/v2\/posts\/40056","targetHints":{"allow":["GET"]}}],"collection":[{"href":"https:\/\/informativoelvalledeaguascalientes.online\/index.php?rest_route=\/wp\/v2\/posts"}],"about":[{"href":"https:\/\/informativoelvalledeaguascalientes.online\/index.php?rest_route=\/wp\/v2\/types\/post"}],"author":[{"embeddable":true,"href":"https:\/\/informativoelvalledeaguascalientes.online\/index.php?rest_route=\/wp\/v2\/users\/1"}],"replies":[{"embeddable":true,"href":"https:\/\/informativoelvalledeaguascalientes.online\/index.php?rest_route=%2Fwp%2Fv2%2Fcomments&post=40056"}],"version-history":[{"count":1,"href":"https:\/\/informativoelvalledeaguascalientes.online\/index.php?rest_route=\/wp\/v2\/posts\/40056\/revisions"}],"predecessor-version":[{"id":40061,"href":"https:\/\/informativoelvalledeaguascalientes.online\/index.php?rest_route=\/wp\/v2\/posts\/40056\/revisions\/40061"}],"wp:featuredmedia":[{"embeddable":true,"href":"https:\/\/informativoelvalledeaguascalientes.online\/index.php?rest_route=\/wp\/v2\/media\/40060"}],"wp:attachment":[{"href":"https:\/\/informativoelvalledeaguascalientes.online\/index.php?rest_route=%2Fwp%2Fv2%2Fmedia&parent=40056"}],"wp:term":[{"taxonomy":"category","embeddable":true,"href":"https:\/\/informativoelvalledeaguascalientes.online\/index.php?rest_route=%2Fwp%2Fv2%2Fcategories&post=40056"},{"taxonomy":"post_tag","embeddable":true,"href":"https:\/\/informativoelvalledeaguascalientes.online\/index.php?rest_route=%2Fwp%2Fv2%2Ftags&post=40056"}],"curies":[{"name":"wp","href":"https:\/\/api.w.org\/{rel}","templated":true}]}}