{"id":40048,"date":"2023-02-04T22:21:27","date_gmt":"2023-02-05T04:21:27","guid":{"rendered":"https:\/\/informativoelvalledeaguascalientes.online\/?p=40048"},"modified":"2023-02-04T22:21:27","modified_gmt":"2023-02-05T04:21:27","slug":"se-llevo-a-cabo-en-calvillo-el-programa-los-suenos-se-construyen-en-el-aula","status":"publish","type":"post","link":"https:\/\/informativoelvalledeaguascalientes.online\/?p=40048","title":{"rendered":"Se llev\u00f3 a cabo en Calvillo el programa &#8220;los sue\u00f1os se construyen en el aula&#8221;"},"content":{"rendered":"<p><strong><a href=\"https:\/\/www.facebook.com\/hashtag\/informativoelvalledeaguascalientes\">#informativoelvalledeaguascalientes<\/a> <\/strong><\/p>\n<p><strong><a href=\"https:\/\/www.facebook.com\/hashtag\/novaradioaguascalientes\">#novaradioaguascalientes<\/a><\/strong><\/p>\n<p><strong><a href=\"https:\/\/www.facebook.com\/GobiernodeAguascalientes\">#ElGiganteDeMexico<\/a><\/strong><\/p>\n<p>\ud83d\ude4b\ud83c\udffb\u200d\u2642\ufe0f\ud83c\udf92\ud83d\udcda El Gobierno de Calvillo en coordinaci\u00f3n con el Gobierno del Estado de Aguascalientes y a trav\u00e9s del Instituto de Educaci\u00f3n del Estado de Aguascalientes llev\u00f3 a cabo en Calvillo el programa &#8220;los sue\u00f1os se construyen en el aula&#8221; mediante el cual se suman esfuerzos para combatir la deserci\u00f3n escolar y reforzar los aprendizajes tras la \u00e9poca de la pandemia del COVID-19.<\/p>\n<p>Daniel Romo Urrutia agradeci\u00f3 la visi\u00f3n y el compromiso de la Gobernadora Tere Jim\u00e9nez con la educaci\u00f3n, de igual manera reconoci\u00f3 el trabajo que Lorena Mart\u00ednez realiza para nivelar y reforzar los conocimientos de las y los estudiantes.<\/p>\n<p>Mediante este programa se pretende lograr una educaci\u00f3n de calidad, inclusiva y global mediante la generaci\u00f3n de herramientas y recursos para que las y los docentes potencialicen los aprendizajes de las y los alumnos en las aulas y se logre combatir el rezago escolar en nuestro municipio.<\/p>\n","protected":false},"excerpt":{"rendered":"<p>#informativoelvalledeaguascalientes #novaradioaguascalientes #ElGiganteDeMexico \ud83d\ude4b\ud83c\udffb\u200d\u2642\ufe0f\ud83c\udf92\ud83d\udcda El Gobierno de Calvillo en coordinaci\u00f3n con el Gobierno del Estado de Aguascalientes y a trav\u00e9s del Instituto de Educaci\u00f3n del Estado de Aguascalientes llev\u00f3 a cabo en Calvillo el programa &#8220;los sue\u00f1os se construyen en el aula&#8221; mediante el cual se suman esfuerzos para combatir la deserci\u00f3n escolar y reforzar [&hellip;]<\/p>\n","protected":false},"author":1,"featured_media":40049,"comment_status":"closed","ping_status":"open","sticky":false,"template":"","format":"standard","meta":{"advanced_seo_description":"","jetpack_seo_html_title":"","jetpack_seo_noindex":false,"_jetpack_memberships_contains_paid_content":false,"footnotes":"","jetpack_publicize_message":"","jetpack_publicize_feature_enabled":true,"jetpack_social_post_already_shared":true,"jetpack_social_options":{"image_generator_settings":{"template":"highway","default_image_id":0,"font":"","enabled":false},"version":2}},"categories":[21,13,4],"tags":[22,88,29,161,39],"class_list":["post-40048","post","type-post","status-publish","format-standard","has-post-thumbnail","hentry","category-aguascalientes","category-calvillo-aguascalientes","category-gobierno-del-estado-aguascalientes","tag-aguascalientes","tag-calvillo","tag-calvillo-aguascalientes","tag-gobierno-del-estado-aguascalientes","tag-iea"],"jetpack_publicize_connections":[],"jetpack_featured_media_url":"https:\/\/i0.wp.com\/informativoelvalledeaguascalientes.online\/wp-content\/uploads\/2023\/02\/0da0a987-0b13-494c-ac42-cae4f91d6402.jpeg?fit=1024%2C683&ssl=1","jetpack-related-posts":[],"jetpack_sharing_enabled":true,"jetpack_likes_enabled":true,"_links":{"self":[{"href":"https:\/\/informativoelvalledeaguascalientes.online\/index.php?rest_route=\/wp\/v2\/posts\/40048","targetHints":{"allow":["GET"]}}],"collection":[{"href":"https:\/\/informativoelvalledeaguascalientes.online\/index.php?rest_route=\/wp\/v2\/posts"}],"about":[{"href":"https:\/\/informativoelvalledeaguascalientes.online\/index.php?rest_route=\/wp\/v2\/types\/post"}],"author":[{"embeddable":true,"href":"https:\/\/informativoelvalledeaguascalientes.online\/index.php?rest_route=\/wp\/v2\/users\/1"}],"replies":[{"embeddable":true,"href":"https:\/\/informativoelvalledeaguascalientes.online\/index.php?rest_route=%2Fwp%2Fv2%2Fcomments&post=40048"}],"version-history":[{"count":1,"href":"https:\/\/informativoelvalledeaguascalientes.online\/index.php?rest_route=\/wp\/v2\/posts\/40048\/revisions"}],"predecessor-version":[{"id":40050,"href":"https:\/\/informativoelvalledeaguascalientes.online\/index.php?rest_route=\/wp\/v2\/posts\/40048\/revisions\/40050"}],"wp:featuredmedia":[{"embeddable":true,"href":"https:\/\/informativoelvalledeaguascalientes.online\/index.php?rest_route=\/wp\/v2\/media\/40049"}],"wp:attachment":[{"href":"https:\/\/informativoelvalledeaguascalientes.online\/index.php?rest_route=%2Fwp%2Fv2%2Fmedia&parent=40048"}],"wp:term":[{"taxonomy":"category","embeddable":true,"href":"https:\/\/informativoelvalledeaguascalientes.online\/index.php?rest_route=%2Fwp%2Fv2%2Fcategories&post=40048"},{"taxonomy":"post_tag","embeddable":true,"href":"https:\/\/informativoelvalledeaguascalientes.online\/index.php?rest_route=%2Fwp%2Fv2%2Ftags&post=40048"}],"curies":[{"name":"wp","href":"https:\/\/api.w.org\/{rel}","templated":true}]}}