{"id":40042,"date":"2023-02-04T22:08:35","date_gmt":"2023-02-05T04:08:35","guid":{"rendered":"https:\/\/informativoelvalledeaguascalientes.online\/?p=40042"},"modified":"2023-02-04T22:08:35","modified_gmt":"2023-02-05T04:08:35","slug":"comision-de-igualdad-del-congreso-de-aguascalientes-delineo-agenda-de-trabajo-para-los-proximos-dias","status":"publish","type":"post","link":"https:\/\/informativoelvalledeaguascalientes.online\/?p=40042","title":{"rendered":"COMISI\u00d3N DE IGUALDAD DEL CONGRESO DE AGUASCALIENTES DELINE\u00d3 AGENDA DE TRABAJ\u00d3 PARA LOS PR\u00d3XIMOS D\u00cdAS"},"content":{"rendered":"<p><strong><a href=\"https:\/\/www.facebook.com\/hashtag\/informativoelvalledeaguascalientes\">#informativoelvalledeaguascalientes<\/a> <\/strong><\/p>\n<p><strong><a href=\"https:\/\/www.facebook.com\/hashtag\/novaradioaguascalientes\">#novaradioaguascalientes<\/a><\/strong><\/p>\n<p><strong>\u00a0<\/strong><\/p>\n<p>Con miras a construir una agenda legislativa para los pr\u00f3ximos d\u00edas, la Comisi\u00f3n de Igualdad Sustantiva y Equidad de G\u00e9nero del Congreso de Aguascalientes que preside la diputada Juanis Mart\u00ednez, realiz\u00f3 una mesa de trabajo para delinear los objetivos y as\u00ed atender las asignaturas en la materia.<\/p>\n<p>&nbsp;<\/p>\n<p>Al respecto, la diputada Juanis Mart\u00ednez afirm\u00f3 que de manera constante da seguimiento a las expresiones de representantes de la sociedad civil organizada, de colectivo y autoridades, \u201cpues tenemos esta comunicaci\u00f3n permanente, en aras de impulsar estrategias que ayuden a reducir los \u00edndices de violencia de g\u00e9nero y familiar, para de esta manera ir adecuando el marco normativo que permita la aplicaci\u00f3n certera de la ley\u201d.<\/p>\n<p>&nbsp;<\/p>\n<p>Durante la sesi\u00f3n de la Comisi\u00f3n, se cont\u00f3 con la presencia de las diputadas Nancy Guti\u00e9rrez, Ana G\u00f3mez y Vero Romo.<\/p>\n","protected":false},"excerpt":{"rendered":"<p>#informativoelvalledeaguascalientes #novaradioaguascalientes \u00a0 Con miras a construir una agenda legislativa para los pr\u00f3ximos d\u00edas, la Comisi\u00f3n de Igualdad Sustantiva y Equidad de G\u00e9nero del Congreso de Aguascalientes que preside la diputada Juanis Mart\u00ednez, realiz\u00f3 una mesa de trabajo para delinear los objetivos y as\u00ed atender las asignaturas en la materia. &nbsp; Al respecto, la diputada [&hellip;]<\/p>\n","protected":false},"author":1,"featured_media":40044,"comment_status":"closed","ping_status":"open","sticky":false,"template":"","format":"standard","meta":{"advanced_seo_description":"","jetpack_seo_html_title":"","jetpack_seo_noindex":false,"_jetpack_memberships_contains_paid_content":false,"footnotes":"","jetpack_publicize_message":"","jetpack_publicize_feature_enabled":true,"jetpack_social_post_already_shared":true,"jetpack_social_options":{"image_generator_settings":{"template":"highway","default_image_id":0,"font":"","enabled":false},"version":2}},"categories":[21,5],"tags":[22,520],"class_list":["post-40042","post","type-post","status-publish","format-standard","has-post-thumbnail","hentry","category-aguascalientes","category-h-congreso-del-estado-aguascalientes","tag-aguascalientes","tag-lxv-legislatura-aguascalientes"],"jetpack_publicize_connections":[],"jetpack_featured_media_url":"https:\/\/i0.wp.com\/informativoelvalledeaguascalientes.online\/wp-content\/uploads\/2023\/02\/DSC_3672-scaled.jpg?fit=2560%2C1706&ssl=1","jetpack-related-posts":[],"jetpack_sharing_enabled":true,"jetpack_likes_enabled":true,"_links":{"self":[{"href":"https:\/\/informativoelvalledeaguascalientes.online\/index.php?rest_route=\/wp\/v2\/posts\/40042","targetHints":{"allow":["GET"]}}],"collection":[{"href":"https:\/\/informativoelvalledeaguascalientes.online\/index.php?rest_route=\/wp\/v2\/posts"}],"about":[{"href":"https:\/\/informativoelvalledeaguascalientes.online\/index.php?rest_route=\/wp\/v2\/types\/post"}],"author":[{"embeddable":true,"href":"https:\/\/informativoelvalledeaguascalientes.online\/index.php?rest_route=\/wp\/v2\/users\/1"}],"replies":[{"embeddable":true,"href":"https:\/\/informativoelvalledeaguascalientes.online\/index.php?rest_route=%2Fwp%2Fv2%2Fcomments&post=40042"}],"version-history":[{"count":1,"href":"https:\/\/informativoelvalledeaguascalientes.online\/index.php?rest_route=\/wp\/v2\/posts\/40042\/revisions"}],"predecessor-version":[{"id":40045,"href":"https:\/\/informativoelvalledeaguascalientes.online\/index.php?rest_route=\/wp\/v2\/posts\/40042\/revisions\/40045"}],"wp:featuredmedia":[{"embeddable":true,"href":"https:\/\/informativoelvalledeaguascalientes.online\/index.php?rest_route=\/wp\/v2\/media\/40044"}],"wp:attachment":[{"href":"https:\/\/informativoelvalledeaguascalientes.online\/index.php?rest_route=%2Fwp%2Fv2%2Fmedia&parent=40042"}],"wp:term":[{"taxonomy":"category","embeddable":true,"href":"https:\/\/informativoelvalledeaguascalientes.online\/index.php?rest_route=%2Fwp%2Fv2%2Fcategories&post=40042"},{"taxonomy":"post_tag","embeddable":true,"href":"https:\/\/informativoelvalledeaguascalientes.online\/index.php?rest_route=%2Fwp%2Fv2%2Ftags&post=40042"}],"curies":[{"name":"wp","href":"https:\/\/api.w.org\/{rel}","templated":true}]}}