{"id":40026,"date":"2023-02-02T23:25:29","date_gmt":"2023-02-03T05:25:29","guid":{"rendered":"https:\/\/informativoelvalledeaguascalientes.online\/?p=40026"},"modified":"2023-02-02T23:25:29","modified_gmt":"2023-02-03T05:25:29","slug":"invita-proespa-a-jornada-de-salud-para-michis-y-lomitos-en-rincon-de-romos","status":"publish","type":"post","link":"https:\/\/informativoelvalledeaguascalientes.online\/?p=40026","title":{"rendered":"INVITA PROESPA A JORNADA DE SALUD PARA MICHIS Y LOMITOS EN RINC\u00d3N DE ROMOS"},"content":{"rendered":"<p><strong><a href=\"https:\/\/www.facebook.com\/hashtag\/informativoelvalledeaguascalientes\">#informativoelvalledeaguascalientes<\/a> <\/strong><\/p>\n<p><strong><a href=\"https:\/\/www.facebook.com\/hashtag\/novaradioaguascalientes\">#novaradioaguascalientes<\/a><\/strong><\/p>\n<p><strong><a href=\"https:\/\/www.facebook.com\/GobiernodeAguascalientes\">#ElGiganteDeMexico<\/a><\/strong><\/p>\n<ul class=\"public-DraftStyleDefault-ul\">\n<li id=\"viewer-v7d0e252\" class=\"_3Kjjs public-DraftStyleDefault-unorderedListItem public-DraftStyleDefault-depth0 public-DraftStyleDefault-list-ltr fixed-tab-size public-DraftStyleDefault-reset _1FoOD _3M0Fe\">\n<p class=\"_1j-51 _1FoOD _3M0Fe\"><strong><em>Se realizar\u00e1 este viernes 3 de febrero en el Lienzo Charro de 10:00 a 14:00 horas<\/em><\/strong><\/p>\n<\/li>\n<li id=\"viewer-o3woh273\" class=\"_3Kjjs public-DraftStyleDefault-unorderedListItem public-DraftStyleDefault-depth0 public-DraftStyleDefault-list-ltr fixed-tab-size _1FoOD _3M0Fe\">\n<p class=\"_1j-51 _1FoOD _3M0Fe\"><strong><em>Valoraci\u00f3n m\u00e9dica, desparasitaci\u00f3n, est\u00e9tica, vacunas y pl\u00e1ticas de concientizaci\u00f3n son algunos de los servicios que se ofrecer\u00e1n<\/em><\/strong><\/p>\n<\/li>\n<li id=\"viewer-p4xvj276\" class=\"_3Kjjs public-DraftStyleDefault-unorderedListItem public-DraftStyleDefault-depth0 public-DraftStyleDefault-list-ltr fixed-tab-size _1FoOD _3M0Fe\">\n<p class=\"_1j-51 _1FoOD _3M0Fe\"><strong><em>A trav\u00e9s de estas jornadas se han proporcionado m\u00e1s de 6 mil 600 servicios de salud para perros y gatos<\/em><\/strong><\/p>\n<\/li>\n<\/ul>\n<div id=\"viewer-9um7x278\" class=\"mm8Nw _1j-51 _1FoOD _3M0Fe public-DraftStyleDefault-block-depth0 fixed-tab-size public-DraftStyleDefault-text-ltr\"><span class=\"_2PHJq public-DraftStyleDefault-ltr\">\u00a0<\/span><\/div>\n<p id=\"viewer-upe6o279\" class=\"mm8Nw _1j-51 _1FoOD _78FBa public-DraftStyleDefault-block-depth0 fixed-tab-size public-DraftStyleDefault-text-ltr\"><span class=\"_2PHJq public-DraftStyleDefault-ltr\">La Procuradur\u00eda Estatal de Protecci\u00f3n al Ambiente (PROESPA) invita a los propietarios de animales de compa\u00f1\u00eda a participar en la <em>Jornada de Salud para Michis y Lomitos<\/em> que se llevar\u00e1 a cabo este viernes 3 de febrero en el municipio de Rinc\u00f3n de Romos.<\/span><\/p>\n<div id=\"viewer-2up9a283\" class=\"mm8Nw _1j-51 _1FoOD _78FBa public-DraftStyleDefault-block-depth0 fixed-tab-size public-DraftStyleDefault-text-ltr\"><span class=\"_2PHJq public-DraftStyleDefault-ltr\">\u00a0<\/span><\/div>\n<p id=\"viewer-or97t284\" class=\"mm8Nw _1j-51 _1FoOD _78FBa public-DraftStyleDefault-block-depth0 fixed-tab-size public-DraftStyleDefault-text-ltr\"><span class=\"_2PHJq public-DraftStyleDefault-ltr\">El objetivo es apoyar la econom\u00eda familiar y promover la responsabilidad y participaci\u00f3n social en materia de bienestar animal.<\/span><\/p>\n<div id=\"viewer-g2vf3286\" class=\"mm8Nw _1j-51 _1FoOD _78FBa public-DraftStyleDefault-block-depth0 fixed-tab-size public-DraftStyleDefault-text-ltr\"><span class=\"_2PHJq public-DraftStyleDefault-ltr\">\u00a0<\/span><\/div>\n<p id=\"viewer-l45yv287\" class=\"mm8Nw _1j-51 _1FoOD _78FBa public-DraftStyleDefault-block-depth0 fixed-tab-size public-DraftStyleDefault-text-ltr\"><span class=\"_2PHJq public-DraftStyleDefault-ltr\">La jornada se realizar\u00e1 de 10:00 a 14:00 horas en el Lienzo Charro que se ubica en la calle Gilberto Romo N\u00e1jera No. 110, en la colonia Solidaridad.<\/span><\/p>\n<div id=\"viewer-e97x7290\" class=\"mm8Nw _1j-51 _1FoOD _78FBa public-DraftStyleDefault-block-depth0 fixed-tab-size public-DraftStyleDefault-text-ltr\"><span class=\"_2PHJq public-DraftStyleDefault-ltr\">\u00a0<\/span><\/div>\n<p id=\"viewer-74rsp291\" class=\"mm8Nw _1j-51 _1FoOD _78FBa public-DraftStyleDefault-block-depth0 fixed-tab-size public-DraftStyleDefault-text-ltr\"><span class=\"_2PHJq public-DraftStyleDefault-ltr\">Dentro de los servicios gratuitos que se ofrecer\u00e1n, destacan valoraci\u00f3n m\u00e9dica, desparasitaci\u00f3n, est\u00e9tica, vacunas para cachorros y adultos, as\u00ed como pl\u00e1ticas de concientizaci\u00f3n sobre la tenencia responsable de mascotas.\u00a0<\/span><\/p>\n<div id=\"viewer-shsy5293\" class=\"mm8Nw _1j-51 _1FoOD _78FBa public-DraftStyleDefault-block-depth0 fixed-tab-size public-DraftStyleDefault-text-ltr\"><span class=\"_2PHJq public-DraftStyleDefault-ltr\">\u00a0<\/span><\/div>\n<p id=\"viewer-nty49294\" class=\"mm8Nw _1j-51 _1FoOD _78FBa public-DraftStyleDefault-block-depth0 fixed-tab-size public-DraftStyleDefault-text-ltr\"><span class=\"_2PHJq public-DraftStyleDefault-ltr\">A trav\u00e9s de las Caravanas de la Salud Canina y Felina se han proporcionado m\u00e1s de 6 mil 600 servicios gratuitos a mascotas de compa\u00f1\u00eda, adem\u00e1s de que se donaron 1.8 toneladas de croquetas y 250 casas para perros.\u00a0\u00a0<\/span><\/p>\n<div id=\"viewer-cw2gs296\" class=\"mm8Nw _1j-51 _1FoOD _78FBa public-DraftStyleDefault-block-depth0 fixed-tab-size public-DraftStyleDefault-text-ltr\"><span class=\"_2PHJq public-DraftStyleDefault-ltr\">\u00a0<\/span><\/div>\n<p id=\"viewer-xuqkj297\" class=\"mm8Nw _1j-51 _1FoOD _78FBa public-DraftStyleDefault-block-depth0 fixed-tab-size public-DraftStyleDefault-text-ltr\"><span class=\"_2PHJq public-DraftStyleDefault-ltr\">Las <em>Jornadas de Salud para Michis y Lomitos<\/em> son posibles gracias a la suma de voluntades de los tres niveles de gobierno, asociaciones civiles e instituciones educativas.<\/span><\/p>\n<div id=\"viewer-x3x3n301\" class=\"mm8Nw _1j-51 _1FoOD _78FBa public-DraftStyleDefault-block-depth0 fixed-tab-size public-DraftStyleDefault-text-ltr\"><span class=\"_2PHJq public-DraftStyleDefault-ltr\">\u00a0<\/span><\/div>\n<p id=\"viewer-tjxsn302\" class=\"mm8Nw _1j-51 _1FoOD _78FBa public-DraftStyleDefault-block-depth0 fixed-tab-size public-DraftStyleDefault-text-ltr\"><span class=\"_2PHJq public-DraftStyleDefault-ltr\">La PROESPA pone a disposici\u00f3n de la ciudadan\u00eda el n\u00famero de WhatsApp 449 182 33 17 para la atenci\u00f3n de reportes ciudadanos sobre casos de maltrato animal o faltas en materia ambiental.<\/span><\/p>\n<div id=\"viewer-m4ebu304\" class=\"mm8Nw _1j-51 _1FoOD _78FBa public-DraftStyleDefault-block-depth0 fixed-tab-size public-DraftStyleDefault-text-ltr\"><span class=\"_2PHJq public-DraftStyleDefault-ltr\">\u00a0<\/span><\/div>\n<div id=\"viewer-lktvp305\" class=\"mm8Nw _1j-51 _1FoOD _3M0Fe public-DraftStyleDefault-block-depth0 fixed-tab-size public-DraftStyleDefault-text-ltr\"><\/div>\n","protected":false},"excerpt":{"rendered":"<p>#informativoelvalledeaguascalientes #novaradioaguascalientes #ElGiganteDeMexico Se realizar\u00e1 este viernes 3 de febrero en el Lienzo Charro de 10:00 a 14:00 horas Valoraci\u00f3n m\u00e9dica, desparasitaci\u00f3n, est\u00e9tica, vacunas y pl\u00e1ticas de concientizaci\u00f3n son algunos de los servicios que se ofrecer\u00e1n A trav\u00e9s de estas jornadas se han proporcionado m\u00e1s de 6 mil 600 servicios de salud para perros y [&hellip;]<\/p>\n","protected":false},"author":1,"featured_media":40027,"comment_status":"closed","ping_status":"open","sticky":false,"template":"","format":"standard","meta":{"advanced_seo_description":"","jetpack_seo_html_title":"","jetpack_seo_noindex":false,"_jetpack_memberships_contains_paid_content":false,"footnotes":"","jetpack_publicize_message":"","jetpack_publicize_feature_enabled":true,"jetpack_social_post_already_shared":true,"jetpack_social_options":{"image_generator_settings":{"template":"highway","default_image_id":0,"font":"","enabled":false},"version":2}},"categories":[21,4],"tags":[22,161,86],"class_list":["post-40026","post","type-post","status-publish","format-standard","has-post-thumbnail","hentry","category-aguascalientes","category-gobierno-del-estado-aguascalientes","tag-aguascalientes","tag-gobierno-del-estado-aguascalientes","tag-proespa"],"jetpack_publicize_connections":[],"jetpack_featured_media_url":"https:\/\/i0.wp.com\/informativoelvalledeaguascalientes.online\/wp-content\/uploads\/2023\/02\/whatsapp-image-2023-02-02-at-12.03.19-pm.jpeg?fit=1600%2C1261&ssl=1","jetpack-related-posts":[],"jetpack_sharing_enabled":true,"jetpack_likes_enabled":true,"_links":{"self":[{"href":"https:\/\/informativoelvalledeaguascalientes.online\/index.php?rest_route=\/wp\/v2\/posts\/40026","targetHints":{"allow":["GET"]}}],"collection":[{"href":"https:\/\/informativoelvalledeaguascalientes.online\/index.php?rest_route=\/wp\/v2\/posts"}],"about":[{"href":"https:\/\/informativoelvalledeaguascalientes.online\/index.php?rest_route=\/wp\/v2\/types\/post"}],"author":[{"embeddable":true,"href":"https:\/\/informativoelvalledeaguascalientes.online\/index.php?rest_route=\/wp\/v2\/users\/1"}],"replies":[{"embeddable":true,"href":"https:\/\/informativoelvalledeaguascalientes.online\/index.php?rest_route=%2Fwp%2Fv2%2Fcomments&post=40026"}],"version-history":[{"count":1,"href":"https:\/\/informativoelvalledeaguascalientes.online\/index.php?rest_route=\/wp\/v2\/posts\/40026\/revisions"}],"predecessor-version":[{"id":40028,"href":"https:\/\/informativoelvalledeaguascalientes.online\/index.php?rest_route=\/wp\/v2\/posts\/40026\/revisions\/40028"}],"wp:featuredmedia":[{"embeddable":true,"href":"https:\/\/informativoelvalledeaguascalientes.online\/index.php?rest_route=\/wp\/v2\/media\/40027"}],"wp:attachment":[{"href":"https:\/\/informativoelvalledeaguascalientes.online\/index.php?rest_route=%2Fwp%2Fv2%2Fmedia&parent=40026"}],"wp:term":[{"taxonomy":"category","embeddable":true,"href":"https:\/\/informativoelvalledeaguascalientes.online\/index.php?rest_route=%2Fwp%2Fv2%2Fcategories&post=40026"},{"taxonomy":"post_tag","embeddable":true,"href":"https:\/\/informativoelvalledeaguascalientes.online\/index.php?rest_route=%2Fwp%2Fv2%2Ftags&post=40026"}],"curies":[{"name":"wp","href":"https:\/\/api.w.org\/{rel}","templated":true}]}}