{"id":40007,"date":"2023-02-02T00:18:54","date_gmt":"2023-02-02T06:18:54","guid":{"rendered":"https:\/\/informativoelvalledeaguascalientes.online\/?p=40007"},"modified":"2023-02-02T00:18:54","modified_gmt":"2023-02-02T06:18:54","slug":"abierta-la-convocatoria-de-apoyos-economicos-para-emprendedores-y-pequenos-negocios","status":"publish","type":"post","link":"https:\/\/informativoelvalledeaguascalientes.online\/?p=40007","title":{"rendered":"ABIERTA LA CONVOCATORIA DE APOYOS ECON\u00d3MICOS PARA EMPRENDEDORES Y PEQUE\u00d1OS NEGOCIOS"},"content":{"rendered":"<p><strong><a href=\"https:\/\/www.facebook.com\/hashtag\/informativoelvalledeaguascalientes\">#informativoelvalledeaguascalientes<\/a><\/strong><\/p>\n<p><strong><a href=\"https:\/\/www.facebook.com\/hashtag\/novaradioaguascalientes\">#novaradioaguascalientes<\/a><\/strong><\/p>\n<p><strong><a href=\"https:\/\/www.facebook.com\/GobiernodeAguascalientes\">#ElGiganteDeMexico<\/a><\/strong><\/p>\n<p>&nbsp;<\/p>\n<p>&nbsp;<\/p>\n<ul class=\"public-DraftStyleDefault-ul\">\n<li id=\"viewer-foo\" class=\"_3Kjjs public-DraftStyleDefault-unorderedListItem public-DraftStyleDefault-depth0 public-DraftStyleDefault-list-ltr fixed-tab-size public-DraftStyleDefault-reset _1FoOD _3M0Fe\">\n<p class=\"_1j-51 _1FoOD _3M0Fe\"><strong><em>El Gobierno del Estado, a trav\u00e9s de la Sedecyt, abri\u00f3 la convocatoria \u201cServicios para el Desarrollo Empresarial\u201d del programa \u201cConf\u00eda\u201d<\/em><\/strong><\/p>\n<\/li>\n<li id=\"viewer-vmbto1185\" class=\"_3Kjjs public-DraftStyleDefault-unorderedListItem public-DraftStyleDefault-depth0 public-DraftStyleDefault-list-ltr fixed-tab-size _1FoOD _3M0Fe\">\n<p class=\"_1j-51 _1FoOD _3M0Fe\"><strong><em>La fecha l\u00edmite para registrarse es el 30 de abril, a trav\u00e9s de la plataforma <\/em><\/strong><a class=\"_3Bkfb _1lsz7\" href=\"http:\/\/www.agsdigital.com.mx\/\" target=\"_self\" rel=\"noopener noreferrer\" data-hook=\"linkViewer\"><strong><em>www.agsdigital.com.mx<\/em><\/strong><\/a><\/p>\n<\/li>\n<li id=\"viewer-rzdx41189\" class=\"_3Kjjs public-DraftStyleDefault-unorderedListItem public-DraftStyleDefault-depth0 public-DraftStyleDefault-list-ltr fixed-tab-size _1FoOD _3M0Fe\">\n<p class=\"_1j-51 _1FoOD _3M0Fe\"><strong><em>Se entregar\u00e1n hasta 31 mil 500 pesos para el pago de servicios que eleven la competitividad empresarial<\/em><\/strong><\/p>\n<\/li>\n<\/ul>\n<div id=\"viewer-5x17r1191\" class=\"mm8Nw _1j-51 _1FoOD _3M0Fe public-DraftStyleDefault-block-depth0 fixed-tab-size public-DraftStyleDefault-text-ltr\"><span class=\"_2PHJq public-DraftStyleDefault-ltr\">\u00a0<\/span><\/div>\n<p id=\"viewer-j2voh1232\" class=\"mm8Nw _1j-51 _1FoOD _78FBa public-DraftStyleDefault-block-depth0 fixed-tab-size public-DraftStyleDefault-text-ltr\"><span class=\"_2PHJq public-DraftStyleDefault-ltr\">Tal como lo anunci\u00f3 la gobernadora Tere Jim\u00e9nez hace unos d\u00edas, la Secretar\u00eda de Desarrollo Econ\u00f3mico, Ciencia y Tecnolog\u00eda (Sedecyt) abri\u00f3 el registro para participar en la convocatoria \u201cServicios para el Desarrollo Empresarial\u201d del programa \u201cConf\u00eda\u201d.<\/span><\/p>\n<div id=\"viewer-86fp71256\" class=\"mm8Nw _1j-51 _1FoOD _78FBa public-DraftStyleDefault-block-depth0 fixed-tab-size public-DraftStyleDefault-text-ltr\"><span class=\"_2PHJq public-DraftStyleDefault-ltr\">\u00a0<\/span><\/div>\n<p id=\"viewer-6o3q11193\" class=\"mm8Nw _1j-51 _1FoOD _78FBa public-DraftStyleDefault-block-depth0 fixed-tab-size public-DraftStyleDefault-text-ltr\"><span class=\"_2PHJq public-DraftStyleDefault-ltr\">La gobernadora del estado invit\u00f3 a la comunidad empresarial y a emprendedores de Aguascalientes, a aprovechar esta oportunidad para hacer crecer sus negocios y elevar su competitividad.<\/span><\/p>\n<div id=\"viewer-pxqha1269\" class=\"mm8Nw _1j-51 _1FoOD _78FBa public-DraftStyleDefault-block-depth0 fixed-tab-size public-DraftStyleDefault-text-ltr\"><span class=\"_2PHJq public-DraftStyleDefault-ltr\">\u00a0<\/span><\/div>\n<p id=\"viewer-g3tlc1195\" class=\"mm8Nw _1j-51 _1FoOD _78FBa public-DraftStyleDefault-block-depth0 fixed-tab-size public-DraftStyleDefault-text-ltr\"><span class=\"_2PHJq public-DraftStyleDefault-ltr\">Al respecto, el titular de la Sedecyt, Manuel Alejandro Gonz\u00e1lez Mart\u00ednez, inform\u00f3 que a trav\u00e9s de este programa se entregar\u00e1n apoyos econ\u00f3micos de hasta 31 mil 500 pesos para el pago de servicios especializados que promuevan la creaci\u00f3n y aumenten la competitividad de los micro y peque\u00f1os negocios locales, tales como el registro de marca, c\u00f3digo de barras, renta de oficinas colaborativas, renta de estands, log\u00edstica para comercializaci\u00f3n y mercadotecnia digital, entre otros.<\/span><\/p>\n<div id=\"viewer-360r41282\" class=\"mm8Nw _1j-51 _1FoOD _78FBa public-DraftStyleDefault-block-depth0 fixed-tab-size public-DraftStyleDefault-text-ltr\"><span class=\"_2PHJq public-DraftStyleDefault-ltr\">\u00a0<\/span><\/div>\n<p id=\"viewer-pxma41197\" class=\"mm8Nw _1j-51 _1FoOD _78FBa public-DraftStyleDefault-block-depth0 fixed-tab-size public-DraftStyleDefault-text-ltr\"><span class=\"_2PHJq public-DraftStyleDefault-ltr\">Gonz\u00e1lez Mart\u00ednez refiri\u00f3 que la fecha l\u00edmite para inscribirse y completar su expediente es el 30 de abril de 2023 en la plataforma <a class=\"_3Bkfb _1lsz7\" href=\"http:\/\/www.agsdigital.com.mx\/\" target=\"_self\" rel=\"noopener noreferrer\" data-hook=\"linkViewer\">www.agsdigital.com.mx<\/a>; puntualiz\u00f3 que existen diversos montos de apoyo definidos para cada uno de los conceptos, topados al 75 por ciento del valor total, mientras que el porcentaje restante deber\u00e1 ser aportado por el beneficiario.<\/span><\/p>\n<div id=\"viewer-txl5i1297\" class=\"mm8Nw _1j-51 _1FoOD _78FBa public-DraftStyleDefault-block-depth0 fixed-tab-size public-DraftStyleDefault-text-ltr\"><span class=\"_2PHJq public-DraftStyleDefault-ltr\">\u00a0<\/span><\/div>\n<p id=\"viewer-y3hjf1201\" class=\"mm8Nw _1j-51 _1FoOD _78FBa public-DraftStyleDefault-block-depth0 fixed-tab-size public-DraftStyleDefault-text-ltr\"><span class=\"_2PHJq public-DraftStyleDefault-ltr\">Finalmente detall\u00f3 que, una vez concluida la recepci\u00f3n de solicitudes, el Comit\u00e9 de Evaluaci\u00f3n revisar\u00e1 la viabilidad y rentabilidad de cada proyecto para determinar cu\u00e1les son aprobados, por lo que invit\u00f3 a las y los interesados a consultar las reglas de operaci\u00f3n y requisitos de participaci\u00f3n en dicha plataforma o al tel\u00e9fono 449 910 2611 extensi\u00f3n 5908.<\/span><\/p>\n","protected":false},"excerpt":{"rendered":"<p>#informativoelvalledeaguascalientes #novaradioaguascalientes #ElGiganteDeMexico &nbsp; &nbsp; El Gobierno del Estado, a trav\u00e9s de la Sedecyt, abri\u00f3 la convocatoria \u201cServicios para el Desarrollo Empresarial\u201d del programa \u201cConf\u00eda\u201d La fecha l\u00edmite para registrarse es el 30 de abril, a trav\u00e9s de la plataforma www.agsdigital.com.mx Se entregar\u00e1n hasta 31 mil 500 pesos para el pago de servicios que eleven [&hellip;]<\/p>\n","protected":false},"author":1,"featured_media":40008,"comment_status":"closed","ping_status":"open","sticky":false,"template":"","format":"standard","meta":{"advanced_seo_description":"","jetpack_seo_html_title":"","jetpack_seo_noindex":false,"_jetpack_memberships_contains_paid_content":false,"footnotes":"","jetpack_publicize_message":"","jetpack_publicize_feature_enabled":true,"jetpack_social_post_already_shared":true,"jetpack_social_options":{"image_generator_settings":{"template":"highway","default_image_id":0,"font":"","enabled":false},"version":2}},"categories":[21,4],"tags":[22,161,610],"class_list":["post-40007","post","type-post","status-publish","format-standard","has-post-thumbnail","hentry","category-aguascalientes","category-gobierno-del-estado-aguascalientes","tag-aguascalientes","tag-gobierno-del-estado-aguascalientes","tag-sedecyt"],"jetpack_publicize_connections":[],"jetpack_featured_media_url":"https:\/\/i0.wp.com\/informativoelvalledeaguascalientes.online\/wp-content\/uploads\/2023\/02\/gob-edo-emprendedores.webp?fit=805%2C452&ssl=1","jetpack-related-posts":[],"jetpack_sharing_enabled":true,"jetpack_likes_enabled":true,"_links":{"self":[{"href":"https:\/\/informativoelvalledeaguascalientes.online\/index.php?rest_route=\/wp\/v2\/posts\/40007","targetHints":{"allow":["GET"]}}],"collection":[{"href":"https:\/\/informativoelvalledeaguascalientes.online\/index.php?rest_route=\/wp\/v2\/posts"}],"about":[{"href":"https:\/\/informativoelvalledeaguascalientes.online\/index.php?rest_route=\/wp\/v2\/types\/post"}],"author":[{"embeddable":true,"href":"https:\/\/informativoelvalledeaguascalientes.online\/index.php?rest_route=\/wp\/v2\/users\/1"}],"replies":[{"embeddable":true,"href":"https:\/\/informativoelvalledeaguascalientes.online\/index.php?rest_route=%2Fwp%2Fv2%2Fcomments&post=40007"}],"version-history":[{"count":1,"href":"https:\/\/informativoelvalledeaguascalientes.online\/index.php?rest_route=\/wp\/v2\/posts\/40007\/revisions"}],"predecessor-version":[{"id":40009,"href":"https:\/\/informativoelvalledeaguascalientes.online\/index.php?rest_route=\/wp\/v2\/posts\/40007\/revisions\/40009"}],"wp:featuredmedia":[{"embeddable":true,"href":"https:\/\/informativoelvalledeaguascalientes.online\/index.php?rest_route=\/wp\/v2\/media\/40008"}],"wp:attachment":[{"href":"https:\/\/informativoelvalledeaguascalientes.online\/index.php?rest_route=%2Fwp%2Fv2%2Fmedia&parent=40007"}],"wp:term":[{"taxonomy":"category","embeddable":true,"href":"https:\/\/informativoelvalledeaguascalientes.online\/index.php?rest_route=%2Fwp%2Fv2%2Fcategories&post=40007"},{"taxonomy":"post_tag","embeddable":true,"href":"https:\/\/informativoelvalledeaguascalientes.online\/index.php?rest_route=%2Fwp%2Fv2%2Ftags&post=40007"}],"curies":[{"name":"wp","href":"https:\/\/api.w.org\/{rel}","templated":true}]}}