{"id":40004,"date":"2023-02-02T00:13:16","date_gmt":"2023-02-02T06:13:16","guid":{"rendered":"https:\/\/informativoelvalledeaguascalientes.online\/?p=40004"},"modified":"2023-02-02T00:13:16","modified_gmt":"2023-02-02T06:13:16","slug":"tere-jimenez-invita-a-buscadores-de-empleo-a-participar-este-jueves-en-la-bolsa-de-trabajo","status":"publish","type":"post","link":"https:\/\/informativoelvalledeaguascalientes.online\/?p=40004","title":{"rendered":"TERE JIM\u00c9NEZ INVITA A BUSCADORES DE EMPLEO A PARTICIPAR ESTE JUEVES EN LA BOLSA DE TRABAJO"},"content":{"rendered":"<p><strong><a href=\"https:\/\/www.facebook.com\/hashtag\/informativoelvalledeaguascalientes\">#informativoelvalledeaguascalientes<\/a><\/strong><\/p>\n<p><strong><a href=\"https:\/\/www.facebook.com\/hashtag\/novaradioaguascalientes\">#novaradioaguascalientes<\/a><\/strong><\/p>\n<p><strong><a href=\"https:\/\/www.facebook.com\/GobiernodeAguascalientes\">#ElGiganteDeMexico<\/a><\/strong><\/p>\n<p>&nbsp;<\/p>\n<p>&nbsp;<\/p>\n<ul class=\"public-DraftStyleDefault-ul\">\n<li id=\"viewer-foo\" class=\"_3Kjjs _78FBa public-DraftStyleDefault-unorderedListItem public-DraftStyleDefault-depth0 public-DraftStyleDefault-list-ltr fixed-tab-size public-DraftStyleDefault-reset _1FoOD _78FBa\">\n<p class=\"_1j-51 _1FoOD _78FBa undefined\"><strong><em>La jornada se llevar\u00e1 a cabo este 2 de febrero en el Palacio de Gobierno Estatal, a partir de las 8:30 horas<\/em><\/strong><\/p>\n<\/li>\n<li id=\"viewer-xy7ix31137\" class=\"_3Kjjs _78FBa public-DraftStyleDefault-unorderedListItem public-DraftStyleDefault-depth0 public-DraftStyleDefault-list-ltr fixed-tab-size _1FoOD _78FBa\">\n<p class=\"_1j-51 _1FoOD _78FBa undefined\"><strong><em>La feria est\u00e1 dirigida a personas de entre 18 y 60 a\u00f1os de edad, de todos los niveles educativos y para diferentes perfiles laborales<\/em><\/strong><\/p>\n<\/li>\n<li id=\"viewer-mbepj31140\" class=\"_3Kjjs _78FBa public-DraftStyleDefault-unorderedListItem public-DraftStyleDefault-depth0 public-DraftStyleDefault-list-ltr fixed-tab-size _1FoOD _78FBa\">\n<p class=\"_1j-51 _1FoOD _78FBa undefined\"><strong><em>Se recomienda a las y los interesados hacer un registro previo en la p\u00e1gina <\/em><\/strong><a class=\"_3Bkfb _1lsz7\" href=\"https:\/\/ferias.empleo.gob.mx\/content\/common\/home.jsf\" target=\"_self\" rel=\"noopener noreferrer\" data-hook=\"linkViewer\"><strong><em><u class=\"_3zM-5\">https:\/\/ferias.empleo.gob.mx\/content\/common\/home.jsf<\/u><\/em><\/strong><\/a><\/p>\n<\/li>\n<\/ul>\n<div id=\"viewer-dlp1d31143\" class=\"mm8Nw _1j-51 _1FoOD _78FBa public-DraftStyleDefault-block-depth0 fixed-tab-size public-DraftStyleDefault-text-ltr\"><span class=\"_2PHJq public-DraftStyleDefault-ltr\">\u00a0<\/span><\/div>\n<p id=\"viewer-cs4ua31144\" class=\"mm8Nw _1j-51 _1FoOD _78FBa public-DraftStyleDefault-block-depth0 fixed-tab-size public-DraftStyleDefault-text-ltr\"><span class=\"_2PHJq public-DraftStyleDefault-ltr\">Vincular a las empresas con los buscadores de empleo es uno de los compromisos que la gobernadora Tere Jim\u00e9nez ha materializado con los <em>Jueves de Bolsa de Trabajo<\/em>, ya que en estas jornadas miles de personas han encontrado una oportunidad laboral.<\/span><\/p>\n<div id=\"viewer-1w38x31148\" class=\"mm8Nw _1j-51 _1FoOD _78FBa public-DraftStyleDefault-block-depth0 fixed-tab-size public-DraftStyleDefault-text-ltr\"><span class=\"_2PHJq public-DraftStyleDefault-ltr\">\u00a0<\/span><\/div>\n<p id=\"viewer-lz8se31149\" class=\"mm8Nw _1j-51 _1FoOD _78FBa public-DraftStyleDefault-block-depth0 fixed-tab-size public-DraftStyleDefault-text-ltr\"><span class=\"_2PHJq public-DraftStyleDefault-ltr\">En este sentido y atendiendo a las necesidades de la poblaci\u00f3n, este 2 de febrero se realizar\u00e1 el <em>Jueves de Bolsa de Trabajo<\/em> en el Palacio de Gobierno Estatal, a partir de las 8:30 horas.<\/span><\/p>\n<div id=\"viewer-3oqy331153\" class=\"mm8Nw _1j-51 _1FoOD _78FBa public-DraftStyleDefault-block-depth0 fixed-tab-size public-DraftStyleDefault-text-ltr\"><span class=\"_2PHJq public-DraftStyleDefault-ltr\">\u00a0<\/span><\/div>\n<p id=\"viewer-r6g8831154\" class=\"mm8Nw _1j-51 _1FoOD _78FBa public-DraftStyleDefault-block-depth0 fixed-tab-size public-DraftStyleDefault-text-ltr\"><span class=\"_2PHJq public-DraftStyleDefault-ltr\">La gobernadora invit\u00f3 a las y los interesados en obtener un trabajo bien remunerado a que asistan y aprovechen la oportunidad de encontrar un empleo acorde a sus requerimientos.<\/span><\/p>\n<div id=\"viewer-j1fim31156\" class=\"mm8Nw _1j-51 _1FoOD _78FBa public-DraftStyleDefault-block-depth0 fixed-tab-size public-DraftStyleDefault-text-ltr\"><span class=\"_2PHJq public-DraftStyleDefault-ltr\">\u00a0<\/span><\/div>\n<p id=\"viewer-kxw6131157\" class=\"mm8Nw _1j-51 _1FoOD _78FBa public-DraftStyleDefault-block-depth0 fixed-tab-size public-DraftStyleDefault-text-ltr\"><span class=\"_2PHJq public-DraftStyleDefault-ltr\">Destac\u00f3 el esfuerzo y disposici\u00f3n del sector productivo local, con el que se trabaja de forma coordinada para promover la generaci\u00f3n de m\u00e1s oportunidades de trabajo en la entidad.<\/span><\/p>\n<div id=\"viewer-cbrm631159\" class=\"mm8Nw _1j-51 _1FoOD _78FBa public-DraftStyleDefault-block-depth0 fixed-tab-size public-DraftStyleDefault-text-ltr\"><span class=\"_2PHJq public-DraftStyleDefault-ltr\">\u00a0<\/span><\/div>\n<p id=\"viewer-fmovk31160\" class=\"mm8Nw _1j-51 _1FoOD _78FBa public-DraftStyleDefault-block-depth0 fixed-tab-size public-DraftStyleDefault-text-ltr\"><span class=\"_2PHJq public-DraftStyleDefault-ltr\">En esta edici\u00f3n se ofertar\u00e1n alrededor de mil 800 vacantes con salarios que van desde 6 mil hasta 30 mil pesos mensuales y participar\u00e1n 50 empresas de diferentes ramos productivos, con opciones para personas de entre 18 y 60 a\u00f1os de edad, de todos los niveles educativos y diferentes perfiles laborales.<\/span><\/p>\n<div id=\"viewer-0fnwt31162\" class=\"mm8Nw _1j-51 _1FoOD _78FBa public-DraftStyleDefault-block-depth0 fixed-tab-size public-DraftStyleDefault-text-ltr\"><span class=\"_2PHJq public-DraftStyleDefault-ltr\">\u00a0<\/span><\/div>\n<p id=\"viewer-dtmrx31163\" class=\"mm8Nw _1j-51 _1FoOD _78FBa public-DraftStyleDefault-block-depth0 fixed-tab-size public-DraftStyleDefault-text-ltr\"><span class=\"_2PHJq public-DraftStyleDefault-ltr\">Para agilizar el proceso, se recomienda a las y los interesados hacer un registro previo en la p\u00e1gina <a class=\"_3Bkfb _1lsz7\" href=\"https:\/\/ferias.empleo.gob.mx\/content\/common\/home.jsf\" target=\"_self\" rel=\"noopener noreferrer\" data-hook=\"linkViewer\"><u class=\"_3zM-5\">https:\/\/ferias.empleo.gob.mx\/content\/common\/home.jsf<\/u><\/a>.<\/span><\/p>\n","protected":false},"excerpt":{"rendered":"<p>#informativoelvalledeaguascalientes #novaradioaguascalientes #ElGiganteDeMexico &nbsp; &nbsp; La jornada se llevar\u00e1 a cabo este 2 de febrero en el Palacio de Gobierno Estatal, a partir de las 8:30 horas La feria est\u00e1 dirigida a personas de entre 18 y 60 a\u00f1os de edad, de todos los niveles educativos y para diferentes perfiles laborales Se recomienda a las [&hellip;]<\/p>\n","protected":false},"author":1,"featured_media":40005,"comment_status":"closed","ping_status":"open","sticky":false,"template":"","format":"standard","meta":{"advanced_seo_description":"","jetpack_seo_html_title":"","jetpack_seo_noindex":false,"_jetpack_memberships_contains_paid_content":false,"footnotes":"","jetpack_publicize_message":"","jetpack_publicize_feature_enabled":true,"jetpack_social_post_already_shared":true,"jetpack_social_options":{"image_generator_settings":{"template":"highway","default_image_id":0,"font":"","enabled":false},"version":2}},"categories":[21,4],"tags":[22,161],"class_list":["post-40004","post","type-post","status-publish","format-standard","has-post-thumbnail","hentry","category-aguascalientes","category-gobierno-del-estado-aguascalientes","tag-aguascalientes","tag-gobierno-del-estado-aguascalientes"],"jetpack_publicize_connections":[],"jetpack_featured_media_url":"https:\/\/i0.wp.com\/informativoelvalledeaguascalientes.online\/wp-content\/uploads\/2023\/02\/gob-edo-empleos.webp?fit=601%2C452&ssl=1","jetpack-related-posts":[],"jetpack_sharing_enabled":true,"jetpack_likes_enabled":true,"_links":{"self":[{"href":"https:\/\/informativoelvalledeaguascalientes.online\/index.php?rest_route=\/wp\/v2\/posts\/40004","targetHints":{"allow":["GET"]}}],"collection":[{"href":"https:\/\/informativoelvalledeaguascalientes.online\/index.php?rest_route=\/wp\/v2\/posts"}],"about":[{"href":"https:\/\/informativoelvalledeaguascalientes.online\/index.php?rest_route=\/wp\/v2\/types\/post"}],"author":[{"embeddable":true,"href":"https:\/\/informativoelvalledeaguascalientes.online\/index.php?rest_route=\/wp\/v2\/users\/1"}],"replies":[{"embeddable":true,"href":"https:\/\/informativoelvalledeaguascalientes.online\/index.php?rest_route=%2Fwp%2Fv2%2Fcomments&post=40004"}],"version-history":[{"count":1,"href":"https:\/\/informativoelvalledeaguascalientes.online\/index.php?rest_route=\/wp\/v2\/posts\/40004\/revisions"}],"predecessor-version":[{"id":40006,"href":"https:\/\/informativoelvalledeaguascalientes.online\/index.php?rest_route=\/wp\/v2\/posts\/40004\/revisions\/40006"}],"wp:featuredmedia":[{"embeddable":true,"href":"https:\/\/informativoelvalledeaguascalientes.online\/index.php?rest_route=\/wp\/v2\/media\/40005"}],"wp:attachment":[{"href":"https:\/\/informativoelvalledeaguascalientes.online\/index.php?rest_route=%2Fwp%2Fv2%2Fmedia&parent=40004"}],"wp:term":[{"taxonomy":"category","embeddable":true,"href":"https:\/\/informativoelvalledeaguascalientes.online\/index.php?rest_route=%2Fwp%2Fv2%2Fcategories&post=40004"},{"taxonomy":"post_tag","embeddable":true,"href":"https:\/\/informativoelvalledeaguascalientes.online\/index.php?rest_route=%2Fwp%2Fv2%2Ftags&post=40004"}],"curies":[{"name":"wp","href":"https:\/\/api.w.org\/{rel}","templated":true}]}}