{"id":39992,"date":"2023-02-01T23:38:53","date_gmt":"2023-02-02T05:38:53","guid":{"rendered":"https:\/\/informativoelvalledeaguascalientes.online\/?p=39992"},"modified":"2023-02-01T23:38:53","modified_gmt":"2023-02-02T05:38:53","slug":"rectora-de-la-uaa-inaugura-la-exposicion-razonamiento-en-el-arte-del-mtro-faustino-barba","status":"publish","type":"post","link":"https:\/\/informativoelvalledeaguascalientes.online\/?p=39992","title":{"rendered":"Rectora de la UAA inaugura la exposici\u00f3n \u201cRazonamiento en el arte\u201d del Mtro. Faustino Barba"},"content":{"rendered":"<p><strong><a href=\"https:\/\/www.facebook.com\/hashtag\/informativoelvalledeaguascalientes\">#informativoelvalledeaguascalientes<\/a><\/strong><\/p>\n<p><strong><a href=\"https:\/\/www.facebook.com\/hashtag\/novaradioaguascalientes\">#novaradioaguascalientes<\/a><\/strong><\/p>\n<p>&nbsp;<\/p>\n<p>&nbsp;<\/p>\n<p>\u25cf La exposici\u00f3n se conforma por tres obras que invitan a reflexionar sobre los<br \/>\nefectos del consumismo, la destrucci\u00f3n del h\u00e1bitat y el cuidado del medio<br \/>\nambiente.<\/p>\n<p>\u25cf El autor de las obras, quien estuvo presente en la inauguraci\u00f3n de la exposici\u00f3n,<br \/>\ndon\u00f3 una de las piezas a la m\u00e1xima casa de estudios del estado.<\/p>\n<p>La rectora de la Universidad Aut\u00f3noma de Aguascalientes, Dra. Sandra Yesenia<br \/>\nPinz\u00f3n Castro, inaugur\u00f3 la exposici\u00f3n \u201cRazonamiento en el arte\u201d del Mtro.<br \/>\nFaustino Barba Alem\u00e1n: una muestra conformada por tres obras que invitan a<br \/>\nreflexionar sobre los efectos del consumismo, la destrucci\u00f3n del h\u00e1bitat y el<br \/>\ncuidado del medio ambiente.<\/p>\n<p>Las piezas expuestas llevan por t\u00edtulo: \u201cLa herencia\u201d, \u201cConciencia hist\u00f3rica de<br \/>\nAguascalientes\u201d y \u201cMi hogar\u201d, y se encontrar\u00e1n a disposici\u00f3n del p\u00fablico en<br \/>\ngeneral de manera totalmente gratuita hasta el 23 de marzo en la Galer\u00eda de la<br \/>\nInfoteca Universitaria \u201cDr. Alfonso P\u00e9rez Romo\u201d.<\/p>\n<p>En el marco de la inauguraci\u00f3n, la rectora de la UAA se\u00f1al\u00f3 que a partir de obras<br \/>\ncomo esta se puede reflexionar que vivimos frente a una din\u00e1mica de hiper<br \/>\nconsumo y que en general se han hecho muy pocos esfuerzos a favor del reciclaje<br \/>\ny la reutilizaci\u00f3n de materiales. Ante ello, reconoci\u00f3 que es prudente encontrar<br \/>\nalternativas que ayuden al medio ambiente, distribuyan mejor las riquezas y no<br \/>\nafecten las tasas de empleo ni la calidad de vida de las personas.<\/p>\n<p>La Dra. celebr\u00f3 que esta instalaci\u00f3n del maestro Faustino Barba sea expuesta en<br \/>\nel recinto universitario porque se da la oportunidad a la comunidad de ser<br \/>\nespectadores y motores de reflexi\u00f3n a trav\u00e9s del arte.<\/p>\n<p>En su intervenci\u00f3n, el Dr. Ismael Manuel Rodr\u00edguez Herrera, director general de<br \/>\nDifusi\u00f3n y Vinculaci\u00f3n de la UAA, expres\u00f3 que, sin duda, el arte estimula la<br \/>\ncreatividad y el ser humano, al contemplar obras art\u00edsticas, tiene una visi\u00f3n m\u00e1s<br \/>\nclara de lo que lo rodea.<\/p>\n<p>El artista pl\u00e1stico y autor de las obras, Mtro. Faustino Barba Alem\u00e1n, se dijo<br \/>\nagradecido de poder presentar sus creaciones en la m\u00e1xima casa de estudios y<br \/>\naprovech\u00f3 la oportunidad para donar a la instituci\u00f3n la pieza \u201cConciencia hist\u00f3rica<br \/>\nde Aguascalientes\u201d.<\/p>\n<p>Cabe hacer menci\u00f3n que en el evento inaugural tambi\u00e9n estuvieron presentes el<br \/>\nMtro. H\u00e9ctor Alejandro V\u00e1zquez Z\u00fa\u00f1iga, Dir. Del Instituto Cultural de<br \/>\nAguascalientes; la Mtra. Martha Ang\u00e9lica Rangel Jim\u00e9nez, jefa del Dpto. de<br \/>\nDifusi\u00f3n Cultural; as\u00ed como estudiantes, acad\u00e9micos y personal administrativo de<br \/>\nla UAA.<\/p>\n<p>&nbsp;<\/p>\n","protected":false},"excerpt":{"rendered":"<p>#informativoelvalledeaguascalientes #novaradioaguascalientes &nbsp; &nbsp; \u25cf La exposici\u00f3n se conforma por tres obras que invitan a reflexionar sobre los efectos del consumismo, la destrucci\u00f3n del h\u00e1bitat y el cuidado del medio ambiente. \u25cf El autor de las obras, quien estuvo presente en la inauguraci\u00f3n de la exposici\u00f3n, don\u00f3 una de las piezas a la m\u00e1xima casa [&hellip;]<\/p>\n","protected":false},"author":1,"featured_media":39993,"comment_status":"closed","ping_status":"open","sticky":false,"template":"","format":"standard","meta":{"advanced_seo_description":"","jetpack_seo_html_title":"","jetpack_seo_noindex":false,"_jetpack_memberships_contains_paid_content":false,"footnotes":"","jetpack_publicize_message":"","jetpack_publicize_feature_enabled":true,"jetpack_social_post_already_shared":true,"jetpack_social_options":{"image_generator_settings":{"template":"highway","default_image_id":0,"font":"","enabled":false},"version":2}},"categories":[21,19],"tags":[22,232,142],"class_list":["post-39992","post","type-post","status-publish","format-standard","has-post-thumbnail","hentry","category-aguascalientes","category-informacion-general","tag-aguascalientes","tag-informacion-general","tag-uaa"],"jetpack_publicize_connections":[],"jetpack_featured_media_url":"https:\/\/i0.wp.com\/informativoelvalledeaguascalientes.online\/wp-content\/uploads\/2023\/02\/uaa_2.jpg?fit=986%2C657&ssl=1","jetpack-related-posts":[],"jetpack_sharing_enabled":true,"jetpack_likes_enabled":true,"_links":{"self":[{"href":"https:\/\/informativoelvalledeaguascalientes.online\/index.php?rest_route=\/wp\/v2\/posts\/39992","targetHints":{"allow":["GET"]}}],"collection":[{"href":"https:\/\/informativoelvalledeaguascalientes.online\/index.php?rest_route=\/wp\/v2\/posts"}],"about":[{"href":"https:\/\/informativoelvalledeaguascalientes.online\/index.php?rest_route=\/wp\/v2\/types\/post"}],"author":[{"embeddable":true,"href":"https:\/\/informativoelvalledeaguascalientes.online\/index.php?rest_route=\/wp\/v2\/users\/1"}],"replies":[{"embeddable":true,"href":"https:\/\/informativoelvalledeaguascalientes.online\/index.php?rest_route=%2Fwp%2Fv2%2Fcomments&post=39992"}],"version-history":[{"count":1,"href":"https:\/\/informativoelvalledeaguascalientes.online\/index.php?rest_route=\/wp\/v2\/posts\/39992\/revisions"}],"predecessor-version":[{"id":39994,"href":"https:\/\/informativoelvalledeaguascalientes.online\/index.php?rest_route=\/wp\/v2\/posts\/39992\/revisions\/39994"}],"wp:featuredmedia":[{"embeddable":true,"href":"https:\/\/informativoelvalledeaguascalientes.online\/index.php?rest_route=\/wp\/v2\/media\/39993"}],"wp:attachment":[{"href":"https:\/\/informativoelvalledeaguascalientes.online\/index.php?rest_route=%2Fwp%2Fv2%2Fmedia&parent=39992"}],"wp:term":[{"taxonomy":"category","embeddable":true,"href":"https:\/\/informativoelvalledeaguascalientes.online\/index.php?rest_route=%2Fwp%2Fv2%2Fcategories&post=39992"},{"taxonomy":"post_tag","embeddable":true,"href":"https:\/\/informativoelvalledeaguascalientes.online\/index.php?rest_route=%2Fwp%2Fv2%2Ftags&post=39992"}],"curies":[{"name":"wp","href":"https:\/\/api.w.org\/{rel}","templated":true}]}}