{"id":39978,"date":"2023-02-01T10:05:01","date_gmt":"2023-02-01T16:05:01","guid":{"rendered":"https:\/\/informativoelvalledeaguascalientes.online\/?p=39978"},"modified":"2023-02-01T10:05:01","modified_gmt":"2023-02-01T16:05:01","slug":"tere-jimenez-consolida-primera-inversion-extranjera-de-50-millones-de-euros-para-aguascalientes-creara-mas-de-700-empleos","status":"publish","type":"post","link":"https:\/\/informativoelvalledeaguascalientes.online\/?p=39978","title":{"rendered":"TERE JIM\u00c9NEZ CONSOLIDA PRIMERA INVERSI\u00d3N EXTRANJERA DE 50 MILLONES DE EUROS PARA AGUASCALIENTES, CREAR\u00c1 M\u00c1S DE 700 EMPLEOS"},"content":{"rendered":"<div class=\"j7pOnl\" data-testid=\"linkElement\">\n<p><strong><a href=\"https:\/\/www.facebook.com\/hashtag\/informativoelvalledeaguascalientes\">#informativoelvalledeaguascalientes<\/a><\/strong><\/p>\n<p><strong><a href=\"https:\/\/www.facebook.com\/hashtag\/novaradioaguascalientes\">#novaradioaguascalientes<\/a><\/strong><\/p>\n<p><strong><a href=\"https:\/\/www.facebook.com\/GobiernodeAguascalientes\">#ElGiganteDeMexico<\/a><\/strong><\/p>\n<\/div>\n<div data-testid=\"linkElement\"><\/div>\n<div data-testid=\"linkElement\"><\/div>\n<div class=\"\" data-mesh-id=\"comp-l7sh9ubr2inlineContent\" data-testid=\"inline-content\">\n<div data-mesh-id=\"comp-l7sh9ubr2inlineContent-gridContainer\" data-testid=\"mesh-container-content\">\n<div id=\"comp-l7sh9ubx\" class=\"TWFxr5\">\n<div class=\"comp-l7sh9ubx\">\n<div class=\"s1IW4bz comp-l7sh9ubx\" data-hook=\"ricosviewer-wrapper\">\n<div class=\"kvdbP _1O7aH\" dir=\"ltr\" data-id=\"rich-content-viewer\">\n<div class=\"_1hN1O _3EPBy\">\n<ul class=\"public-DraftStyleDefault-ul\">\n<li id=\"viewer-foo\" class=\"_3Kjjs _78FBa public-DraftStyleDefault-unorderedListItem public-DraftStyleDefault-depth0 public-DraftStyleDefault-list-ltr fixed-tab-size public-DraftStyleDefault-reset _1FoOD _78FBa\">\n<p class=\"_1j-51 _1FoOD _78FBa undefined\"><strong><em>Como resultado de las gestiones que realiz\u00f3 en Alemania antes de asumir su cargo de gobernadora, se coloc\u00f3 hoy la primera piedra de la empresa Balluff<\/em><\/strong><\/p>\n<\/li>\n<li id=\"viewer-wtqaj420\" class=\"_3Kjjs _78FBa public-DraftStyleDefault-unorderedListItem public-DraftStyleDefault-depth0 public-DraftStyleDefault-list-ltr fixed-tab-size _1FoOD _78FBa\">\n<p class=\"_1j-51 _1FoOD _78FBa undefined\"><strong><em>Esta compa\u00f1\u00eda germana generar\u00e1 700 nuevos empleos en la producci\u00f3n de sensores para el sector automotor e industria 4.0<\/em><\/strong><\/p>\n<\/li>\n<li id=\"viewer-b4ah1423\" class=\"_3Kjjs _78FBa public-DraftStyleDefault-unorderedListItem public-DraftStyleDefault-depth0 public-DraftStyleDefault-list-ltr fixed-tab-size _1FoOD _78FBa\">\n<p class=\"_1j-51 _1FoOD _78FBa undefined\"><strong><em>Los ojos del mundo miran hacia Aguascalientes por su paz social, seguridad, educaci\u00f3n, mejora regulatoria y buen gobierno: Tere Jim\u00e9nez<\/em><\/strong><\/p>\n<\/li>\n<\/ul>\n<div id=\"viewer-95527425\" class=\"mm8Nw _1j-51 _1FoOD _78FBa public-DraftStyleDefault-block-depth0 fixed-tab-size public-DraftStyleDefault-text-ltr\"><span class=\"_2PHJq public-DraftStyleDefault-ltr\">\u00a0<\/span><\/div>\n<div id=\"viewer-mroug426\" class=\"mm8Nw _1j-51 _1FoOD _78FBa public-DraftStyleDefault-block-depth0 fixed-tab-size public-DraftStyleDefault-text-ltr\"><span class=\"_2PHJq public-DraftStyleDefault-ltr\">\u00a0<\/span><\/div>\n<p id=\"viewer-h3zkq427\" class=\"mm8Nw _1j-51 _1FoOD _78FBa public-DraftStyleDefault-block-depth0 fixed-tab-size public-DraftStyleDefault-text-ltr\"><span class=\"_2PHJq public-DraftStyleDefault-ltr\">Como resultado de la gira de promoci\u00f3n que realiz\u00f3 por Alemania antes de asumir su cargo como gobernadora del estado, Tere Jim\u00e9nez encabez\u00f3 la colocaci\u00f3n de la primera piedra de la empresa Balluff, que con una inversi\u00f3n de 50 millones de euros y la generaci\u00f3n de 700 empleos, en breve iniciar\u00e1 operaciones en Aguascalientes.<\/span><\/p>\n<div id=\"viewer-zavl9429\" class=\"mm8Nw _1j-51 _1FoOD _78FBa public-DraftStyleDefault-block-depth0 fixed-tab-size public-DraftStyleDefault-text-ltr\"><span class=\"_2PHJq public-DraftStyleDefault-ltr\">\u00a0<\/span><\/div>\n<p id=\"viewer-1ffl3430\" class=\"mm8Nw _1j-51 _1FoOD _78FBa public-DraftStyleDefault-block-depth0 fixed-tab-size public-DraftStyleDefault-text-ltr\"><span class=\"_2PHJq public-DraftStyleDefault-ltr\">\u201cSomos la puerta de M\u00e9xico hacia el mundo. Aqu\u00ed brindamos las mejores condiciones para crecer en un clima de prosperidad, productividad, estabilidad y competitividad. Los ojos del mundo miran hacia Aguascalientes por su paz social, seguridad, educaci\u00f3n, mejora regulatoria y buen gobierno\u201d, destac\u00f3 la gobernadora.<\/span><\/p>\n<div id=\"viewer-4w4oa432\" class=\"mm8Nw _1j-51 _1FoOD _78FBa public-DraftStyleDefault-block-depth0 fixed-tab-size public-DraftStyleDefault-text-ltr\"><span class=\"_2PHJq public-DraftStyleDefault-ltr\">\u00a0<\/span><\/div>\n<p id=\"viewer-i8704433\" class=\"mm8Nw _1j-51 _1FoOD _78FBa public-DraftStyleDefault-block-depth0 fixed-tab-size public-DraftStyleDefault-text-ltr\"><span class=\"_2PHJq public-DraftStyleDefault-ltr\">Dijo que actualmente 33 pa\u00edses de Europa, Am\u00e9rica y Asia conf\u00edan en Aguascalientes y en el talento de su gente, esto lo hace un estado con visi\u00f3n y presencia global; coment\u00f3 que son 32 empresas alemanas las que en este momento invierten en Aguascalientes, con la generaci\u00f3n de m\u00e1s de 6 mil empleos.<\/span><\/p>\n<div id=\"viewer-tpok2435\" class=\"mm8Nw _1j-51 _1FoOD _78FBa public-DraftStyleDefault-block-depth0 fixed-tab-size public-DraftStyleDefault-text-ltr\"><span class=\"_2PHJq public-DraftStyleDefault-ltr\">\u00a0<\/span><\/div>\n<p id=\"viewer-5zxrl436\" class=\"mm8Nw _1j-51 _1FoOD _78FBa public-DraftStyleDefault-block-depth0 fixed-tab-size public-DraftStyleDefault-text-ltr\"><span class=\"_2PHJq public-DraftStyleDefault-ltr\">\u201cBalluff representa un puente que acerca m\u00e1s a Alemania y Aguascalientes; con su llegada a esta entidad, la gente tendr\u00e1 acceso a m\u00e1s empleos y mejor pagados, adem\u00e1s de que representa una gran oportunidad para estudiantes, reci\u00e9n egresados y profesionistas altamente capacitados\u201d, sostuvo Tere Jim\u00e9nez.<\/span><\/p>\n<div id=\"viewer-b645q438\" class=\"mm8Nw _1j-51 _1FoOD _78FBa public-DraftStyleDefault-block-depth0 fixed-tab-size public-DraftStyleDefault-text-ltr\"><span class=\"_2PHJq public-DraftStyleDefault-ltr\">\u00a0<\/span><\/div>\n<p id=\"viewer-2x9c9439\" class=\"mm8Nw _1j-51 _1FoOD _78FBa public-DraftStyleDefault-block-depth0 fixed-tab-size public-DraftStyleDefault-text-ltr\"><span class=\"_2PHJq public-DraftStyleDefault-ltr\">Asimismo, hizo hincapi\u00e9 en que con la estrategia de seguridad \u201cBlindaje Aguascalientes\u201d, se garantiza la consolidaci\u00f3n de los proyectos productivos que se desarrollan en la entidad.<\/span><\/p>\n<div id=\"viewer-p80dv441\" class=\"mm8Nw _1j-51 _1FoOD _78FBa public-DraftStyleDefault-block-depth0 fixed-tab-size public-DraftStyleDefault-text-ltr\"><span class=\"_2PHJq public-DraftStyleDefault-ltr\">\u00a0<\/span><\/div>\n<p id=\"viewer-4i9sr442\" class=\"mm8Nw _1j-51 _1FoOD _78FBa public-DraftStyleDefault-block-depth0 fixed-tab-size public-DraftStyleDefault-text-ltr\"><span class=\"_2PHJq public-DraftStyleDefault-ltr\">Por su parte, Frank Nonnenmann, director general del Grupo Balluff, inform\u00f3 que esta empresa germana ser\u00e1 una f\u00e1brica inteligente dedicada a la producci\u00f3n de sensores, accesorios, sistemas de red y soluciones de identificaci\u00f3n (RFID) para el sector automotor e industria 4.0.<\/span><\/p>\n<div id=\"viewer-8ge1h444\" class=\"mm8Nw _1j-51 _1FoOD _78FBa public-DraftStyleDefault-block-depth0 fixed-tab-size public-DraftStyleDefault-text-ltr\"><span class=\"_2PHJq public-DraftStyleDefault-ltr\">\u00a0<\/span><\/div>\n<p id=\"viewer-fe6w2445\" class=\"mm8Nw _1j-51 _1FoOD _78FBa public-DraftStyleDefault-block-depth0 fixed-tab-size public-DraftStyleDefault-text-ltr\"><span class=\"_2PHJq public-DraftStyleDefault-ltr\">\u201cSin el apoyo del gobierno y todo lo que han hecho por nosotros, no hubi\u00e9ramos venido a Aguascalientes; hoy estamos aqu\u00ed y venimos a quedarnos porque hemos encontrado aqu\u00ed el lugar perfecto para instalarnos y ser exitosos, porque la gente es la que nos hace exitosos y la gente de Aguascalientes puede hacer equipo con nosotros\u201d, subray\u00f3.<\/span><\/p>\n<div id=\"viewer-dy5j3447\" class=\"mm8Nw _1j-51 _1FoOD _78FBa public-DraftStyleDefault-block-depth0 fixed-tab-size public-DraftStyleDefault-text-ltr\"><span class=\"_2PHJq public-DraftStyleDefault-ltr\">\u00a0<\/span><\/div>\n<p id=\"viewer-l72yb448\" class=\"mm8Nw _1j-51 _1FoOD _78FBa public-DraftStyleDefault-block-depth0 fixed-tab-size public-DraftStyleDefault-text-ltr\"><span class=\"_2PHJq public-DraftStyleDefault-ltr\">Coment\u00f3 que la planta que hoy inicia su construcci\u00f3n y cuyo arranque de operaciones se prev\u00e9 para agosto de este a\u00f1o, tendr\u00e1 una superficie de 15 mil metros cuadrados y se ubicar\u00e1 en el Santa Fe Tecnopark en el municipio de Jes\u00fas Mar\u00eda.<\/span><\/p>\n<div id=\"viewer-vl6sx450\" class=\"mm8Nw _1j-51 _1FoOD _78FBa public-DraftStyleDefault-block-depth0 fixed-tab-size public-DraftStyleDefault-text-ltr\"><span class=\"_2PHJq public-DraftStyleDefault-ltr\">\u00a0<\/span><\/div>\n<p id=\"viewer-0pktc451\" class=\"mm8Nw _1j-51 _1FoOD _78FBa public-DraftStyleDefault-block-depth0 fixed-tab-size public-DraftStyleDefault-text-ltr\"><span class=\"_2PHJq public-DraftStyleDefault-ltr\">En su intervenci\u00f3n, el titular de la Secretar\u00eda de Desarrollo Econ\u00f3mico, Ciencia y Tecnolog\u00eda (Sedecyt), Manuel Alejandro Gonz\u00e1lez Mart\u00ednez, indic\u00f3 que la llegada de Balluff a Aguascalientes es una muestra de la confianza que los inversionistas mantienen en la entidad y contribuye a la diversificaci\u00f3n de los sectores econ\u00f3micos en el estado.<\/span><\/p>\n<div id=\"viewer-nslk8453\" class=\"mm8Nw _1j-51 _1FoOD _78FBa public-DraftStyleDefault-block-depth0 fixed-tab-size public-DraftStyleDefault-text-ltr\"><span class=\"_2PHJq public-DraftStyleDefault-ltr\">\u00a0<\/span><\/div>\n<p id=\"viewer-4x7ik454\" class=\"mm8Nw _1j-51 _1FoOD _78FBa public-DraftStyleDefault-block-depth0 fixed-tab-size public-DraftStyleDefault-text-ltr\"><span class=\"_2PHJq public-DraftStyleDefault-ltr\">Durante el evento tambi\u00e9n estuvieron presentes el alcalde de Jes\u00fas Mar\u00eda, Jos\u00e9 Antonio Ar\u00e1mbula L\u00f3pez; el director general del Grupo PEASA, Ram\u00f3n Horacio Barba Orozco; la diputada local Alma Hilda Medina Mac\u00edas; y Pedro Hugo Garc\u00eda Gonz\u00e1lez, presidente del Cl\u00faster Industrial de Aguascalientes.<\/span><\/p>\n<\/div>\n<\/div>\n<\/div>\n<\/div>\n<\/div>\n<\/div>\n<\/div>\n<p>&nbsp;<\/p>\n","protected":false},"excerpt":{"rendered":"<p>#informativoelvalledeaguascalientes #novaradioaguascalientes #ElGiganteDeMexico Como resultado de las gestiones que realiz\u00f3 en Alemania antes de asumir su cargo de gobernadora, se coloc\u00f3 hoy la primera piedra de la empresa Balluff Esta compa\u00f1\u00eda germana generar\u00e1 700 nuevos empleos en la producci\u00f3n de sensores para el sector automotor e industria 4.0 Los ojos del mundo miran hacia Aguascalientes [&hellip;]<\/p>\n","protected":false},"author":1,"featured_media":39980,"comment_status":"closed","ping_status":"open","sticky":false,"template":"","format":"standard","meta":{"advanced_seo_description":"","jetpack_seo_html_title":"","jetpack_seo_noindex":false,"_jetpack_memberships_contains_paid_content":false,"footnotes":"","jetpack_publicize_message":"","jetpack_publicize_feature_enabled":true,"jetpack_social_post_already_shared":true,"jetpack_social_options":{"image_generator_settings":{"template":"highway","default_image_id":0,"font":"","enabled":false},"version":2}},"categories":[21,4],"tags":[22,161],"class_list":["post-39978","post","type-post","status-publish","format-standard","has-post-thumbnail","hentry","category-aguascalientes","category-gobierno-del-estado-aguascalientes","tag-aguascalientes","tag-gobierno-del-estado-aguascalientes"],"jetpack_publicize_connections":[],"jetpack_featured_media_url":"https:\/\/i0.wp.com\/informativoelvalledeaguascalientes.online\/wp-content\/uploads\/2023\/02\/gob-edo-tj-inversiones.jpg?fit=1024%2C683&ssl=1","jetpack-related-posts":[],"jetpack_sharing_enabled":true,"jetpack_likes_enabled":true,"_links":{"self":[{"href":"https:\/\/informativoelvalledeaguascalientes.online\/index.php?rest_route=\/wp\/v2\/posts\/39978","targetHints":{"allow":["GET"]}}],"collection":[{"href":"https:\/\/informativoelvalledeaguascalientes.online\/index.php?rest_route=\/wp\/v2\/posts"}],"about":[{"href":"https:\/\/informativoelvalledeaguascalientes.online\/index.php?rest_route=\/wp\/v2\/types\/post"}],"author":[{"embeddable":true,"href":"https:\/\/informativoelvalledeaguascalientes.online\/index.php?rest_route=\/wp\/v2\/users\/1"}],"replies":[{"embeddable":true,"href":"https:\/\/informativoelvalledeaguascalientes.online\/index.php?rest_route=%2Fwp%2Fv2%2Fcomments&post=39978"}],"version-history":[{"count":1,"href":"https:\/\/informativoelvalledeaguascalientes.online\/index.php?rest_route=\/wp\/v2\/posts\/39978\/revisions"}],"predecessor-version":[{"id":39981,"href":"https:\/\/informativoelvalledeaguascalientes.online\/index.php?rest_route=\/wp\/v2\/posts\/39978\/revisions\/39981"}],"wp:featuredmedia":[{"embeddable":true,"href":"https:\/\/informativoelvalledeaguascalientes.online\/index.php?rest_route=\/wp\/v2\/media\/39980"}],"wp:attachment":[{"href":"https:\/\/informativoelvalledeaguascalientes.online\/index.php?rest_route=%2Fwp%2Fv2%2Fmedia&parent=39978"}],"wp:term":[{"taxonomy":"category","embeddable":true,"href":"https:\/\/informativoelvalledeaguascalientes.online\/index.php?rest_route=%2Fwp%2Fv2%2Fcategories&post=39978"},{"taxonomy":"post_tag","embeddable":true,"href":"https:\/\/informativoelvalledeaguascalientes.online\/index.php?rest_route=%2Fwp%2Fv2%2Ftags&post=39978"}],"curies":[{"name":"wp","href":"https:\/\/api.w.org\/{rel}","templated":true}]}}